{"id":37068,"date":"2026-07-22T07:19:00","date_gmt":"2026-07-22T05:19:00","guid":{"rendered":"https:\/\/euapp01.newsmemory.com\/lamarseillaise\/news\/?p=37068"},"modified":"2026-07-28T09:08:34","modified_gmt":"2026-07-28T07:08:34","slug":"le-calendrier-de-la-demolition-de-la-residence-lalicante-a-manosque","status":"publish","type":"post","link":"https:\/\/euapp01.newsmemory.com\/lamarseillaise\/news\/2026\/07\/22\/le-calendrier-de-la-demolition-de-la-residence-lalicante-a-manosque\/","title":{"rendered":"Le calendrier de la d\u00e9molition de la r\u00e9sidence L\u2019Alicante \u00e0 Manosque"},"content":{"rendered":"<div class=\"paragraph\">\n<p>La base de vie du chantier de d\u00e9molition de la r\u00e9sidence L\u2019Alicante sera install\u00e9e lundi et le d\u00e9samiantage commencera le 10\u00a0ao\u00fbt, a annonc\u00e9, lundi, la communaut\u00e9 d\u2019agglom\u00e9ration DLVA, en charge du chantier. Cet immeuble vieillissant, abritant 68\u00a0logements sociaux dont les occupants ont \u00e9t\u00e9 relog\u00e9s, doit \u00eatre d\u00e9truit pour laisser place \u00e0 la Maison des solidarit\u00e9s du d\u00e9partement, regroupant le centre m\u00e9dico-social et le CCAS, ainsi qu\u2019\u00e0 un h\u00f4tel d\u2019entreprises, dans le cadre du projet de renouvellement urbain du c\u0153ur de ville de Manosque.<\/p>\n<p>La premi\u00e8re phase de d\u00e9molition du b\u00e2timent doit commencer le 7\u00a0septembre, puis le chantier doit \u00eatre arr\u00eat\u00e9 au niveau des fondations le 15\u00a0octobre, a annonc\u00e9 la DLVA lundi. Une phase \u00ab\u00a0<i>d\u2019arch\u00e9ologie pr\u00e9ventive<\/i><i>\u00a0<\/i>\u00bb doit ensuite avoir lieu du 19 au 30\u00a0octobre, \u00ab\u00a0<i>sous r\u00e9serve de validation d\u00e9finitive de la convention<\/i><i>\u00a0<\/i>\u00bb.<\/p>\n<p>La reprise ult\u00e9rieure des travaux (d\u00e9molition des fondations, de la cage et des deux garages) \u00ab\u00a0<i>reste soumise au calendrier de la proc\u00e9dure juridique<\/i><i>\u00a0<\/i>\u00bb de d\u00e9claration d\u2019utilit\u00e9 publique carence en cours, pr\u00e9cise la DLVA. Ce chantier \u00ab\u00a0<i>d\u2019envergure<\/i><i>\u00a0<\/i>\u00bb est port\u00e9 par l\u2019entreprise 4D et supervis\u00e9 par la ma\u00eetrise d\u2019\u0153uvre Harfang.<\/p>\n<p>Le choix du concessionnaire qui aura le projet sera fait d\u00e9but octobre et une r\u00e9union publique sera organis\u00e9e courant novembre pour pr\u00e9senter concr\u00e8tement le projet, indique la mairie de Manosque. La livraison finale est pr\u00e9vue en 2030.<\/p>\n<p>Une annexe de la m\u00e9diath\u00e8que et une Maison France Services sont \u00e9galement pr\u00e9vues pour remplacer la r\u00e9sidence L\u2019Alicante.<\/p>\n<\/p><\/div>\n<div class=\"intext\"> Un quartier pr\u00e9caire\n              <\/div>\n<div class=\"paragraph\">\n<p>Le quartier prioritaire des Plantiers est particuli\u00e8rement pr\u00e9caire et est compos\u00e9 \u00e0 30% de demandeurs d\u2019emploi. Les logements sociaux repr\u00e9sentent 45% du quartier.<\/p>\n<p>La Ville de Manosque b\u00e9n\u00e9ficie du dispositif de l\u2019Anru (Agence nationale pour la r\u00e9novation urbaine) pour le renouvellement urbain de ce quartier. Le co\u00fbt de ce projet est estim\u00e9 \u00e0 environ 50\u00a0millions d\u2019euros. Il doit \u00eatre financ\u00e9 \u00e0 30% par la DLVA, \u00e0 18% par le D\u00e9partement, \u00e0 12% par la Ville de Manosque, \u00e0 5% par le Fonds Vert et \u00e0 1% par l\u2019Anru et par la R\u00e9gion.<\/p>\n<p>Le ministre de la Ville et du Logement, Vincent Jeanbrun, s\u2019\u00e9tait rendu dans ce quartier de Manosque au d\u00e9but du mois pour \u00ab\u00a0<i>mettre en lumi\u00e8re<\/i><i>\u00a0<\/i>\u00bb ce projet de renouvellement urbain et \u00ab\u00a0<i>les actions conduites en faveur des quartiers prioritaires<\/i><i>\u00a0<\/i>\u00bb.<\/p>\n<\/p><\/div>\n","protected":false},"excerpt":{"rendered":"La base de vie du chantier de d&eacute;molition de la r&eacute;sidence L&rsquo;Alicante sera install&eacute;e lundi et le d&eacute;samiantage commencera le 10&nbsp;ao&ucirc;t, a annonc&eacute;, lundi, la communaut&eacute; &#8230;","protected":false},"author":1,"featured_media":37069,"comment_status":"open","ping_status":"open","sticky":false,"template":"","format":"standard","meta":{"footnotes":""},"categories":[3926,3925,20],"tags":[4768,4467,728,1619,596,52,1526,269,194,51,166],"news-destination":[3944],"news-source":[475],"is_homepage":[],"ta_other":[],"class_list":["post-37068","post","type-post","status-publish","format-standard","has-post-thumbnail","hentry","category-accueil-merge","category-accueil-third","category-societe","tag-alpes","tag-alpes-de-haute-provence","tag-anru","tag-chantier","tag-logement","tag-logement-social","tag-quartier-prioritaire","tag-quartiers-prioritaires","tag-social","tag-societe","tag-travaux","news-destination-homepage","news-source-website"],"_links":{"self":[{"href":"https:\/\/euapp01.newsmemory.com\/lamarseillaise\/news\/wp-json\/wp\/v2\/posts\/37068","targetHints":{"allow":["GET"]}}],"collection":[{"href":"https:\/\/euapp01.newsmemory.com\/lamarseillaise\/news\/wp-json\/wp\/v2\/posts"}],"about":[{"href":"https:\/\/euapp01.newsmemory.com\/lamarseillaise\/news\/wp-json\/wp\/v2\/types\/post"}],"author":[{"embeddable":true,"href":"https:\/\/euapp01.newsmemory.com\/lamarseillaise\/news\/wp-json\/wp\/v2\/users\/1"}],"replies":[{"embeddable":true,"href":"https:\/\/euapp01.newsmemory.com\/lamarseillaise\/news\/wp-json\/wp\/v2\/comments?post=37068"}],"version-history":[{"count":1,"href":"https:\/\/euapp01.newsmemory.com\/lamarseillaise\/news\/wp-json\/wp\/v2\/posts\/37068\/revisions"}],"predecessor-version":[{"id":37070,"href":"https:\/\/euapp01.newsmemory.com\/lamarseillaise\/news\/wp-json\/wp\/v2\/posts\/37068\/revisions\/37070"}],"wp:featuredmedia":[{"embeddable":true,"href":"https:\/\/euapp01.newsmemory.com\/lamarseillaise\/news\/wp-json\/wp\/v2\/media\/37069"}],"wp:attachment":[{"href":"https:\/\/euapp01.newsmemory.com\/lamarseillaise\/news\/wp-json\/wp\/v2\/media?parent=37068"}],"wp:term":[{"taxonomy":"category","embeddable":true,"href":"https:\/\/euapp01.newsmemory.com\/lamarseillaise\/news\/wp-json\/wp\/v2\/categories?post=37068"},{"taxonomy":"post_tag","embeddable":true,"href":"https:\/\/euapp01.newsmemory.com\/lamarseillaise\/news\/wp-json\/wp\/v2\/tags?post=37068"},{"taxonomy":"news-destination","embeddable":true,"href":"https:\/\/euapp01.newsmemory.com\/lamarseillaise\/news\/wp-json\/wp\/v2\/news-destination?post=37068"},{"taxonomy":"news-source","embeddable":true,"href":"https:\/\/euapp01.newsmemory.com\/lamarseillaise\/news\/wp-json\/wp\/v2\/news-source?post=37068"},{"taxonomy":"is_homepage","embeddable":true,"href":"https:\/\/euapp01.newsmemory.com\/lamarseillaise\/news\/wp-json\/wp\/v2\/is_homepage?post=37068"},{"taxonomy":"ta_other","embeddable":true,"href":"https:\/\/euapp01.newsmemory.com\/lamarseillaise\/news\/wp-json\/wp\/v2\/ta_other?post=37068"}],"curies":[{"name":"wp","href":"https:\/\/api.w.org\/{rel}","templated":true}]}}