{"id":37065,"date":"2026-07-22T07:15:00","date_gmt":"2026-07-22T05:15:00","guid":{"rendered":"https:\/\/euapp01.newsmemory.com\/lamarseillaise\/news\/?p=37065"},"modified":"2026-07-28T09:08:21","modified_gmt":"2026-07-28T07:08:21","slug":"les-syndicats-se-preparent-a-la-concertation-a-lhopital-de-martigues","status":"publish","type":"post","link":"https:\/\/euapp01.newsmemory.com\/lamarseillaise\/news\/2026\/07\/22\/les-syndicats-se-preparent-a-la-concertation-a-lhopital-de-martigues\/","title":{"rendered":"Les syndicats se pr\u00e9parent \u00e0 la concertation \u00e0 l\u2019h\u00f4pital de Martigues"},"content":{"rendered":"<div class=\"paragraph\">\n<p>C\u2019est un petit soulagement. Apr\u00e8s l\u2019action de jeudi dernier, les agents de l\u2019h\u00f4pital de Martigues ont obtenu deux engagements de la part de la direction\u00a0: \u00ab\u00a0<i>L\u2019assurance que les mesures ne seront pas mises en place d\u00e8s maintenant et qu\u2019il y aura un dialogue social<\/i>\u00a0\u00bb, d\u00e9taille Laure Privat, d\u00e9l\u00e9gu\u00e9e syndicale CGT.<\/p>\n<p>Plusieurs sujets cristallisent les inqui\u00e9tudes\u00a0: la r\u00e9vision envisag\u00e9e du temps de pause m\u00e9ridienne, du mode de r\u00e9mun\u00e9ration des astreintes, des heures suppl\u00e9mentaires des agents \u00e0 temps partiel, ainsi que du dispositif de garde des infirmiers anesth\u00e9sistes.<\/p>\n<p>Ces dispositifs, \u00ab<i>\u00a0<\/i><i>en vigueur au sein du centre hospitalier depuis la fin des ann\u00e9es 1990 et le d\u00e9but des ann\u00e9es 2000<\/i>\u00a0\u00bb, ne sont pas conformes \u00e0 la r\u00e9glementation selon \u00ab\u00a0<i>les travaux engag\u00e9s \u00e0 la suite des observations de la Chambre r\u00e9gionale des comptes en 2025 et des analyses conduites avec l\u2019Agence nationale d\u2019appui \u00e0 la performance en 2026<\/i>\u00a0\u00bb, affirme le directeur de l\u2019\u00e9tablissement, Lo\u00efc Mondoloni. \u00ab\u00a0<i>Si certaines recommandations <\/i>(&#8230;)<i> ont des cons\u00e9quences financi\u00e8res, ce n\u2019est pas ce qui conduit \u00e0 l\u2019engagement de la d\u00e9marche<\/i><i>\u00a0<\/i>\u00bb, assure-t-il.<\/p>\n<p>Un discours auquel la CGT ne croit pas. Le syndicat y voit une recherche \u00ab\u00a0<i>d\u2019\u00e9conomies<\/i>\u00a0\u00bb et dit travailler de concert avec la CFDT, une avocate et un cabinet d\u2019expertise \u00ab\u00a0<i>sur de possibles d\u00e9rogations<\/i>\u00a0\u00bb pour pouvoir maintenir ses conquis sociaux.<\/p>\n<\/p><\/div>\n<div class=\"intext\"> Une injonction de retour \u00e0\u00a0la l\u00e9galit\u00e9\n              <\/div>\n<div class=\"paragraph\">\n<p>Au bloc op\u00e9ratoire, une gr\u00e8ve est toujours en cours, selon le syndicat. Jeudi dernier, Manon, qui y est infirmi\u00e8re, t\u00e9moignait\u00a0: \u00ab\u00a0<i>On tourne avec deux trois int\u00e9rimaires par jour, personne ne veut venir chez nous parce qu\u2019on perd en qualit\u00e9 au niveau de nos conditions de travail. On n\u2019est pas assez attractifs et aujourd\u2019hui, on veut nous retirer en plus un acquis au niveau des astreintes.<\/i><i>\u00a0<\/i>\u00bb<\/p>\n<p>Alice, infirmi\u00e8re anesth\u00e9siste, s\u2019inqui\u00e9tait quant \u00e0 elle d\u2019une mise en place d\u2019une ligne en 12h \u00e0 la place des gardes de 24h. \u00ab<i>\u00a0<\/i><i>Le personnel n\u2019y est pas et \u00e7a va nous enlever \u00e9norm\u00e9ment de jours de repos de compensation. Sans compter que les patients pourraient p\u00e2tir du manque d\u2019effectifs et de la fatigue qui va s\u2019accumuler.<\/i>\u00a0\u00bb<\/p>\n<p>Laure Privat ass\u00e8ne\u00a0: \u00ab\u00a0<i>Notre mot d\u2019ordre, c\u2019est de ne pas c\u00e9der de terrain. Aucune r\u00e9gression de nos droits<\/i>.\u00a0\u00bb Si \u00ab<i>\u00a0<\/i><i>aucune modification de cycle ou d\u2019organisation ne serait mise en \u0153uvre avant l\u2019aboutissement des concertations<\/i>\u00a0\u00bb, la direction pr\u00e9vient\u00a0: celles-ci devront \u00ab\u00a0<i>aboutir, dans la mesure o\u00f9 nous avons une d\u00e9cision de justice qui l\u2019exige<\/i>\u00a0\u00bb. L\u2019\u00e9tablissement a re\u00e7u, en octobre\u00a02025, une injonction de retour \u00e0 la l\u00e9galit\u00e9 du procureur g\u00e9n\u00e9ral aupr\u00e8s de la Cour des comptes concernant la pause m\u00e9ridienne.<\/p>\n<p>Sur ce point, l\u2019\u00e9tablissement souhaite prendre en compte \u00ab\u00a0<i>les exceptions li\u00e9es aux situations o\u00f9 les agents demeurent mobilisables pendant leur pause, ainsi que le traitement de certaines organisations sp\u00e9cifiques<\/i><i>\u00a0<\/i>\u00bb. Les syndicats craignent des cons\u00e9quences pour certaines cat\u00e9gories, \u00e0 l\u2019instar des administratifs. \u00ab\u00a0<i>Il va falloir qu\u2019on trouve des failles<\/i><i>\u00a0<\/i>\u00bb, glisse Laure Privat.<\/p>\n<\/p><\/div>\n","protected":false},"excerpt":{"rendered":"C&rsquo;est un petit soulagement. Apr&egrave;s l&rsquo;action de jeudi dernier, les agents de l&rsquo;h&ocirc;pital de Martigues ont obtenu deux engagements de la part de la direction&nbsp;: &laquo;&nbsp;L&rsquo;assurance que les mesures ne seront &#8230;","protected":false},"author":1,"featured_media":37066,"comment_status":"open","ping_status":"open","sticky":false,"template":"","format":"standard","meta":{"footnotes":""},"categories":[3926,3925,331],"tags":[10,1086,237,113,591,195,1501,1529,63,1530,364],"news-destination":[3944],"news-source":[475],"is_homepage":[],"ta_other":[],"class_list":["post-37065","post","type-post","status-publish","format-standard","has-post-thumbnail","hentry","category-accueil-merge","category-accueil-third","category-social","tag-bouches-du-rhone","tag-centre-hospitalier","tag-cfdt","tag-cgt","tag-chambre-regionale-des-comptes","tag-conditions-de-travail","tag-hopital","tag-infirmiers","tag-martigues","tag-soignants","tag-syndicats","news-destination-homepage","news-source-website"],"_links":{"self":[{"href":"https:\/\/euapp01.newsmemory.com\/lamarseillaise\/news\/wp-json\/wp\/v2\/posts\/37065","targetHints":{"allow":["GET"]}}],"collection":[{"href":"https:\/\/euapp01.newsmemory.com\/lamarseillaise\/news\/wp-json\/wp\/v2\/posts"}],"about":[{"href":"https:\/\/euapp01.newsmemory.com\/lamarseillaise\/news\/wp-json\/wp\/v2\/types\/post"}],"author":[{"embeddable":true,"href":"https:\/\/euapp01.newsmemory.com\/lamarseillaise\/news\/wp-json\/wp\/v2\/users\/1"}],"replies":[{"embeddable":true,"href":"https:\/\/euapp01.newsmemory.com\/lamarseillaise\/news\/wp-json\/wp\/v2\/comments?post=37065"}],"version-history":[{"count":1,"href":"https:\/\/euapp01.newsmemory.com\/lamarseillaise\/news\/wp-json\/wp\/v2\/posts\/37065\/revisions"}],"predecessor-version":[{"id":37067,"href":"https:\/\/euapp01.newsmemory.com\/lamarseillaise\/news\/wp-json\/wp\/v2\/posts\/37065\/revisions\/37067"}],"wp:featuredmedia":[{"embeddable":true,"href":"https:\/\/euapp01.newsmemory.com\/lamarseillaise\/news\/wp-json\/wp\/v2\/media\/37066"}],"wp:attachment":[{"href":"https:\/\/euapp01.newsmemory.com\/lamarseillaise\/news\/wp-json\/wp\/v2\/media?parent=37065"}],"wp:term":[{"taxonomy":"category","embeddable":true,"href":"https:\/\/euapp01.newsmemory.com\/lamarseillaise\/news\/wp-json\/wp\/v2\/categories?post=37065"},{"taxonomy":"post_tag","embeddable":true,"href":"https:\/\/euapp01.newsmemory.com\/lamarseillaise\/news\/wp-json\/wp\/v2\/tags?post=37065"},{"taxonomy":"news-destination","embeddable":true,"href":"https:\/\/euapp01.newsmemory.com\/lamarseillaise\/news\/wp-json\/wp\/v2\/news-destination?post=37065"},{"taxonomy":"news-source","embeddable":true,"href":"https:\/\/euapp01.newsmemory.com\/lamarseillaise\/news\/wp-json\/wp\/v2\/news-source?post=37065"},{"taxonomy":"is_homepage","embeddable":true,"href":"https:\/\/euapp01.newsmemory.com\/lamarseillaise\/news\/wp-json\/wp\/v2\/is_homepage?post=37065"},{"taxonomy":"ta_other","embeddable":true,"href":"https:\/\/euapp01.newsmemory.com\/lamarseillaise\/news\/wp-json\/wp\/v2\/ta_other?post=37065"}],"curies":[{"name":"wp","href":"https:\/\/api.w.org\/{rel}","templated":true}]}}