{"id":37062,"date":"2026-07-22T07:00:00","date_gmt":"2026-07-22T05:00:00","guid":{"rendered":"https:\/\/euapp01.newsmemory.com\/lamarseillaise\/news\/?p=37062"},"modified":"2026-07-28T09:08:34","modified_gmt":"2026-07-28T07:08:34","slug":"lois-grasshoff-un-minot-marseillais-devenu-grand","status":"publish","type":"post","link":"https:\/\/euapp01.newsmemory.com\/lamarseillaise\/news\/2026\/07\/22\/lois-grasshoff-un-minot-marseillais-devenu-grand\/","title":{"rendered":"Lo\u00efs Grasshoff, un minot marseillais devenu grand"},"content":{"rendered":"<div class=\"paragraph\">\n<p>Dans la famille Grasshoff, on demande l\u2019a\u00een\u00e9. \u00c0 21\u00a0ans, Lo\u00efs confirme, saison apr\u00e8s saison, les promesses entrevues depuis ses d\u00e9buts au Smuc Basket. Form\u00e9 d\u00e8s l\u2019\u00e2ge de 6\u00a0ans au sein du club phare de la cit\u00e9 phoc\u00e9enne, l\u2019arri\u00e8re proven\u00e7al s\u2019est rapidement fait remarquer par Le\u00a0Mans, l\u2019une des r\u00e9f\u00e9rences du basket fran\u00e7ais, o\u00f9 \u00e9volue \u00e9galement son petit fr\u00e8re Bastien, de trois ans son cadet.<\/p>\n<p>Pr\u00eat\u00e9 la saison derni\u00e8re \u00e0 Aix-Maurienne, le Marseillais y a v\u00e9cu une exp\u00e9rience \u00ab<i>\u00a0<\/i><i>enrichissante<\/i><i>\u00a0<\/i>\u00bb, marqu\u00e9e par la confiance accord\u00e9e par son entra\u00eeneur, Julien Cros. Malgr\u00e9 une blessure \u00e0 l\u2019ischio survenue en mars, qui l\u2019a priv\u00e9 de la fin de saison, Lo\u00efs Grasshoff poursuit sa progression. Il d\u00e9couvrira, lors du prochain exercice, un nouveau d\u00e9fi sous les couleurs de l\u2019ADA Blois, toujours en \u00c9lite 2 (Pro B), o\u00f9 il est pr\u00eat\u00e9 pour poursuivre son d\u00e9veloppement. \u00ab\u00a0<i>C\u2019est un club qui m\u2019int\u00e9ressait<\/i><i>\u00a0<\/i>\u00bb, confie-t-il.<\/p>\n<p>Un choix m\u00fbrement r\u00e9fl\u00e9chi, alors que plusieurs formations fran\u00e7aises s\u2019\u00e9taient positionn\u00e9es, tout comme certaines universit\u00e9s am\u00e9ricaines \u00e9voluant en NCAA.<i> <\/i>\u00ab<i>\u00a0<\/i><i>Ce n\u2019est pas forc\u00e9ment quelque chose qui me faisait vraiment triper, je n\u2019ai jamais eu le r\u00eave am\u00e9ricain<\/i><i>\u00a0<\/i>\u00bb, r\u00e9v\u00e8le le laur\u00e9at de la Coupe du Monde U18 de basket 3&#215;3 avec l\u2019\u00e9quipe de France, en 2022.<\/p>\n<p>Chez les Abeilles, un club qui a \u00e9volu\u00e9 en Betclic \u00c9lite entre 2022 et 2024, Lo\u00efs Grasshoff retrouvera son ancien co\u00e9quipier d\u2019Aix-Maurienne, Lucas Demahis-Ballou, avec qui il dit partager une \u00ab<i>\u00a0<\/i><i>alchimie rare<\/i><i>\u00a0<\/i>\u00bb.<\/p>\n<p>Sous les ordres de David Morabito, le Marseillais esp\u00e8re s\u2019inscrire dans la continuit\u00e9 de son passage en Savoie, o\u00f9 il b\u00e9n\u00e9ficiait d\u2019un r\u00f4le important avec pr\u00e8s de 20\u00a0minutes de jeu par rencontre, un temps de jeu cons\u00e9quent pour un jeune basketteur de son \u00e2ge \u00e9voluant \u00e0 ce niveau. Pour autant, il garde les pieds sur terre\u00a0: \u00ab<i>\u00a0<\/i><i>Quoi qu\u2019il arrive, je dois gagner ma place sur le terrain<\/i><i>\u00a0<\/i>\u00bb, glisse l\u2019ancien smuciste, conscient qu\u2019il doit poss\u00e9der<i> <\/i>\u00ab<i>\u00a0<\/i><i>un shoot plus fiable<\/i><i>\u00a0<\/i>\u00bb, progresser sur \u00ab\u00a0<i>la lecture du jeu<\/i><i>\u00a0<\/i>\u00bb, apprendre \u00e0 \u00ab<i>\u00a0<\/i><i>casser le rythme<\/i><i>\u00a0<\/i>\u00bb<i> <\/i>et avoir \u00ab<i>\u00a0<\/i><i>plus d\u2019aisance avec la balle<\/i><i>\u00a0<\/i>\u00bb.<\/p>\n<\/p><\/div>\n<div class=\"intext\"> Un retour \u00e0 Marseille\u00a0?\n              <\/div>\n<div class=\"paragraph\">\n<p>Marseillais de c\u0153ur, Lo\u00efs Grasshoff profite de chacun de ses retours dans la cit\u00e9 phoc\u00e9enne pour retrouver sa famille et ses proches. Malgr\u00e9 la distance, il suit \u00e9galement avec attention le d\u00e9veloppement de Marseille Basketball, le projet port\u00e9 par Charles Assailly et Alexandre Fassy.<i> <\/i>\u00ab<i>\u00a0<\/i><i>Je leur souhaite le meilleur, car notre ville a besoin d\u2019un grand club de basket<\/i><i>\u00a0<\/i>\u00bb, confie celui qui, comme de nombreux jeunes talents marseillais, a d\u00fb quitter tr\u00e8s t\u00f4t sa ville pour poursuivre son r\u00eave de devenir professionnel.<\/p>\n<p>Si le projet atteint son objectif, rejoindre la Betclic \u00c9lite d\u2019ici \u00e0 2031, le jeune Grasshoff n\u2019aura alors que 26\u00a0ans. Un \u00e2ge qui pourrait, pourquoi pas, lui offrir l\u2019occasion de d\u00e9fendre un jour les couleurs de sa ville natale. L\u2019histoire reste \u00e0 \u00e9crire.<\/p>\n<\/p><\/div>\n<div class=\"paragraph\">\n<p><b>Les premi\u00e8res pierres du projet Marseille Basketball<\/b><\/p>\n<p>\u00c0 l\u2019aube de sa premi\u00e8re saison sous l\u2019identit\u00e9 \u00ab Marseille Basketball \u00bb, le club phoc\u00e9en, engag\u00e9 en Nationale 2, a d\u00e9j\u00e0 pos\u00e9 les premi\u00e8res pierres de son projet sportif. Ces derni\u00e8res semaines, quatre recrues ont ainsi \u00e9t\u00e9 officialis\u00e9es : le jeune int\u00e9rieur Tidjiane Mammone (21 ans), l\u2019ancien ailier de Betclic \u00c9lite Jordan Aboudou (35 ans), l\u2019arri\u00e8re K\u00e9vin Minar (22 ans), r\u00e9cemment pass\u00e9 par Fos Provence Basket, ainsi que le meneur international malgache Kiady Razanamahenina (29 ans). Dirig\u00e9e par Miroslav Dobrican, entra\u00eeneur serbe r\u00e9put\u00e9 pour son exigence et sa rigueur tactique, la formation marseillaise dispose d\u2019arguments solides pour viser les premi\u00e8res places de Nationale 2 et d\u00e9crocher la mont\u00e9e en N1.<\/p>\n<\/p><\/div>\n","protected":false},"excerpt":{"rendered":"Dans la famille Grasshoff, on demande l&rsquo;a&icirc;n&eacute;. &Agrave; 21&nbsp;ans, Lo&iuml;s confirme, saison apr&egrave;s saison, les promesses entrevues depuis ses d&eacute;buts au Smuc Basket. Form&eacute; d&egrave;s l&rsquo;&acirc;ge de &#8230;","protected":false},"author":1,"featured_media":37063,"comment_status":"open","ping_status":"open","sticky":false,"template":"","format":"standard","meta":{"footnotes":""},"categories":[3926,3925,7],"tags":[2987,10,572,15,16,335],"news-destination":[3944],"news-source":[475],"is_homepage":[],"ta_other":[],"class_list":["post-37062","post","type-post","status-publish","format-standard","has-post-thumbnail","hentry","category-accueil-merge","category-accueil-third","category-sports","tag-basket-ball","tag-bouches-du-rhone","tag-france","tag-joueur","tag-marseille","tag-portrait","news-destination-homepage","news-source-website"],"_links":{"self":[{"href":"https:\/\/euapp01.newsmemory.com\/lamarseillaise\/news\/wp-json\/wp\/v2\/posts\/37062","targetHints":{"allow":["GET"]}}],"collection":[{"href":"https:\/\/euapp01.newsmemory.com\/lamarseillaise\/news\/wp-json\/wp\/v2\/posts"}],"about":[{"href":"https:\/\/euapp01.newsmemory.com\/lamarseillaise\/news\/wp-json\/wp\/v2\/types\/post"}],"author":[{"embeddable":true,"href":"https:\/\/euapp01.newsmemory.com\/lamarseillaise\/news\/wp-json\/wp\/v2\/users\/1"}],"replies":[{"embeddable":true,"href":"https:\/\/euapp01.newsmemory.com\/lamarseillaise\/news\/wp-json\/wp\/v2\/comments?post=37062"}],"version-history":[{"count":1,"href":"https:\/\/euapp01.newsmemory.com\/lamarseillaise\/news\/wp-json\/wp\/v2\/posts\/37062\/revisions"}],"predecessor-version":[{"id":37064,"href":"https:\/\/euapp01.newsmemory.com\/lamarseillaise\/news\/wp-json\/wp\/v2\/posts\/37062\/revisions\/37064"}],"wp:featuredmedia":[{"embeddable":true,"href":"https:\/\/euapp01.newsmemory.com\/lamarseillaise\/news\/wp-json\/wp\/v2\/media\/37063"}],"wp:attachment":[{"href":"https:\/\/euapp01.newsmemory.com\/lamarseillaise\/news\/wp-json\/wp\/v2\/media?parent=37062"}],"wp:term":[{"taxonomy":"category","embeddable":true,"href":"https:\/\/euapp01.newsmemory.com\/lamarseillaise\/news\/wp-json\/wp\/v2\/categories?post=37062"},{"taxonomy":"post_tag","embeddable":true,"href":"https:\/\/euapp01.newsmemory.com\/lamarseillaise\/news\/wp-json\/wp\/v2\/tags?post=37062"},{"taxonomy":"news-destination","embeddable":true,"href":"https:\/\/euapp01.newsmemory.com\/lamarseillaise\/news\/wp-json\/wp\/v2\/news-destination?post=37062"},{"taxonomy":"news-source","embeddable":true,"href":"https:\/\/euapp01.newsmemory.com\/lamarseillaise\/news\/wp-json\/wp\/v2\/news-source?post=37062"},{"taxonomy":"is_homepage","embeddable":true,"href":"https:\/\/euapp01.newsmemory.com\/lamarseillaise\/news\/wp-json\/wp\/v2\/is_homepage?post=37062"},{"taxonomy":"ta_other","embeddable":true,"href":"https:\/\/euapp01.newsmemory.com\/lamarseillaise\/news\/wp-json\/wp\/v2\/ta_other?post=37062"}],"curies":[{"name":"wp","href":"https:\/\/api.w.org\/{rel}","templated":true}]}}