{"id":37059,"date":"2026-07-22T07:02:00","date_gmt":"2026-07-22T05:02:00","guid":{"rendered":"https:\/\/euapp01.newsmemory.com\/lamarseillaise\/news\/?p=37059"},"modified":"2026-07-22T10:12:35","modified_gmt":"2026-07-22T08:12:35","slug":"tour-de-france-evenepoel-pedale-plus-vite-que-son-ombre-en-haute-savoie","status":"publish","type":"post","link":"https:\/\/euapp01.newsmemory.com\/lamarseillaise\/news\/2026\/07\/22\/tour-de-france-evenepoel-pedale-plus-vite-que-son-ombre-en-haute-savoie\/","title":{"rendered":"[Tour de France] Evenepoel p\u00e9dale plus vite que son ombre en Haute-Savoie"},"content":{"rendered":"<div class=\"paragraph\">\n<p>Le jour de la f\u00eate nationale belge, Remco Evenepoel s\u2019est offert un nouveau coup d\u2019\u00e9clat sur le Tour de France. Mardi, le coureur de Red Bull-Bora a remport\u00e9 la 16<sup>e<\/sup>\u00a0\u00e9tape, un contre-la-montre de 26,1 kilom\u00e8tres disput\u00e9 entre \u00c9vian et Thonon-les-Bains, en signant le meilleur temps devant Tadej Pogacar et Mattias Skjelmose.<\/p>\n<p>V\u00e9ritable r\u00e9f\u00e9rence mondiale dans l\u2019exercice chronom\u00e9tr\u00e9, le Belge a survol\u00e9 le parcours avec 28 secondes d\u2019avance sur le Slov\u00e8ne, maillot jaune, et 1\u201904 sur le Danois Skjelmose, auteur d\u2019une performance inattendue \u00e0 ce niveau.<\/p>\n<p>\u00ab<i>\u00a0<\/i><i>C\u2019est incroyable, c\u2019\u00e9tait vraiment un super contre-la-montre. Beaucoup de monde \u00e9tait l\u00e0, ma femme et mes parents aussi. C\u2019est un jour tr\u00e8s sp\u00e9cial, surtout un jour de f\u00eate nationale belge. J\u2019ai appris que mon co\u00e9quipier Florian Lipowitz \u00e9tait tomb\u00e9 et avait d\u00fb abandonner, et cela m\u2019a rendu triste. J\u2019avais encore plus envie de gagner apr\u00e8s cette annonce. Je suis vraiment fier et tr\u00e8s heureux d\u2019avoir remport\u00e9 cette \u00e9tape, et surtout d\u2019avoir gagn\u00e9 deux \u00e9tapes de suite<\/i><i>\u00a0<\/i>\u00bb, a d\u00e9clar\u00e9 Remco Evenepoel apr\u00e8s sa victoire.<\/p>\n<p>Le jeune Fran\u00e7ais Paul Seixas a une nouvelle fois confirm\u00e9 son immense potentiel en prenant la quatri\u00e8me place, \u00e0 1\u201916 du vainqueur, juste devant le Mexicain Isaac Del Toro. La journ\u00e9e a en revanche \u00e9t\u00e9 marqu\u00e9e par l\u2019abandon de l\u2019Allemand Florian Lipowitz, cinqui\u00e8me du classement g\u00e9n\u00e9ral au d\u00e9part de l\u2019\u00e9tape, victime d\u2019une chute.<\/p>\n<p>Deuxi\u00e8me du classement g\u00e9n\u00e9ral, Evenepoel profite de ce succ\u00e8s pour r\u00e9duire l\u00e9g\u00e8rement son retard sur Pogacar. Le Belge revient d\u00e9sormais \u00e0 4\u201932 du maillot jaune.<\/p>\n<p>\u00ab<i>\u00a0<\/i><i>J\u2019\u00e9tais tr\u00e8s bien d\u00e8s le d\u00e9part. J\u2019ai regard\u00e9 mon compteur et j\u2019ai vu que j\u2019avais de bonnes sensations. J\u2019ai rapidement compris que j\u2019avais pris un bel avantage, tout en sachant que Tadej r\u00e9alisait aussi un tr\u00e8s bon chrono. J\u2019ai ensuite bien n\u00e9goci\u00e9 la descente et j\u2019ai senti que je pouvais le laisser derri\u00e8re moi. Je suis tr\u00e8s heureux, m\u00eame si l\u2019abandon de Lipo rend cette victoire particuli\u00e8re. C\u2019est une sensation incroyable d\u2019\u00eatre dans une telle condition physique en troisi\u00e8me semaine du Tour de France<\/i><i>\u00a0<\/i>\u00bb, a expliqu\u00e9 le Belge.<\/p>\n<\/p><\/div>\n<div class=\"intext\"> Pogacar reste ma\u00eetre\n              <\/div>\n<div class=\"paragraph\">\n<p>Malgr\u00e9 cette nouvelle d\u00e9monstration, Evenepoel refuse de s\u2019enflammer et estime que Pogacar reste le grand favori\u00a0: \u00ab<i>\u00a0<\/i><i>Il est en route pour une cinqui\u00e8me victoire dans le Tour de France.<\/i><i>\u00a0<\/i>\u00bb<\/p>\n<p>Cette victoire est la deuxi\u00e8me d\u2019Evenepoel dans cette 113<sup>e<\/sup>\u00a0\u00e9dition de la Grande Boucle, apr\u00e8s son succ\u00e8s impressionnant dimanche au sommet du plateau de Solaison. Dans les contre-la-montre, le Belge continue d\u2019affirmer une domination exceptionnelle\u00a0: il compte d\u00e9j\u00e0 trois titres de champion du monde et une m\u00e9daille d\u2019or olympique, remport\u00e9e \u00e0 Paris.<\/p>\n<p>Il s\u2019agit de la 26<sup>e<\/sup>\u00a0victoire de sa carri\u00e8re dans un contre-la-montre, et de son troisi\u00e8me succ\u00e8s dans l\u2019exercice sur le Tour de France apr\u00e8s Gevrey-Chambertin en 2024 et Caen l\u2019an dernier.<\/p>\n<p>Surnomm\u00e9 \u00ab<i>\u00a0<\/i><i>l\u2019homme-obus<\/i><i>\u00a0<\/i>\u00bb pour ses qualit\u00e9s a\u00e9rodynamiques hors normes, Evenepoel a men\u00e9 la course de bout en bout sur un trac\u00e9 exigeant compos\u00e9 de trois secteurs distincts\u00a0: une longue ascension d\u2019environ 10\u00a0km, une descente rapide et technique, puis une portion finale parfaitement plate jusqu\u2019\u00e0 l\u2019arriv\u00e9e.<\/p>\n<p>\u00ab<i>\u00a0<\/i><i>Les plus dures \u00e9tapes arrivent, elles ne sont pas pass\u00e9es encore<\/i><i>\u00a0<\/i>\u00bb, pr\u00e9vient le Flamand.<i> <\/i>\u00ab<i>\u00a0<\/i><i>J\u2019\u00e9tais bien en d\u00e9but de Tour, mais l\u00e0 je sens que je suis de mieux en mieux. J\u2019avais besoin de trouver le rythme de la course \u00e0 nouveau<\/i><i>\u00a0<\/i>\u00bb, ajoute-t-il.<\/p>\n<p>Pogacar a lui aussi r\u00e9alis\u00e9 un excellent chrono, m\u00eame s\u2019il a fr\u00f4l\u00e9 la chute dans le m\u00eame virage o\u00f9 Lipowitz a \u00e9t\u00e9 victime de son accident.<\/p>\n<p>Paul Seixas, encore impressionnant, confirme sa place parmi les grands espoirs du cyclisme mondial. Il devance une nouvelle fois Isaac Del Toro, qu\u2019il talonne d\u00e9sormais au classement g\u00e9n\u00e9ral pour la quatri\u00e8me place.<\/p>\n<p>En revanche, Juan Ayuso a connu une journ\u00e9e plus difficile. L\u2019Espagnol a conc\u00e9d\u00e9 2\u201922 \u00e0 Evenepoel et, cinqui\u00e8me au g\u00e9n\u00e9ral, compte d\u00e9sormais plus de deux minutes de retard sur Seixas.<\/p>\n<\/p><\/div>\n<div class=\"paragraph\">\n<p><b>Nouvelle vague de contr\u00f4les<\/b><\/p>\n<p>Plusieurs \u00e9quipes du Tour de France, dont Red Bull Bora, Decathlon CMA CGM et Groupama-FDJ, ont re\u00e7u la visite des inspecteurs de l\u2019International Testing Agency (ITA) lors de la journ\u00e9e de repos, lundi soir, pour des contr\u00f4les.<\/p>\n<p>Contrairement \u00e0 ceux subis en pleine nuit par Jonas Vingegaard et Tadej Pogacar, jug\u00e9s \u00ab<i> inhumains <\/i>\u00bb par de nombreux coureurs, les tests de lundi ont \u00e9t\u00e9 effectu\u00e9s \u00e0 des heures plus traditionnelles, dans la soir\u00e9e, m\u00eame si certains athl\u00e8tes \u00e9taient d\u00e9j\u00e0 au lit. L\u2019\u00e9quipe Decathlon CMA CGM de Paul Seixas a, elle, re\u00e7u la visite des contr\u00f4leurs de l\u2019ITA \u00ab<i> en d\u00e9but de soir\u00e9e <\/i>\u00bb, tout comme Groupama-FDJ.<\/p>\n<\/p><\/div>\n","protected":false},"excerpt":{"rendered":"Le jour de la f&ecirc;te nationale belge, Remco Evenepoel s&rsquo;est offert un nouveau coup d&rsquo;&eacute;clat sur le Tour de France. Mardi, le coureur de Red Bull-Bora a remport&eacute; la 16e&nbsp;&eacute;tape, un contre-la-montre de 26,1 &#8230;","protected":false},"author":1,"featured_media":37060,"comment_status":"open","ping_status":"open","sticky":false,"template":"","format":"standard","meta":{"footnotes":""},"categories":[7],"tags":[1144,572,3253],"news-destination":[],"news-source":[475],"is_homepage":[],"ta_other":[],"class_list":["post-37059","post","type-post","status-publish","format-standard","has-post-thumbnail","hentry","category-sports","tag-cyclisme","tag-france","tag-tour-de-france","news-source-website"],"_links":{"self":[{"href":"https:\/\/euapp01.newsmemory.com\/lamarseillaise\/news\/wp-json\/wp\/v2\/posts\/37059","targetHints":{"allow":["GET"]}}],"collection":[{"href":"https:\/\/euapp01.newsmemory.com\/lamarseillaise\/news\/wp-json\/wp\/v2\/posts"}],"about":[{"href":"https:\/\/euapp01.newsmemory.com\/lamarseillaise\/news\/wp-json\/wp\/v2\/types\/post"}],"author":[{"embeddable":true,"href":"https:\/\/euapp01.newsmemory.com\/lamarseillaise\/news\/wp-json\/wp\/v2\/users\/1"}],"replies":[{"embeddable":true,"href":"https:\/\/euapp01.newsmemory.com\/lamarseillaise\/news\/wp-json\/wp\/v2\/comments?post=37059"}],"version-history":[{"count":1,"href":"https:\/\/euapp01.newsmemory.com\/lamarseillaise\/news\/wp-json\/wp\/v2\/posts\/37059\/revisions"}],"predecessor-version":[{"id":37061,"href":"https:\/\/euapp01.newsmemory.com\/lamarseillaise\/news\/wp-json\/wp\/v2\/posts\/37059\/revisions\/37061"}],"wp:featuredmedia":[{"embeddable":true,"href":"https:\/\/euapp01.newsmemory.com\/lamarseillaise\/news\/wp-json\/wp\/v2\/media\/37060"}],"wp:attachment":[{"href":"https:\/\/euapp01.newsmemory.com\/lamarseillaise\/news\/wp-json\/wp\/v2\/media?parent=37059"}],"wp:term":[{"taxonomy":"category","embeddable":true,"href":"https:\/\/euapp01.newsmemory.com\/lamarseillaise\/news\/wp-json\/wp\/v2\/categories?post=37059"},{"taxonomy":"post_tag","embeddable":true,"href":"https:\/\/euapp01.newsmemory.com\/lamarseillaise\/news\/wp-json\/wp\/v2\/tags?post=37059"},{"taxonomy":"news-destination","embeddable":true,"href":"https:\/\/euapp01.newsmemory.com\/lamarseillaise\/news\/wp-json\/wp\/v2\/news-destination?post=37059"},{"taxonomy":"news-source","embeddable":true,"href":"https:\/\/euapp01.newsmemory.com\/lamarseillaise\/news\/wp-json\/wp\/v2\/news-source?post=37059"},{"taxonomy":"is_homepage","embeddable":true,"href":"https:\/\/euapp01.newsmemory.com\/lamarseillaise\/news\/wp-json\/wp\/v2\/is_homepage?post=37059"},{"taxonomy":"ta_other","embeddable":true,"href":"https:\/\/euapp01.newsmemory.com\/lamarseillaise\/news\/wp-json\/wp\/v2\/ta_other?post=37059"}],"curies":[{"name":"wp","href":"https:\/\/api.w.org\/{rel}","templated":true}]}}