{"id":37053,"date":"2026-07-22T07:06:00","date_gmt":"2026-07-22T05:06:00","guid":{"rendered":"https:\/\/euapp01.newsmemory.com\/lamarseillaise\/news\/?p=37053"},"modified":"2026-07-28T09:08:34","modified_gmt":"2026-07-28T07:08:34","slug":"les-soutiens-del-mahdi-lyoubi-appellent-a-sa-liberation","status":"publish","type":"post","link":"https:\/\/euapp01.newsmemory.com\/lamarseillaise\/news\/2026\/07\/22\/les-soutiens-del-mahdi-lyoubi-appellent-a-sa-liberation\/","title":{"rendered":"Les soutiens d\u2019El Mahdi Lyoubi appellent \u00e0 sa lib\u00e9ration"},"content":{"rendered":"<div class=\"paragraph\">\n<p>D\u00e8s 19h50 mardi, une foule s\u2019agglutine autour d\u2019une table sur le Vieux-Port. L\u2019\u00e9tal pr\u00e9sente toute une collection de tee-shirts tous floqu\u00e9s du m\u00eame slogan\u00a0: \u00ab\u00a0Free Koulchi, Free El Mahdi\u00a0\u00bb. Autour, les militants s\u2019affairent, peignent des affiches, distribuent des pancartes, diffusent des tracts. \u00c0 quelques m\u00e8tres, une grande enceinte diffuse <i>Chavez<\/i>, l\u2019un des titres de Mehdi Black Wind, de son vrai nom El Mahdi Lyoubi, artiste marocain incarc\u00e9r\u00e9, depuis plus d\u2019une semaine, dans la prison d\u2019Oukacha, \u00e0 Casablanca. C\u2019est pour r\u00e9clamer sa lib\u00e9ration et \u00e0 l\u2019appel du Comit\u00e9 de soutien Free El Mahdi que plus d\u2019une centaine de personnes, selon la pr\u00e9fecture, se sont rassembl\u00e9es au pied de la Canebi\u00e8re.<\/p>\n<p>Install\u00e9 \u00e0 Marseille depuis plusieurs ann\u00e9es, le rappeur et cin\u00e9aste a \u00e9t\u00e9 arr\u00eat\u00e9 par les autorit\u00e9s marocaines le 13\u00a0juillet, \u00e0 l\u2019occasion d\u2019une visite dans son pays natal. \u00c0 la veille de sa premi\u00e8re audience, pr\u00e9vue ce mercredi \u00e0 10h30 \u00e0 Casablanca, ses soutiens ont jug\u00e9 indispensable de rappeler leur solidarit\u00e9 totale avec l\u2019artiste, qu\u2019ils estiment incarc\u00e9r\u00e9 en raison de ses prises de position en faveur du mouvement de contestation Gen Z 212 (en r\u00e9f\u00e9rence \u00e0 l\u2019indicatif t\u00e9l\u00e9phonique du Maroc + 212), n\u00e9 fin septembre. Dans la rue, les jeunes marocains s\u2019\u00e9taient mobilis\u00e9s en masse pour d\u00e9noncer la situation politique et \u00e9conomique du pays avant d\u2019affronter une s\u00e9v\u00e8re r\u00e9pression.<\/p>\n<p>\u00ab<i> Libert\u00e9, dignit\u00e9, justice sociale<\/i><i>\u00a0<\/i>\u00bb, ont scand\u00e9, mardi, les manifestants en arabe, en hommage \u00e0 ce slogan repris lors des mobilisations de la Gen Z. \u00ab\u00a0<i>Aujourd\u2019hui, Mehdi est vis\u00e9 par la r\u00e9pression du pouvoir marocain parce qu\u2019il fait un portrait r\u00e9aliste des injustices qui l\u2019entourent, (&#8230;) parce qu\u2019il d\u00e9fend sa libert\u00e9 d\u2019expression et celle des autres, parce qu\u2019il a soutenu tous les mouvements pour la justice au Maroc et en derni\u00e8re date, le mouvement Gen Z 212<\/i><i>\u00a0<\/i><i>\u00bb, <\/i>s\u2019est \u00e9mue la repr\u00e9sentante du comit\u00e9 de soutien. El Mahdi Lyoubi est le quatri\u00e8me rappeur soutien du mouvement populaire \u00e0 \u00eatre arr\u00eat\u00e9 par le pouvoir marocain, apr\u00e8s Souhaib Qabli, Jawad Asradi et Hamza Raid.<\/p>\n<p>D\u00e9nonc\u00e9e dans une tribune publi\u00e9e aujourd\u2019hui sur le site de<i> Lib\u00e9ration<\/i>, la situation d\u2019El Mahdi Lyoubi alerte aussi la soci\u00e9t\u00e9 civile internationale\u00a0: Montr\u00e9al, Berne, Gen\u00e8ve, Douarnenez, Bruxelles et Paris ont d\u00e9j\u00e0 accueilli des rassemblements de soutien. Mercredi, \u00e0 10h30, heure th\u00e9orique du d\u00e9but d\u2019audience de l\u2019artiste, une nouvelle mobilisation doit se tenir devant le tribunal A\u00efn Sebaa, \u00e0 Casablanca.<\/p>\n<\/p><\/div>\n","protected":false},"excerpt":{"rendered":"D&egrave;s 19h50 mardi, une foule s&rsquo;agglutine autour d&rsquo;une table sur le Vieux-Port. L&rsquo;&eacute;tal pr&eacute;sente toute une collection de tee-shirts tous floqu&eacute;s du m&ecirc;me slogan&nbsp;: &laquo;&nbsp;Free Koulchi, Free El &#8230;","protected":false},"author":1,"featured_media":37054,"comment_status":"open","ping_status":"open","sticky":false,"template":"","format":"standard","meta":{"footnotes":""},"categories":[3926,3925,337,330],"tags":[2825,10,3223,1480,3157,560,1999,16,1263,1031,613,554,935],"news-destination":[3944],"news-source":[475],"is_homepage":[],"ta_other":[],"class_list":["post-37053","post","type-post","status-publish","format-standard","has-post-thumbnail","hentry","category-accueil-merge","category-accueil-third","category-international","category-politique","tag-arrestation","tag-bouches-du-rhone","tag-comite-de-soutien","tag-justice-sociale","tag-liberte-dexpression","tag-manifestation","tag-maroc","tag-marseille","tag-militants","tag-prison","tag-rassemblement","tag-societe-civile","tag-vieux-port","news-destination-homepage","news-source-website"],"_links":{"self":[{"href":"https:\/\/euapp01.newsmemory.com\/lamarseillaise\/news\/wp-json\/wp\/v2\/posts\/37053","targetHints":{"allow":["GET"]}}],"collection":[{"href":"https:\/\/euapp01.newsmemory.com\/lamarseillaise\/news\/wp-json\/wp\/v2\/posts"}],"about":[{"href":"https:\/\/euapp01.newsmemory.com\/lamarseillaise\/news\/wp-json\/wp\/v2\/types\/post"}],"author":[{"embeddable":true,"href":"https:\/\/euapp01.newsmemory.com\/lamarseillaise\/news\/wp-json\/wp\/v2\/users\/1"}],"replies":[{"embeddable":true,"href":"https:\/\/euapp01.newsmemory.com\/lamarseillaise\/news\/wp-json\/wp\/v2\/comments?post=37053"}],"version-history":[{"count":1,"href":"https:\/\/euapp01.newsmemory.com\/lamarseillaise\/news\/wp-json\/wp\/v2\/posts\/37053\/revisions"}],"predecessor-version":[{"id":37055,"href":"https:\/\/euapp01.newsmemory.com\/lamarseillaise\/news\/wp-json\/wp\/v2\/posts\/37053\/revisions\/37055"}],"wp:featuredmedia":[{"embeddable":true,"href":"https:\/\/euapp01.newsmemory.com\/lamarseillaise\/news\/wp-json\/wp\/v2\/media\/37054"}],"wp:attachment":[{"href":"https:\/\/euapp01.newsmemory.com\/lamarseillaise\/news\/wp-json\/wp\/v2\/media?parent=37053"}],"wp:term":[{"taxonomy":"category","embeddable":true,"href":"https:\/\/euapp01.newsmemory.com\/lamarseillaise\/news\/wp-json\/wp\/v2\/categories?post=37053"},{"taxonomy":"post_tag","embeddable":true,"href":"https:\/\/euapp01.newsmemory.com\/lamarseillaise\/news\/wp-json\/wp\/v2\/tags?post=37053"},{"taxonomy":"news-destination","embeddable":true,"href":"https:\/\/euapp01.newsmemory.com\/lamarseillaise\/news\/wp-json\/wp\/v2\/news-destination?post=37053"},{"taxonomy":"news-source","embeddable":true,"href":"https:\/\/euapp01.newsmemory.com\/lamarseillaise\/news\/wp-json\/wp\/v2\/news-source?post=37053"},{"taxonomy":"is_homepage","embeddable":true,"href":"https:\/\/euapp01.newsmemory.com\/lamarseillaise\/news\/wp-json\/wp\/v2\/is_homepage?post=37053"},{"taxonomy":"ta_other","embeddable":true,"href":"https:\/\/euapp01.newsmemory.com\/lamarseillaise\/news\/wp-json\/wp\/v2\/ta_other?post=37053"}],"curies":[{"name":"wp","href":"https:\/\/api.w.org\/{rel}","templated":true}]}}