{"id":37047,"date":"2026-07-22T06:54:00","date_gmt":"2026-07-22T04:54:00","guid":{"rendered":"https:\/\/euapp01.newsmemory.com\/lamarseillaise\/news\/?p=37047"},"modified":"2026-07-28T09:08:34","modified_gmt":"2026-07-28T07:08:34","slug":"un-policier-grievement-blesse-suite-a-un-refus-dobtemperer","status":"publish","type":"post","link":"https:\/\/euapp01.newsmemory.com\/lamarseillaise\/news\/2026\/07\/22\/un-policier-grievement-blesse-suite-a-un-refus-dobtemperer\/","title":{"rendered":"Un policier gri\u00e8vement bless\u00e9 suite \u00e0 un refus d\u2019obtemp\u00e9rer"},"content":{"rendered":"<div class=\"paragraph\">\n<p>Gravement bless\u00e9, mais ces jours ne sont plus en danger&#8230; Un policier a \u00e9t\u00e9 victime, dans la nuit du lundi 20 au mardi 21\u00a0juillet, d\u2019un refus d\u2019obtemp\u00e9rer, percut\u00e9 par un v\u00e9hicule a priori vol\u00e9, sortant de la cit\u00e9 Benza, \u00e0 Pont-de-Vivaux, dans le 10<sup>e<\/sup>\u00a0arrondissement, indique-t-on de sources polici\u00e8res.<\/p>\n<p>La voiture a \u00e9t\u00e9 rep\u00e9r\u00e9e vers 23h50 par un \u00e9quipage de la BAC qui envoie un signal radio. Signal entendu par un \u00e9quipage de la compagnie d\u00e9partementale d\u2019intervention dans les parages et qui d\u00e9cide d\u2019intervenir en renfort. L\u2019un des gardiens de la paix tente alors d\u2019arr\u00eater la voiture qui arrivait en direction de l\u2019\u00e9quipage \u00ab\u00a0<i>\u00e0 vive allure<\/i><i>\u00a0<\/i>\u00bb, au moyen du dispositif \u00ab\u00a0stop stick\u00a0\u00bb. Une sorte de herse portable pour percer les pneus des v\u00e9hicules qui passent dessus.<\/p>\n<p>Cherchant \u00e0 \u00e9viter le dispositif, la voiture poursuivie percute un terre-plein, happant le policier qui est alors violemment projet\u00e9 sur plusieurs dizaines de m\u00e8tres. Dans sa course dans les airs, il arrache un grillage et termine en chutant lourdement sur le parking d\u2019un concessionnaire automobile Mercedes. Polytraumatis\u00e9, le policier sera pris en charge par les marins-pompiers et le Smur, transport\u00e9 en r\u00e9animation \u00e0 l\u2019h\u00f4pital de la Timone. Si son pronostic vital n\u2019est plus engag\u00e9, il aurait \u00e9t\u00e9 gravement touch\u00e9 \u00e0 une jambe. La voiture en fuite, elle, percutera \u00e9galement une barri\u00e8re avant de finir dans un arbre.<\/p>\n<\/p><\/div>\n<div class=\"intext\"> Un acte criminel tr\u00e8s grave pour Laurent Nu\u00f1ez\n              <\/div>\n<div class=\"paragraph\">\n<p>Les quatre occupants du v\u00e9hicule, qui tentaient de s\u2019enfuir \u00e0 pied, ont \u00e9t\u00e9 interpell\u00e9s et plac\u00e9s en garde-\u00e0-vue, pr\u00e9cise-t-on. Le conducteur n\u2019avait pas de permis de conduire.<\/p>\n<p>Le ministre de l\u2019Int\u00e9rieur, Laurent Nu\u00f1ez, a d\u00e9nonc\u00e9 sur les r\u00e9seaux sociaux \u00ab\u00a0<i>un acte criminel tr\u00e8s grave<\/i><i>\u00a0<\/i>\u00bb, estimant que \u00ab\u00a0<i>ceux qui s\u2019en prennent \u00e0 nos policiers doivent \u00eatre s\u00e9v\u00e8rement punis<\/i>\u00a0\u00bb. Sur ces m\u00eames r\u00e9seaux, le pr\u00e9fet des Bouches-du-Rh\u00f4ne, Jacques Witkowski, a adress\u00e9 son \u00ab\u00a0<i>plein soutien<\/i>\u00a0\u00bb au policier, \u00e0 ses proches et \u00e0 l\u2019ensemble de ses coll\u00e8gues. Pour lui, \u00ab\u00a0<i>rien ne justifiera jamais ces comportements meurtriers contre ceux qui nous prot\u00e8gent<\/i><i>\u00a0<\/i>\u00bb. <i><\/i><\/p>\n<p>Du c\u00f4t\u00e9 des syndicats policiers, Bruno Bartocetti, secr\u00e9taire national du syndicat Unit\u00e9 zone-sud, a d\u00e9plor\u00e9 la situation, tandis qu\u2019Alliance a fait le lien avec l\u2019adoption d\u2019une loi, d\u00e9but juillet, instaurant une pr\u00e9somption de l\u00e9gitime d\u00e9fense pour les forces de l\u2019ordre, assimil\u00e9e par ses opposants \u00e0 \u00ab\u00a0un permis de tuer\u00a0\u00bb. Le syndicat lui estime que \u00ab\u00a0<i>l\u2019impunit\u00e9 XXL a des cons\u00e9quences bien r\u00e9elles.<\/i><i>\u00a0<\/i>\u00bb<\/p>\n<p>Selon un rapport du service statistique du minist\u00e8re de l\u2019Int\u00e9rieur (SSMSI), les refus de contr\u00f4le routier ont nettement augment\u00e9 en 2025, une hausse de 9% par rapport \u00e0 l\u2019ann\u00e9e pr\u00e9c\u00e9dente, aliment\u00e9e notamment par les refus d\u2019obtemp\u00e9rer qui constituent la majeure partie des d\u00e9lits (28\u00a0100\u00a0refus d\u2019obtemp\u00e9rer pour 2025).<\/p>\n<\/p><\/div>\n","protected":false},"excerpt":{"rendered":"Gravement bless&eacute;, mais ces jours ne sont plus en danger&#8230; Un policier a &eacute;t&eacute; victime, dans la nuit du lundi 20 au mardi 21&nbsp;juillet, d&rsquo;un refus d&rsquo;obtemp&eacute;rer, percut&eacute; par un v&eacute;hicule a priori &#8230;","protected":false},"author":1,"featured_media":37048,"comment_status":"open","ping_status":"open","sticky":false,"template":"","format":"standard","meta":{"footnotes":""},"categories":[3926,3925,20],"tags":[10,6142,3996,3848,2799,16,520,497,3032,1699,3063,380,2843,364,1845,1183],"news-destination":[3944],"news-source":[475],"is_homepage":[],"ta_other":[],"class_list":["post-37047","post","type-post","status-publish","format-standard","has-post-thumbnail","hentry","category-accueil-merge","category-accueil-third","category-societe","tag-bouches-du-rhone","tag-bruno-bartocetti","tag-jacques-witkowski","tag-laurent-nunez","tag-marins-pompiers","tag-marseille","tag-ministere","tag-ministre","tag-permis-de-conduire","tag-policiers","tag-reanimation","tag-reseaux-sociaux","tag-statistique","tag-syndicats","tag-timone","tag-vehicules","news-destination-homepage","news-source-website"],"_links":{"self":[{"href":"https:\/\/euapp01.newsmemory.com\/lamarseillaise\/news\/wp-json\/wp\/v2\/posts\/37047","targetHints":{"allow":["GET"]}}],"collection":[{"href":"https:\/\/euapp01.newsmemory.com\/lamarseillaise\/news\/wp-json\/wp\/v2\/posts"}],"about":[{"href":"https:\/\/euapp01.newsmemory.com\/lamarseillaise\/news\/wp-json\/wp\/v2\/types\/post"}],"author":[{"embeddable":true,"href":"https:\/\/euapp01.newsmemory.com\/lamarseillaise\/news\/wp-json\/wp\/v2\/users\/1"}],"replies":[{"embeddable":true,"href":"https:\/\/euapp01.newsmemory.com\/lamarseillaise\/news\/wp-json\/wp\/v2\/comments?post=37047"}],"version-history":[{"count":1,"href":"https:\/\/euapp01.newsmemory.com\/lamarseillaise\/news\/wp-json\/wp\/v2\/posts\/37047\/revisions"}],"predecessor-version":[{"id":37049,"href":"https:\/\/euapp01.newsmemory.com\/lamarseillaise\/news\/wp-json\/wp\/v2\/posts\/37047\/revisions\/37049"}],"wp:featuredmedia":[{"embeddable":true,"href":"https:\/\/euapp01.newsmemory.com\/lamarseillaise\/news\/wp-json\/wp\/v2\/media\/37048"}],"wp:attachment":[{"href":"https:\/\/euapp01.newsmemory.com\/lamarseillaise\/news\/wp-json\/wp\/v2\/media?parent=37047"}],"wp:term":[{"taxonomy":"category","embeddable":true,"href":"https:\/\/euapp01.newsmemory.com\/lamarseillaise\/news\/wp-json\/wp\/v2\/categories?post=37047"},{"taxonomy":"post_tag","embeddable":true,"href":"https:\/\/euapp01.newsmemory.com\/lamarseillaise\/news\/wp-json\/wp\/v2\/tags?post=37047"},{"taxonomy":"news-destination","embeddable":true,"href":"https:\/\/euapp01.newsmemory.com\/lamarseillaise\/news\/wp-json\/wp\/v2\/news-destination?post=37047"},{"taxonomy":"news-source","embeddable":true,"href":"https:\/\/euapp01.newsmemory.com\/lamarseillaise\/news\/wp-json\/wp\/v2\/news-source?post=37047"},{"taxonomy":"is_homepage","embeddable":true,"href":"https:\/\/euapp01.newsmemory.com\/lamarseillaise\/news\/wp-json\/wp\/v2\/is_homepage?post=37047"},{"taxonomy":"ta_other","embeddable":true,"href":"https:\/\/euapp01.newsmemory.com\/lamarseillaise\/news\/wp-json\/wp\/v2\/ta_other?post=37047"}],"curies":[{"name":"wp","href":"https:\/\/api.w.org\/{rel}","templated":true}]}}