{"id":37044,"date":"2026-07-22T06:52:00","date_gmt":"2026-07-22T04:52:00","guid":{"rendered":"https:\/\/euapp01.newsmemory.com\/lamarseillaise\/news\/?p=37044"},"modified":"2026-07-28T09:08:34","modified_gmt":"2026-07-28T07:08:34","slug":"a-ponteves-1-700-hectares-brules-triste-record-de-lannee-en-provence","status":"publish","type":"post","link":"https:\/\/euapp01.newsmemory.com\/lamarseillaise\/news\/2026\/07\/22\/a-ponteves-1-700-hectares-brules-triste-record-de-lannee-en-provence\/","title":{"rendered":"\u00c0 Pontev\u00e8s, 1&nbsp;700 hectares br\u00fbl\u00e9s, triste record de l\u2019ann\u00e9e en Provence"},"content":{"rendered":"<div class=\"paragraph\">\n<p><a rel=\"noopener noreferrer\" href=\"https:\/\/www.lamarseillaise.fr\/societe\/des-quartiers-evacues-face-a-un-violent-incendie-aux-arcs-FG20510072\" target=\"_blank\">L\u2019incendie qui s\u2019\u00e9tait d\u00e9clar\u00e9 dimanche apr\u00e8s-midi,<\/a> ravageant 200\u00a0hectares de for\u00eat sur les communes des Arcs-sur-Argens et de Taradeau,<a rel=\"noopener noreferrer\" href=\"https:\/\/www.lamarseillaise.fr\/societe\/le-feu-a-ete-fixe-mais-la-vigilance-reste-maximale-HG20515727\" target=\"_blank\"> tout juste fix\u00e9 lundi en d\u00e9but de soir\u00e9e<\/a>, un nouveau feu a embras\u00e9 un champ \u00e0 Ponetv\u00e8s, village situ\u00e9 \u00e0 20\u00a0km au nord de Brignoles, mardi vers 12h30. Pour \u00e9viter que les flammes ne se propagent, eu \u00e9gard aux vents chauds qui \u00e9taient redout\u00e9s ce jour, 111\u00a0sapeurs-pompiers, 15\u00a0v\u00e9hicules feux de for\u00eats, 4\u00a0v\u00e9hicules de commandement et 2\u00a0h\u00e9licopt\u00e8res bombardiers d\u2019eau ont rapidement \u00e9t\u00e9 d\u00e9p\u00each\u00e9s sur place. Cela n\u2019a toutefois pas suffi \u00e0 endiguer l\u2019incendie, qui s\u2019est largement \u00e9tendu aux vignes environnantes ainsi qu\u2019au massif du Bessillon.<\/p>\n<\/p><\/div>\n<div class=\"intext\"> 1\u00a0000 ha br\u00fbl\u00e9s en 1 heure\n              <\/div>\n<div class=\"paragraph\">\n<p>Le dispositif a, en cons\u00e9quence, \u00e9t\u00e9 largement renforc\u00e9 tout au long de l\u2019apr\u00e8s-midi\u00a0: 800 sapeurs-pompiers, 60\u00a0gendarmes nationaux et policiers municipaux, 200\u00a0v\u00e9hicules feux de for\u00eat, cinq canadairs, quatre h\u00e9licopt\u00e8res bombardiers d\u2019eau, dont un h\u00e9licopt\u00e8re lourd Super Puma, et 2 avions DASH \u00e9taient \u00e0 pied d\u2019\u0153uvre pour circonscrire le feu. Quatre militaires avec un engin chenill\u00e9 pour l\u2019ouverture de pistes, ont ensuite \u00e9t\u00e9 appel\u00e9s en renfort.<\/p>\n<p>Les moyens a\u00e9riens ont constitu\u00e9 le principal mode d\u2019attaque jusqu\u2019\u00e0 la tomb\u00e9e de la nuit, permettant aux h\u00e9licopt\u00e8res et aux Canadair d\u2019intervenir efficacement. En fin d\u2019apr\u00e8s-midi, les vents se sont toutefois renforc\u00e9s, comme l\u2019annon\u00e7ait le pr\u00e9fet du Var, Simon Babre\u00a0: \u00ab\u00a0<i>Plus de 100<\/i><i>\u00a0<\/i><i>largages d\u2019eau ont \u00e9t\u00e9 r\u00e9alis\u00e9s, les DASH ont appliqu\u00e9 du retardant. Il est imp\u00e9ratif de continuer l\u2019action a\u00e9rienne, sur une surface tr\u00e8s \u00e9tendue avec des parties du Gros Bessillon peu accessibles par v\u00e9hicules terrestres. L\u2019autre strat\u00e9gie consiste \u00e0 mettre du retardant sur les flancs de l\u2019incendie, qui progresse de l\u2019ouest vers l\u2019est, pour qu\u2019il ne s\u2019\u00e9largisse pas.<\/i><i>\u00a0<\/i>\u00bb Mais le feu s\u2019est tout de m\u00eame propag\u00e9 \u00e0 une vitesse monumentale, en direction de Cotignac. Alors que 700\u00a0hectares avaient br\u00fbl\u00e9 \u00e0 20h, le pr\u00e9fet en d\u00e9plorait 1\u00a0700 \u00e0 21h, soit 1\u00a0000\u00a0hectares de plus en une heure. La lutte s\u2019est ainsi poursuivie pendant la nuit.<\/p>\n<p>Le camping municipal de Cotignac a \u00e9t\u00e9 \u00e9vacu\u00e9, en plus des 400\u00a0personnes qui l\u2019ont \u00e9t\u00e9 sur la commune ainsi qu\u2019\u00e0 Pont\u00e9v\u00e8s, Correns, Sillans-la-Cascade puis Montfort-sur-Argens. Quatre habitants de Pont\u00e9v\u00e8s et deux sapeurs-pompiers ont \u00e9t\u00e9 l\u00e9g\u00e8rement intoxiqu\u00e9s par les fum\u00e9es, et un v\u00e9hicule feu de for\u00eats a \u00e9t\u00e9 d\u00e9truit. La zone de baignade de Sainte-Croix a \u00e9galement \u00e9t\u00e9 \u00e9vacu\u00e9e, et plusieurs axes routiers (RD22, RD\u00a0554, RD\u00a0560 et RD13) ferm\u00e9s. Deux stations-service, \u00e0 Barjols et Cotignac, ont par ailleurs \u00e9t\u00e9 r\u00e9quisitionn\u00e9es.<\/p>\n<\/p><\/div>\n<div class=\"paragraph\">\n<p><b>ET AUSSI<\/b><\/p>\n<p><b>Bouches-du-Rh\u00f4ne : acc\u00e8s interdit dans 23 massifs<\/b><\/p>\n<p>Face \u00e0 un risque d\u2019incendie de for\u00eat jug\u00e9 \u00ab tr\u00e8s s\u00e9v\u00e8re \u00bb, la pr\u00e9fecture des Bouches-du-Rh\u00f4ne interdit, ce mercredi 22 juillet, l\u2019acc\u00e8s, la pr\u00e9sence, la circulation et la r\u00e9alisation de travaux dans 23 des 25 massifs forestiers du d\u00e9partement. Sont notamment concern\u00e9s les Alpilles, la Sainte-Victoire, le Garlaban, la Sainte-Baume, les Calanques, la C\u00f4te Bleue et le Cap Canaille.<\/p>\n<p>Seuls les massifs de Concors et de Tr\u00e9varesse b\u00e9n\u00e9ficient d\u2019un r\u00e9gime assoupli : les travaux y seront autoris\u00e9s uniquement de 5h \u00e0 13h, sous r\u00e9serve de mesures de pr\u00e9vention.<\/p>\n<p>Toute personne t\u00e9moin d\u2019un d\u00e9part de feu doit contacter imm\u00e9diatement le 18 ou le 112.<\/p>\n<p><b>Var : trois massifs interdits<\/b><\/p>\n<p>La pr\u00e9fecture du Var annonce, pour ce mercredi 22 juillet, la fermeture des massifs de la Sainte-Baume, des Monts Toulonnais et du Haut-Var en raison d\u2019un risque d\u2019incendie tr\u00e8s s\u00e9v\u00e8re. L\u2019acc\u00e8s, la circulation, les promenades et les travaux y sont interdits.<\/p>\n<p>Le risque est class\u00e9 s\u00e9v\u00e8re dans six autres massifs : la Corniche des Maures, l\u2019Est\u00e9rel, le plateau de Canjuers, les Maures, le Centre-Var et les \u00eeles d\u2019Hy\u00e8res.<\/p>\n<p>Dans ces secteurs, l\u2019acc\u00e8s est d\u00e9conseill\u00e9 et les travaux restent autoris\u00e9s uniquement entre 5h et 13h, avant une interdiction l\u2019apr\u00e8s-midi.<\/p>\n<p><b>Vaucluse : cinq massifs ferm\u00e9s<\/b><\/p>\n<p>La pr\u00e9fecture de Vaucluse annonce la fermeture de cinq massifs forestiers, ce mercredi 22 juillet, en raison d\u2019un risque d\u2019incendie tr\u00e8s s\u00e9v\u00e8re. L\u2019acc\u00e8s est interdit toute la journ\u00e9e dans l\u2019Enclave des Papes, le secteur Boll\u00e8ne-Uchaux, la Vall\u00e9e du Rh\u00f4ne, le Petit Luberon et les Monts de Vaucluse. Les autres massifs du d\u00e9partement demeurent accessibles, mais les autorit\u00e9s appellent \u00e0 la plus grande vigilance.<\/p>\n<\/p><\/div>\n","protected":false},"excerpt":{"rendered":"L&rsquo;incendie qui s&rsquo;&eacute;tait d&eacute;clar&eacute; dimanche apr&egrave;s-midi, ravageant 200&nbsp;hectares de for&ecirc;t sur les communes des Arcs-sur-Argens et de Taradeau, tout juste fix&eacute; lundi en d&eacute;but de &#8230;","protected":false},"author":1,"featured_media":37045,"comment_status":"open","ping_status":"open","sticky":false,"template":"","format":"standard","meta":{"footnotes":""},"categories":[3926,3925,333,20],"tags":[3434,316,1673,4015,6036,2237,1353,319,1396,3239,6140,1699,320,6141,1567,1674,6003,4877,6123,6128,31],"news-destination":[3944],"news-source":[475],"is_homepage":[],"ta_other":[],"class_list":["post-37044","post","type-post","status-publish","format-standard","has-post-thumbnail","hentry","category-accueil-merge","category-accueil-third","category-environnement","category-societe","tag-cotignac","tag-feu-de-foret","tag-feux","tag-feux-de-foret","tag-flammes","tag-gendarmes","tag-helicoptere","tag-incendie","tag-incendies","tag-massif","tag-montfort-sur-argens","tag-policiers","tag-pompiers","tag-ponteves","tag-prefet","tag-sapeurs-pompiers","tag-sdis-83","tag-sdis83","tag-sillans-la-cascade","tag-taradeau","tag-var","news-destination-homepage","news-source-website"],"_links":{"self":[{"href":"https:\/\/euapp01.newsmemory.com\/lamarseillaise\/news\/wp-json\/wp\/v2\/posts\/37044","targetHints":{"allow":["GET"]}}],"collection":[{"href":"https:\/\/euapp01.newsmemory.com\/lamarseillaise\/news\/wp-json\/wp\/v2\/posts"}],"about":[{"href":"https:\/\/euapp01.newsmemory.com\/lamarseillaise\/news\/wp-json\/wp\/v2\/types\/post"}],"author":[{"embeddable":true,"href":"https:\/\/euapp01.newsmemory.com\/lamarseillaise\/news\/wp-json\/wp\/v2\/users\/1"}],"replies":[{"embeddable":true,"href":"https:\/\/euapp01.newsmemory.com\/lamarseillaise\/news\/wp-json\/wp\/v2\/comments?post=37044"}],"version-history":[{"count":1,"href":"https:\/\/euapp01.newsmemory.com\/lamarseillaise\/news\/wp-json\/wp\/v2\/posts\/37044\/revisions"}],"predecessor-version":[{"id":37046,"href":"https:\/\/euapp01.newsmemory.com\/lamarseillaise\/news\/wp-json\/wp\/v2\/posts\/37044\/revisions\/37046"}],"wp:featuredmedia":[{"embeddable":true,"href":"https:\/\/euapp01.newsmemory.com\/lamarseillaise\/news\/wp-json\/wp\/v2\/media\/37045"}],"wp:attachment":[{"href":"https:\/\/euapp01.newsmemory.com\/lamarseillaise\/news\/wp-json\/wp\/v2\/media?parent=37044"}],"wp:term":[{"taxonomy":"category","embeddable":true,"href":"https:\/\/euapp01.newsmemory.com\/lamarseillaise\/news\/wp-json\/wp\/v2\/categories?post=37044"},{"taxonomy":"post_tag","embeddable":true,"href":"https:\/\/euapp01.newsmemory.com\/lamarseillaise\/news\/wp-json\/wp\/v2\/tags?post=37044"},{"taxonomy":"news-destination","embeddable":true,"href":"https:\/\/euapp01.newsmemory.com\/lamarseillaise\/news\/wp-json\/wp\/v2\/news-destination?post=37044"},{"taxonomy":"news-source","embeddable":true,"href":"https:\/\/euapp01.newsmemory.com\/lamarseillaise\/news\/wp-json\/wp\/v2\/news-source?post=37044"},{"taxonomy":"is_homepage","embeddable":true,"href":"https:\/\/euapp01.newsmemory.com\/lamarseillaise\/news\/wp-json\/wp\/v2\/is_homepage?post=37044"},{"taxonomy":"ta_other","embeddable":true,"href":"https:\/\/euapp01.newsmemory.com\/lamarseillaise\/news\/wp-json\/wp\/v2\/ta_other?post=37044"}],"curies":[{"name":"wp","href":"https:\/\/api.w.org\/{rel}","templated":true}]}}