{"id":37041,"date":"2026-07-22T06:38:00","date_gmt":"2026-07-22T04:38:00","guid":{"rendered":"https:\/\/euapp01.newsmemory.com\/lamarseillaise\/news\/?p=37041"},"modified":"2026-07-22T10:12:35","modified_gmt":"2026-07-22T08:12:35","slug":"courage-et-devouement","status":"publish","type":"post","link":"https:\/\/euapp01.newsmemory.com\/lamarseillaise\/news\/2026\/07\/22\/courage-et-devouement\/","title":{"rendered":"Courage et d\u00e9vouement"},"content":{"rendered":"<div class=\"paragraph\">\n<p>Deux sapeurs-pompiers ne sont pas rentr\u00e9s chez eux mardi soir. Ils sont morts en Gironde en combattant un violent incendie\u00a0; un parmi tant d\u2019autres. De ceux qui embrasent nos territoires sous l\u2019effet des fortes chaleurs et de la s\u00e9cheresse, deux marqueurs d\u2019un changement climatique structurel. Le 8\u00a0juillet, un jeune soldat du feu avait d\u00e9j\u00e0 p\u00e9ri en Savoie. Or, les feux vont se multiplier. M\u00e9t\u00e9o France le documente\u00a0: <i>\u00ab<\/i><i>\u00a0<\/i><i>Dans une France \u00e0 +4<\/i><i>\u00a0<\/i><i>\u00b0C d\u2019ici \u00e0 2100, le risque de feu se g\u00e9n\u00e9ralisera \u00e0 l\u2019ensemble du pays avec une forte aggravation dans la r\u00e9gion m\u00e9diterran\u00e9enne. La saison des feux pourrait durer un \u00e0 deux mois suppl\u00e9mentaires dans certaines r\u00e9gions.<\/i>\u00a0<i>\u00bb <\/i>Nous ne sommes qu\u2019au d\u00e9but de l\u2019enfer climatique.<\/p>\n<p><b>9 feux sur 10 sont d\u2019origine humaine<\/b><\/p>\n<p>Or, neuf feux sur dix sont d\u2019origine humaine, provoqu\u00e9s pour l\u2019essentiel par des imprudences et des comportements dangereux. La responsabilit\u00e9 de tous est donc engag\u00e9e, mais celle des pouvoirs publics doit \u00eatre enfin assum\u00e9e. Car la lutte contre les feux repose majoritairement sur les pompiers volontaires. Ils sont en manque de reconnaissance et de protection sociale. Ce combat pour leurs droits, les \u00ab\u00a0soldats du feu\u00a0\u00bb le m\u00e8nent en s\u2019engageant pleinement dans leur mission avec leur devise en bandouli\u00e8re, \u00ab\u00a0courage et d\u00e9vouement\u00a0\u00bb. Mais mourir, non, c\u2019est insupportable, ce n\u2019est pas fatal.<\/p>\n<p>Pour affronter les cons\u00e9quences du r\u00e9chauffement, les moyens humains et mat\u00e9riels doivent \u00eatre d\u00e9cupl\u00e9s et une bifurcation radicale pour des territoires vivables doit \u00eatre amorc\u00e9e d\u2019urgence. Ce n\u2019est pas le chemin choisi ces derni\u00e8res ann\u00e9es.<\/p>\n<\/p><\/div>\n","protected":false},"excerpt":{"rendered":"Deux sapeurs-pompiers ne sont pas rentr&eacute;s chez eux mardi soir. Ils sont morts en Gironde en combattant un violent incendie&nbsp;; un parmi tant d&rsquo;autres. De ceux qui embrasent nos territoires sous l&rsquo;effet des fortes chaleurs et de &#8230;","protected":false},"author":1,"featured_media":37042,"comment_status":"open","ping_status":"open","sticky":false,"template":"","format":"standard","meta":{"footnotes":""},"categories":[332],"tags":[1372,4015,572,1396,320,419,1674],"news-destination":[],"news-source":[475],"is_homepage":[],"ta_other":[],"class_list":["post-37041","post","type-post","status-publish","format-standard","has-post-thumbnail","hentry","category-edito","tag-editoriaux","tag-feux-de-foret","tag-france","tag-incendies","tag-pompiers","tag-rechauffement-climatique","tag-sapeurs-pompiers","news-source-website"],"_links":{"self":[{"href":"https:\/\/euapp01.newsmemory.com\/lamarseillaise\/news\/wp-json\/wp\/v2\/posts\/37041","targetHints":{"allow":["GET"]}}],"collection":[{"href":"https:\/\/euapp01.newsmemory.com\/lamarseillaise\/news\/wp-json\/wp\/v2\/posts"}],"about":[{"href":"https:\/\/euapp01.newsmemory.com\/lamarseillaise\/news\/wp-json\/wp\/v2\/types\/post"}],"author":[{"embeddable":true,"href":"https:\/\/euapp01.newsmemory.com\/lamarseillaise\/news\/wp-json\/wp\/v2\/users\/1"}],"replies":[{"embeddable":true,"href":"https:\/\/euapp01.newsmemory.com\/lamarseillaise\/news\/wp-json\/wp\/v2\/comments?post=37041"}],"version-history":[{"count":1,"href":"https:\/\/euapp01.newsmemory.com\/lamarseillaise\/news\/wp-json\/wp\/v2\/posts\/37041\/revisions"}],"predecessor-version":[{"id":37043,"href":"https:\/\/euapp01.newsmemory.com\/lamarseillaise\/news\/wp-json\/wp\/v2\/posts\/37041\/revisions\/37043"}],"wp:featuredmedia":[{"embeddable":true,"href":"https:\/\/euapp01.newsmemory.com\/lamarseillaise\/news\/wp-json\/wp\/v2\/media\/37042"}],"wp:attachment":[{"href":"https:\/\/euapp01.newsmemory.com\/lamarseillaise\/news\/wp-json\/wp\/v2\/media?parent=37041"}],"wp:term":[{"taxonomy":"category","embeddable":true,"href":"https:\/\/euapp01.newsmemory.com\/lamarseillaise\/news\/wp-json\/wp\/v2\/categories?post=37041"},{"taxonomy":"post_tag","embeddable":true,"href":"https:\/\/euapp01.newsmemory.com\/lamarseillaise\/news\/wp-json\/wp\/v2\/tags?post=37041"},{"taxonomy":"news-destination","embeddable":true,"href":"https:\/\/euapp01.newsmemory.com\/lamarseillaise\/news\/wp-json\/wp\/v2\/news-destination?post=37041"},{"taxonomy":"news-source","embeddable":true,"href":"https:\/\/euapp01.newsmemory.com\/lamarseillaise\/news\/wp-json\/wp\/v2\/news-source?post=37041"},{"taxonomy":"is_homepage","embeddable":true,"href":"https:\/\/euapp01.newsmemory.com\/lamarseillaise\/news\/wp-json\/wp\/v2\/is_homepage?post=37041"},{"taxonomy":"ta_other","embeddable":true,"href":"https:\/\/euapp01.newsmemory.com\/lamarseillaise\/news\/wp-json\/wp\/v2\/ta_other?post=37041"}],"curies":[{"name":"wp","href":"https:\/\/api.w.org\/{rel}","templated":true}]}}