{"id":37035,"date":"2026-07-21T10:55:00","date_gmt":"2026-07-21T08:55:00","guid":{"rendered":"https:\/\/euapp01.newsmemory.com\/lamarseillaise\/news\/?p=37035"},"modified":"2026-07-21T11:18:42","modified_gmt":"2026-07-21T09:18:42","slug":"une-decharge-a-ciel-ouvert-evacuee-par-la-mairie-de-ventabren","status":"publish","type":"post","link":"https:\/\/euapp01.newsmemory.com\/lamarseillaise\/news\/2026\/07\/21\/une-decharge-a-ciel-ouvert-evacuee-par-la-mairie-de-ventabren\/","title":{"rendered":"Une d\u00e9charge \u00e0 ciel ouvert \u00e9vacu\u00e9e par la mairie de Ventabren"},"content":{"rendered":"<div class=\"paragraph\">\n<p>Rapidement alert\u00e9e par les riverains, la municipalit\u00e9 indique avoir r\u00e9agi dans les plus brefs d\u00e9lais pour faire dispara\u00eetre ce d\u00e9potoir. \u00ab\u00a0Nous continuerons \u00e0 d\u00e9fendre les int\u00e9r\u00eats des habitants avec d\u00e9termination et dans un esprit de responsabilit\u00e9\u00a0\u00bb, a-t-elle d\u00e9clar\u00e9.<\/p>\n<\/p><\/div>\n","protected":false},"excerpt":{"rendered":"Rapidement alert&eacute;e par les riverains, la municipalit&eacute; indique avoir r&eacute;agi dans les plus brefs d&eacute;lais pour faire dispara&icirc;tre ce d&eacute;potoir. &laquo;&nbsp;Nous continuerons &agrave; d&eacute;fendre les &#8230;","protected":false},"author":1,"featured_media":37036,"comment_status":"open","ping_status":"open","sticky":false,"template":"","format":"standard","meta":{"footnotes":""},"categories":[333],"tags":[10,1744,725,106,116,1064,2846,720],"news-destination":[],"news-source":[475],"is_homepage":[],"ta_other":[],"class_list":["post-37035","post","type-post","status-publish","format-standard","has-post-thumbnail","hentry","category-environnement","tag-bouches-du-rhone","tag-decharge","tag-dechets","tag-habitants","tag-pollution","tag-riverains","tag-ventabren","tag-ville","news-source-website"],"_links":{"self":[{"href":"https:\/\/euapp01.newsmemory.com\/lamarseillaise\/news\/wp-json\/wp\/v2\/posts\/37035","targetHints":{"allow":["GET"]}}],"collection":[{"href":"https:\/\/euapp01.newsmemory.com\/lamarseillaise\/news\/wp-json\/wp\/v2\/posts"}],"about":[{"href":"https:\/\/euapp01.newsmemory.com\/lamarseillaise\/news\/wp-json\/wp\/v2\/types\/post"}],"author":[{"embeddable":true,"href":"https:\/\/euapp01.newsmemory.com\/lamarseillaise\/news\/wp-json\/wp\/v2\/users\/1"}],"replies":[{"embeddable":true,"href":"https:\/\/euapp01.newsmemory.com\/lamarseillaise\/news\/wp-json\/wp\/v2\/comments?post=37035"}],"version-history":[{"count":1,"href":"https:\/\/euapp01.newsmemory.com\/lamarseillaise\/news\/wp-json\/wp\/v2\/posts\/37035\/revisions"}],"predecessor-version":[{"id":37037,"href":"https:\/\/euapp01.newsmemory.com\/lamarseillaise\/news\/wp-json\/wp\/v2\/posts\/37035\/revisions\/37037"}],"wp:featuredmedia":[{"embeddable":true,"href":"https:\/\/euapp01.newsmemory.com\/lamarseillaise\/news\/wp-json\/wp\/v2\/media\/37036"}],"wp:attachment":[{"href":"https:\/\/euapp01.newsmemory.com\/lamarseillaise\/news\/wp-json\/wp\/v2\/media?parent=37035"}],"wp:term":[{"taxonomy":"category","embeddable":true,"href":"https:\/\/euapp01.newsmemory.com\/lamarseillaise\/news\/wp-json\/wp\/v2\/categories?post=37035"},{"taxonomy":"post_tag","embeddable":true,"href":"https:\/\/euapp01.newsmemory.com\/lamarseillaise\/news\/wp-json\/wp\/v2\/tags?post=37035"},{"taxonomy":"news-destination","embeddable":true,"href":"https:\/\/euapp01.newsmemory.com\/lamarseillaise\/news\/wp-json\/wp\/v2\/news-destination?post=37035"},{"taxonomy":"news-source","embeddable":true,"href":"https:\/\/euapp01.newsmemory.com\/lamarseillaise\/news\/wp-json\/wp\/v2\/news-source?post=37035"},{"taxonomy":"is_homepage","embeddable":true,"href":"https:\/\/euapp01.newsmemory.com\/lamarseillaise\/news\/wp-json\/wp\/v2\/is_homepage?post=37035"},{"taxonomy":"ta_other","embeddable":true,"href":"https:\/\/euapp01.newsmemory.com\/lamarseillaise\/news\/wp-json\/wp\/v2\/ta_other?post=37035"}],"curies":[{"name":"wp","href":"https:\/\/api.w.org\/{rel}","templated":true}]}}