{"id":37032,"date":"2026-07-21T10:50:00","date_gmt":"2026-07-21T08:50:00","guid":{"rendered":"https:\/\/euapp01.newsmemory.com\/lamarseillaise\/news\/?p=37032"},"modified":"2026-07-21T11:18:42","modified_gmt":"2026-07-21T09:18:42","slug":"marche-dete-sur-le-vieux-port","status":"publish","type":"post","link":"https:\/\/euapp01.newsmemory.com\/lamarseillaise\/news\/2026\/07\/21\/marche-dete-sur-le-vieux-port\/","title":{"rendered":"March\u00e9 d\u2019\u00e9t\u00e9 sur le Vieux-Port"},"content":{"rendered":"<div class=\"paragraph\">\n<p>Au total, 25 petites cabanes y sont install\u00e9es pour que les habitants et visiteurs viennent \u00e0 la rencontre d\u2019artisans passionn\u00e9s qui partagent leur savoir-faire entre m\u00e9tiers d\u2019art et cr\u00e9ations. L\u2019occasion aussi de d\u00e9guster des produits locaux s\u00e9lectionn\u00e9s avec soins par des producteurs de la r\u00e9gion. Un march\u00e9 quotidien plein de couleurs, de saveurs et de rencontres qui aura de quoi vous offrir unique de Marseille tout en soutenant l\u2019artisanat local et en faisant rayonner la culture proven\u00e7ale.<\/p>\n<\/p><\/div>\n","protected":false},"excerpt":{"rendered":"Au total, 25 petites cabanes y sont install&eacute;es pour que les habitants et visiteurs viennent &agrave; la rencontre d&rsquo;artisans passionn&eacute;s qui partagent leur savoir-faire entre m&eacute;tiers d&rsquo;art et cr&eacute;ations. &#8230;","protected":false},"author":1,"featured_media":37033,"comment_status":"open","ping_status":"open","sticky":false,"template":"","format":"standard","meta":{"footnotes":""},"categories":[20],"tags":[1881,1337,10,1122,1138,1308,1134,16,5628,2775,895,1698,935,99],"news-destination":[],"news-source":[475],"is_homepage":[],"ta_other":[],"class_list":["post-37032","post","type-post","status-publish","format-standard","has-post-thumbnail","hentry","category-societe","tag-artisanat","tag-artisans","tag-bouches-du-rhone","tag-creation","tag-festivites","tag-lete-marseillais","tag-marche","tag-marseille","tag-metiers-dart","tag-produits-locaux","tag-provence","tag-saison-estivale","tag-vieux-port","tag-ville-de-marseille","news-source-website"],"_links":{"self":[{"href":"https:\/\/euapp01.newsmemory.com\/lamarseillaise\/news\/wp-json\/wp\/v2\/posts\/37032","targetHints":{"allow":["GET"]}}],"collection":[{"href":"https:\/\/euapp01.newsmemory.com\/lamarseillaise\/news\/wp-json\/wp\/v2\/posts"}],"about":[{"href":"https:\/\/euapp01.newsmemory.com\/lamarseillaise\/news\/wp-json\/wp\/v2\/types\/post"}],"author":[{"embeddable":true,"href":"https:\/\/euapp01.newsmemory.com\/lamarseillaise\/news\/wp-json\/wp\/v2\/users\/1"}],"replies":[{"embeddable":true,"href":"https:\/\/euapp01.newsmemory.com\/lamarseillaise\/news\/wp-json\/wp\/v2\/comments?post=37032"}],"version-history":[{"count":1,"href":"https:\/\/euapp01.newsmemory.com\/lamarseillaise\/news\/wp-json\/wp\/v2\/posts\/37032\/revisions"}],"predecessor-version":[{"id":37034,"href":"https:\/\/euapp01.newsmemory.com\/lamarseillaise\/news\/wp-json\/wp\/v2\/posts\/37032\/revisions\/37034"}],"wp:featuredmedia":[{"embeddable":true,"href":"https:\/\/euapp01.newsmemory.com\/lamarseillaise\/news\/wp-json\/wp\/v2\/media\/37033"}],"wp:attachment":[{"href":"https:\/\/euapp01.newsmemory.com\/lamarseillaise\/news\/wp-json\/wp\/v2\/media?parent=37032"}],"wp:term":[{"taxonomy":"category","embeddable":true,"href":"https:\/\/euapp01.newsmemory.com\/lamarseillaise\/news\/wp-json\/wp\/v2\/categories?post=37032"},{"taxonomy":"post_tag","embeddable":true,"href":"https:\/\/euapp01.newsmemory.com\/lamarseillaise\/news\/wp-json\/wp\/v2\/tags?post=37032"},{"taxonomy":"news-destination","embeddable":true,"href":"https:\/\/euapp01.newsmemory.com\/lamarseillaise\/news\/wp-json\/wp\/v2\/news-destination?post=37032"},{"taxonomy":"news-source","embeddable":true,"href":"https:\/\/euapp01.newsmemory.com\/lamarseillaise\/news\/wp-json\/wp\/v2\/news-source?post=37032"},{"taxonomy":"is_homepage","embeddable":true,"href":"https:\/\/euapp01.newsmemory.com\/lamarseillaise\/news\/wp-json\/wp\/v2\/is_homepage?post=37032"},{"taxonomy":"ta_other","embeddable":true,"href":"https:\/\/euapp01.newsmemory.com\/lamarseillaise\/news\/wp-json\/wp\/v2\/ta_other?post=37032"}],"curies":[{"name":"wp","href":"https:\/\/api.w.org\/{rel}","templated":true}]}}