{"id":37029,"date":"2026-07-21T10:47:00","date_gmt":"2026-07-21T08:47:00","guid":{"rendered":"https:\/\/euapp01.newsmemory.com\/lamarseillaise\/news\/?p=37029"},"modified":"2026-07-21T10:52:39","modified_gmt":"2026-07-21T08:52:39","slug":"le-prefet-de-bouches-du-rhone-appelle-a-la-prudence-maximale-face-au-risque-incendie","status":"publish","type":"post","link":"https:\/\/euapp01.newsmemory.com\/lamarseillaise\/news\/2026\/07\/21\/le-prefet-de-bouches-du-rhone-appelle-a-la-prudence-maximale-face-au-risque-incendie\/","title":{"rendered":"Le pr\u00e9fet de Bouches-du-Rh\u00f4ne appelle \u00e0 la \u00ab prudence maximale \u00bb face au risque incendie"},"content":{"rendered":"<div class=\"paragraph\">\n<p>Ce mardi 21 juillet, M\u00e9t\u00e9o-France a plac\u00e9 plusieurs zones en risque \u00ab tr\u00e8s s\u00e9v\u00e8re \u00bb ou \u00ab extr\u00eame \u00bb, entra\u00eenant l\u2019interdiction d\u2019acc\u00e8s \u00e0 la plupart des massifs forestiers. Alors que les sapeurs-pompiers font face \u00e0 une \u00ab tension op\u00e9rationnelle actuellement tr\u00e8s forte \u00bb et qu\u2019un \u00ab nombre significatif de d\u00e9parts de feux est enregistr\u00e9 ces derniers jours \u00bb, le repr\u00e9sentant de l\u2019\u00c9tat met en garde contre un danger permanent. \u00c9voquant les incendies survenus ce week-end dans les d\u00e9partements voisins, il appelle les habitants \u00e0 \u00ab une prudence maximale \u00bb et demande \u00e0 tous de \u00ab relayer ces consignes de prudence et de respect des prescriptions r\u00e9glementaires \u00bb. \u00c0 noter que le d\u00e9partement des Bouches-du-Rh\u00f4ne reste en vigilance orange canicule, ce mardi.<\/p>\n<\/p><\/div>\n<div class=\"paragraph\">\n<p>Pour consulter la carte du d\u00e9partement, <a rel=\"nofollow noopener noreferrer\" href=\"https:\/\/www.risque-prevention-incendie.fr\/bouches-du-rhone\" target=\"_blank\">cliquez ici<\/a>.<\/p>\n<\/p><\/div>\n","protected":false},"excerpt":{"rendered":"Ce mardi 21 juillet, M&eacute;t&eacute;o-France a plac&eacute; plusieurs zones en risque &laquo; tr&egrave;s s&eacute;v&egrave;re &raquo; ou &laquo; extr&ecirc;me &raquo;, entra&icirc;nant l&rsquo;interdiction d&rsquo;acc&egrave;s &agrave; la &#8230;","protected":false},"author":1,"featured_media":37030,"comment_status":"open","ping_status":"open","sticky":false,"template":"","format":"standard","meta":{"footnotes":""},"categories":[20],"tags":[10,4015,1396,2500,1131,1567,1911,2087],"news-destination":[],"news-source":[475],"is_homepage":[],"ta_other":[],"class_list":["post-37029","post","type-post","status-publish","format-standard","has-post-thumbnail","hentry","category-societe","tag-bouches-du-rhone","tag-feux-de-foret","tag-incendies","tag-massifs","tag-prefecture","tag-prefet","tag-risques","tag-vigilance","news-source-website"],"_links":{"self":[{"href":"https:\/\/euapp01.newsmemory.com\/lamarseillaise\/news\/wp-json\/wp\/v2\/posts\/37029","targetHints":{"allow":["GET"]}}],"collection":[{"href":"https:\/\/euapp01.newsmemory.com\/lamarseillaise\/news\/wp-json\/wp\/v2\/posts"}],"about":[{"href":"https:\/\/euapp01.newsmemory.com\/lamarseillaise\/news\/wp-json\/wp\/v2\/types\/post"}],"author":[{"embeddable":true,"href":"https:\/\/euapp01.newsmemory.com\/lamarseillaise\/news\/wp-json\/wp\/v2\/users\/1"}],"replies":[{"embeddable":true,"href":"https:\/\/euapp01.newsmemory.com\/lamarseillaise\/news\/wp-json\/wp\/v2\/comments?post=37029"}],"version-history":[{"count":1,"href":"https:\/\/euapp01.newsmemory.com\/lamarseillaise\/news\/wp-json\/wp\/v2\/posts\/37029\/revisions"}],"predecessor-version":[{"id":37031,"href":"https:\/\/euapp01.newsmemory.com\/lamarseillaise\/news\/wp-json\/wp\/v2\/posts\/37029\/revisions\/37031"}],"wp:featuredmedia":[{"embeddable":true,"href":"https:\/\/euapp01.newsmemory.com\/lamarseillaise\/news\/wp-json\/wp\/v2\/media\/37030"}],"wp:attachment":[{"href":"https:\/\/euapp01.newsmemory.com\/lamarseillaise\/news\/wp-json\/wp\/v2\/media?parent=37029"}],"wp:term":[{"taxonomy":"category","embeddable":true,"href":"https:\/\/euapp01.newsmemory.com\/lamarseillaise\/news\/wp-json\/wp\/v2\/categories?post=37029"},{"taxonomy":"post_tag","embeddable":true,"href":"https:\/\/euapp01.newsmemory.com\/lamarseillaise\/news\/wp-json\/wp\/v2\/tags?post=37029"},{"taxonomy":"news-destination","embeddable":true,"href":"https:\/\/euapp01.newsmemory.com\/lamarseillaise\/news\/wp-json\/wp\/v2\/news-destination?post=37029"},{"taxonomy":"news-source","embeddable":true,"href":"https:\/\/euapp01.newsmemory.com\/lamarseillaise\/news\/wp-json\/wp\/v2\/news-source?post=37029"},{"taxonomy":"is_homepage","embeddable":true,"href":"https:\/\/euapp01.newsmemory.com\/lamarseillaise\/news\/wp-json\/wp\/v2\/is_homepage?post=37029"},{"taxonomy":"ta_other","embeddable":true,"href":"https:\/\/euapp01.newsmemory.com\/lamarseillaise\/news\/wp-json\/wp\/v2\/ta_other?post=37029"}],"curies":[{"name":"wp","href":"https:\/\/api.w.org\/{rel}","templated":true}]}}