{"id":37020,"date":"2026-07-21T10:09:00","date_gmt":"2026-07-21T08:09:00","guid":{"rendered":"https:\/\/euapp01.newsmemory.com\/lamarseillaise\/news\/?p=37020"},"modified":"2026-07-21T10:26:54","modified_gmt":"2026-07-21T08:26:54","slug":"cest-lete-les-arthropodes-a-aubignan","status":"publish","type":"post","link":"https:\/\/euapp01.newsmemory.com\/lamarseillaise\/news\/2026\/07\/21\/cest-lete-les-arthropodes-a-aubignan\/","title":{"rendered":"[C\u2019est l\u2019\u00e9t\u00e9] Les arthropodes \u00e0 Aubignan"},"content":{"rendered":"<div class=\"paragraph\">\n<p>Dans le cadre des Rendez-vous nature organis\u00e9s par le d\u00e9partement de Vaucluse chaque ann\u00e9e, entre les mois de mai et de novembre, pour partir \u00e0 la d\u00e9couverte de dame nature, petits et grands sont attendus sur la zone humide de Belle-\u00cele, \u00e0 la d\u00e9couverte de ces petites b\u00e9b\u00eates souvent m\u00e9connues et mal aim\u00e9es, seuls invert\u00e9br\u00e9s \u00e0 poss\u00e9der des pattes&#8230; En compagnie de deux experts des associations R\u00eave et CEN Paca.<\/p>\n<\/p><\/div>\n<div class=\"paragraph\">\n<p><i>De 18h \u00e0 20h30. <\/i><\/p>\n<p><i>Gratuit. <\/i><\/p>\n<\/p><\/div>\n","protected":false},"excerpt":{"rendered":"Dans le cadre des Rendez-vous nature organis&eacute;s par le d&eacute;partement de Vaucluse chaque ann&eacute;e, entre les mois de mai et de novembre, pour partir &agrave; la d&eacute;couverte de dame nature, petits et grands sont attendus sur la &#8230;","protected":false},"author":1,"featured_media":37021,"comment_status":"open","ping_status":"open","sticky":false,"template":"","format":"standard","meta":{"footnotes":""},"categories":[333],"tags":[2873,84,6085,57,58,376,377,55,938,171,209],"news-destination":[],"news-source":[475],"is_homepage":[],"ta_other":[],"class_list":["post-37020","post","type-post","status-publish","format-standard","has-post-thumbnail","hentry","category-environnement","tag-activites-de-loisirs","tag-biodiversite","tag-cest-lete","tag-enfants","tag-famille","tag-faune-sauvage","tag-insectes","tag-loisirs","tag-nature","tag-vaucluse","tag-zones-humides","news-source-website"],"_links":{"self":[{"href":"https:\/\/euapp01.newsmemory.com\/lamarseillaise\/news\/wp-json\/wp\/v2\/posts\/37020","targetHints":{"allow":["GET"]}}],"collection":[{"href":"https:\/\/euapp01.newsmemory.com\/lamarseillaise\/news\/wp-json\/wp\/v2\/posts"}],"about":[{"href":"https:\/\/euapp01.newsmemory.com\/lamarseillaise\/news\/wp-json\/wp\/v2\/types\/post"}],"author":[{"embeddable":true,"href":"https:\/\/euapp01.newsmemory.com\/lamarseillaise\/news\/wp-json\/wp\/v2\/users\/1"}],"replies":[{"embeddable":true,"href":"https:\/\/euapp01.newsmemory.com\/lamarseillaise\/news\/wp-json\/wp\/v2\/comments?post=37020"}],"version-history":[{"count":1,"href":"https:\/\/euapp01.newsmemory.com\/lamarseillaise\/news\/wp-json\/wp\/v2\/posts\/37020\/revisions"}],"predecessor-version":[{"id":37022,"href":"https:\/\/euapp01.newsmemory.com\/lamarseillaise\/news\/wp-json\/wp\/v2\/posts\/37020\/revisions\/37022"}],"wp:featuredmedia":[{"embeddable":true,"href":"https:\/\/euapp01.newsmemory.com\/lamarseillaise\/news\/wp-json\/wp\/v2\/media\/37021"}],"wp:attachment":[{"href":"https:\/\/euapp01.newsmemory.com\/lamarseillaise\/news\/wp-json\/wp\/v2\/media?parent=37020"}],"wp:term":[{"taxonomy":"category","embeddable":true,"href":"https:\/\/euapp01.newsmemory.com\/lamarseillaise\/news\/wp-json\/wp\/v2\/categories?post=37020"},{"taxonomy":"post_tag","embeddable":true,"href":"https:\/\/euapp01.newsmemory.com\/lamarseillaise\/news\/wp-json\/wp\/v2\/tags?post=37020"},{"taxonomy":"news-destination","embeddable":true,"href":"https:\/\/euapp01.newsmemory.com\/lamarseillaise\/news\/wp-json\/wp\/v2\/news-destination?post=37020"},{"taxonomy":"news-source","embeddable":true,"href":"https:\/\/euapp01.newsmemory.com\/lamarseillaise\/news\/wp-json\/wp\/v2\/news-source?post=37020"},{"taxonomy":"is_homepage","embeddable":true,"href":"https:\/\/euapp01.newsmemory.com\/lamarseillaise\/news\/wp-json\/wp\/v2\/is_homepage?post=37020"},{"taxonomy":"ta_other","embeddable":true,"href":"https:\/\/euapp01.newsmemory.com\/lamarseillaise\/news\/wp-json\/wp\/v2\/ta_other?post=37020"}],"curies":[{"name":"wp","href":"https:\/\/api.w.org\/{rel}","templated":true}]}}