{"id":37008,"date":"2026-07-21T09:40:00","date_gmt":"2026-07-21T07:40:00","guid":{"rendered":"https:\/\/euapp01.newsmemory.com\/lamarseillaise\/news\/?p=37008"},"modified":"2026-07-21T10:26:54","modified_gmt":"2026-07-21T08:26:54","slug":"cest-lete-festival-de-la-lune-a-carqueiranne","status":"publish","type":"post","link":"https:\/\/euapp01.newsmemory.com\/lamarseillaise\/news\/2026\/07\/21\/cest-lete-festival-de-la-lune-a-carqueiranne\/","title":{"rendered":"[C\u2019est l\u2019\u00e9t\u00e9] Festival de la Lune \u00e0 Carqueiranne"},"content":{"rendered":"<div class=\"paragraph\">\n<p>Plac\u00e9e sous le th\u00e8me \u00ab\u00a0Smart &#038; Glamour\u00a0\u00bb, cette nouvelle saison m\u00eale avant-premi\u00e8res, grands succ\u00e8s populaires et cin\u00e9ma d\u2019auteur, dans trois lieux embl\u00e9matiques du Var.<br \/>Ce mardi, vous avez donc rendez-vous \u00e0 Carqueiranne, c\u0153ur de la manifestation, et plus pr\u00e9cis\u00e9ment au sein de l\u2019auditorium de Clair-Val pour la projection du film d\u2019animation <i>Des Minions et des Monstres,<\/i> actuellement en salle et qui raconte l\u2019histoire turbulente, absurde et \u00e9videmment vraie des Minions, et la mani\u00e8re dont ils ont conquis Hollywood. La projection est \u00e0 21h30. Entre 5 et 8 euros la place.<\/p>\n<\/p><\/div>\n","protected":false},"excerpt":{"rendered":"Plac&eacute;e sous le th&egrave;me &laquo;&nbsp;Smart &amp; Glamour&nbsp;&raquo;, cette nouvelle saison m&ecirc;le avant-premi&egrave;res, grands succ&egrave;s populaires et cin&eacute;ma d&rsquo;auteur, dans trois lieux embl&eacute;matiques du &#8230;","protected":false},"author":1,"featured_media":37009,"comment_status":"open","ping_status":"open","sticky":false,"template":"","format":"standard","meta":{"footnotes":""},"categories":[32],"tags":[1307,6085,3286,6138,919,57,58,329,55,2000,31],"news-destination":[],"news-source":[475],"is_homepage":[],"ta_other":[],"class_list":["post-37008","post","type-post","status-publish","format-standard","has-post-thumbnail","hentry","category-culture","tag-animation","tag-cest-lete","tag-carqueiranne","tag-cine-plein-air","tag-cinema","tag-enfants","tag-famille","tag-festival","tag-loisirs","tag-plein-air","tag-var","news-source-website"],"_links":{"self":[{"href":"https:\/\/euapp01.newsmemory.com\/lamarseillaise\/news\/wp-json\/wp\/v2\/posts\/37008","targetHints":{"allow":["GET"]}}],"collection":[{"href":"https:\/\/euapp01.newsmemory.com\/lamarseillaise\/news\/wp-json\/wp\/v2\/posts"}],"about":[{"href":"https:\/\/euapp01.newsmemory.com\/lamarseillaise\/news\/wp-json\/wp\/v2\/types\/post"}],"author":[{"embeddable":true,"href":"https:\/\/euapp01.newsmemory.com\/lamarseillaise\/news\/wp-json\/wp\/v2\/users\/1"}],"replies":[{"embeddable":true,"href":"https:\/\/euapp01.newsmemory.com\/lamarseillaise\/news\/wp-json\/wp\/v2\/comments?post=37008"}],"version-history":[{"count":1,"href":"https:\/\/euapp01.newsmemory.com\/lamarseillaise\/news\/wp-json\/wp\/v2\/posts\/37008\/revisions"}],"predecessor-version":[{"id":37010,"href":"https:\/\/euapp01.newsmemory.com\/lamarseillaise\/news\/wp-json\/wp\/v2\/posts\/37008\/revisions\/37010"}],"wp:featuredmedia":[{"embeddable":true,"href":"https:\/\/euapp01.newsmemory.com\/lamarseillaise\/news\/wp-json\/wp\/v2\/media\/37009"}],"wp:attachment":[{"href":"https:\/\/euapp01.newsmemory.com\/lamarseillaise\/news\/wp-json\/wp\/v2\/media?parent=37008"}],"wp:term":[{"taxonomy":"category","embeddable":true,"href":"https:\/\/euapp01.newsmemory.com\/lamarseillaise\/news\/wp-json\/wp\/v2\/categories?post=37008"},{"taxonomy":"post_tag","embeddable":true,"href":"https:\/\/euapp01.newsmemory.com\/lamarseillaise\/news\/wp-json\/wp\/v2\/tags?post=37008"},{"taxonomy":"news-destination","embeddable":true,"href":"https:\/\/euapp01.newsmemory.com\/lamarseillaise\/news\/wp-json\/wp\/v2\/news-destination?post=37008"},{"taxonomy":"news-source","embeddable":true,"href":"https:\/\/euapp01.newsmemory.com\/lamarseillaise\/news\/wp-json\/wp\/v2\/news-source?post=37008"},{"taxonomy":"is_homepage","embeddable":true,"href":"https:\/\/euapp01.newsmemory.com\/lamarseillaise\/news\/wp-json\/wp\/v2\/is_homepage?post=37008"},{"taxonomy":"ta_other","embeddable":true,"href":"https:\/\/euapp01.newsmemory.com\/lamarseillaise\/news\/wp-json\/wp\/v2\/ta_other?post=37008"}],"curies":[{"name":"wp","href":"https:\/\/api.w.org\/{rel}","templated":true}]}}