{"id":37005,"date":"2026-07-21T09:17:00","date_gmt":"2026-07-21T07:17:00","guid":{"rendered":"https:\/\/euapp01.newsmemory.com\/lamarseillaise\/news\/?p=37005"},"modified":"2026-07-21T10:12:41","modified_gmt":"2026-07-21T08:12:41","slug":"la-garde-regionale-forestiere-un-nouvel-outil-de-prevention-contre-les-incendies","status":"publish","type":"post","link":"https:\/\/euapp01.newsmemory.com\/lamarseillaise\/news\/2026\/07\/21\/la-garde-regionale-forestiere-un-nouvel-outil-de-prevention-contre-les-incendies\/","title":{"rendered":"La garde r\u00e9gionale foresti\u00e8re, un nouvel outil de pr\u00e9vention contre les incendies"},"content":{"rendered":"<div class=\"paragraph\">\n<p>Chaque jour, Savine et Naoa parcourent plus d\u2019une vingtaine de kilom\u00e8tres \u00e0 travers les zones foresti\u00e8res de la presqu\u2019\u00eele de Giens. Pas pour faire du tourisme, ni du sport, mais pour pr\u00e9venir les risques d\u2019incendie qui menacent les massifs varois, sur un territoire qui accueille 900\u00a0000\u00a0personnes chaque ann\u00e9e, jusqu\u2019\u00e0 45\u00a0000 par jour en \u00e9t\u00e9. Ils font en effet partie des 250\u00a0gardes r\u00e9gionaux forestiers, une brigade cr\u00e9\u00e9e par la R\u00e9gion Sud dans le cadre du plan de lutte contre les incendies \u00ab\u00a0Guerre du feu\u00a0\u00bb, institu\u00e9 en 2018. Ce dispositif vise \u00e0 soutenir les for\u00eats, les collectivit\u00e9s et les acteurs de la pr\u00e9vention et de la lutte contre les incendies gr\u00e2ce \u00e0 des moyens humains et mat\u00e9riels renforc\u00e9s.<\/p>\n<\/p><\/div>\n<div class=\"intext\"> Pr\u00e9vention et observation\n              <\/div>\n<div class=\"paragraph\">\n<p>Employ\u00e9s saisonniers, de mi-juin \u00e0 fin ao\u00fbt, ils sont une centaine pour le seul d\u00e9partement du Var, dont 14, depuis cette ann\u00e9e, dans le territoire de la m\u00e9tropole TPM, parmi lesquels deux sont d\u00e9ploy\u00e9s \u00e0 Giens. Deux autres d\u00e9pendent du Parc national de Port-Cros. Ils travaillent en \u00e9troite collaboration avec les autres \u00e9quipes de surveillance de la zone, \u00e0 savoir deux \u00e9co-gardes permanents, ainsi que des personnels de l\u2019Office national des for\u00eats (ONF), du Parc national de Port-Cros et du Conservatoire du littoral, dot\u00e9s, contrairement \u00e0 eux, d\u2019un pouvoir de police. Car leur mission principale est d\u2019\u00eatre \u00ab\u00a0<i>le premier rempart, de pr\u00e9venir avant qu\u2019il y ait un drame<\/i>, explique Naoa. <i>On a \u00e0 c\u0153ur de prot\u00e9ger notre magnifique territoire et de tout faire pour qu\u2019il prosp\u00e8re<\/i><i>\u00a0<\/i>\u00bb.<\/p>\n<p>Cela passe aussi par \u00ab\u00a0<i>l\u2019observation de la nature<\/i>\u00a0\u00bb, explique Savine, ornithologue de formation. \u00ab\u00a0<i>On a des esp\u00e8ces rares ici, et c\u2019est important de les prot\u00e9ger. Notre r\u00f4le, c\u2019est aussi de les suivre, notamment sur le plan de leur reproduction.<\/i><i>\u00a0<\/i>\u00bb Avant d\u2019entrer en fonction, les gardes r\u00e9gionaux forestiers, qui travaillent syst\u00e9matiquement en bin\u00f4mes, b\u00e9n\u00e9ficient ainsi de trois jours de formation, notamment sur le volet de la biodiversit\u00e9 et du contact avec les personnes. \u00ab\u00a0<i>Souvent, quand on arrive avec un sourire, \u00e7a d\u00e9samorce le conflit et permet de mettre en confiance<\/i>\u00a0\u00bb, note Savine. Ce qui r\u00e9ussit plut\u00f4t bien au bin\u00f4me, qui n\u2019a eu aucun incident \u00e0 d\u00e9plorer en un mois de patrouille.<\/p>\n<\/p><\/div>\n","protected":false},"excerpt":{"rendered":"Chaque jour, Savine et Naoa parcourent plus d&rsquo;une vingtaine de kilom&egrave;tres &agrave; travers les zones foresti&egrave;res de la presqu&rsquo;&icirc;le de Giens. Pas pour faire du tourisme, ni du sport, mais pour pr&eacute;venir les &#8230;","protected":false},"author":1,"featured_media":37006,"comment_status":"open","ping_status":"open","sticky":false,"template":"","format":"standard","meta":{"footnotes":""},"categories":[20],"tags":[84,1454,318,6137,27,319,1396,2500,535,938,3584,1404,431,714,1359,88,137,4285,159,31],"news-destination":[],"news-source":[475],"is_homepage":[],"ta_other":[],"class_list":["post-37005","post","type-post","status-publish","format-standard","has-post-thumbnail","hentry","category-societe","tag-biodiversite","tag-conservatoire-du-littoral","tag-feu","tag-giens","tag-hyeres","tag-incendie","tag-incendies","tag-massifs","tag-metropole","tag-nature","tag-onf","tag-parc-national","tag-prevention","tag-region-sud","tag-saisonniers","tag-surveillance","tag-territoire","tag-toulon-provence-metropole","tag-touristes","tag-var","news-source-website"],"_links":{"self":[{"href":"https:\/\/euapp01.newsmemory.com\/lamarseillaise\/news\/wp-json\/wp\/v2\/posts\/37005","targetHints":{"allow":["GET"]}}],"collection":[{"href":"https:\/\/euapp01.newsmemory.com\/lamarseillaise\/news\/wp-json\/wp\/v2\/posts"}],"about":[{"href":"https:\/\/euapp01.newsmemory.com\/lamarseillaise\/news\/wp-json\/wp\/v2\/types\/post"}],"author":[{"embeddable":true,"href":"https:\/\/euapp01.newsmemory.com\/lamarseillaise\/news\/wp-json\/wp\/v2\/users\/1"}],"replies":[{"embeddable":true,"href":"https:\/\/euapp01.newsmemory.com\/lamarseillaise\/news\/wp-json\/wp\/v2\/comments?post=37005"}],"version-history":[{"count":1,"href":"https:\/\/euapp01.newsmemory.com\/lamarseillaise\/news\/wp-json\/wp\/v2\/posts\/37005\/revisions"}],"predecessor-version":[{"id":37007,"href":"https:\/\/euapp01.newsmemory.com\/lamarseillaise\/news\/wp-json\/wp\/v2\/posts\/37005\/revisions\/37007"}],"wp:featuredmedia":[{"embeddable":true,"href":"https:\/\/euapp01.newsmemory.com\/lamarseillaise\/news\/wp-json\/wp\/v2\/media\/37006"}],"wp:attachment":[{"href":"https:\/\/euapp01.newsmemory.com\/lamarseillaise\/news\/wp-json\/wp\/v2\/media?parent=37005"}],"wp:term":[{"taxonomy":"category","embeddable":true,"href":"https:\/\/euapp01.newsmemory.com\/lamarseillaise\/news\/wp-json\/wp\/v2\/categories?post=37005"},{"taxonomy":"post_tag","embeddable":true,"href":"https:\/\/euapp01.newsmemory.com\/lamarseillaise\/news\/wp-json\/wp\/v2\/tags?post=37005"},{"taxonomy":"news-destination","embeddable":true,"href":"https:\/\/euapp01.newsmemory.com\/lamarseillaise\/news\/wp-json\/wp\/v2\/news-destination?post=37005"},{"taxonomy":"news-source","embeddable":true,"href":"https:\/\/euapp01.newsmemory.com\/lamarseillaise\/news\/wp-json\/wp\/v2\/news-source?post=37005"},{"taxonomy":"is_homepage","embeddable":true,"href":"https:\/\/euapp01.newsmemory.com\/lamarseillaise\/news\/wp-json\/wp\/v2\/is_homepage?post=37005"},{"taxonomy":"ta_other","embeddable":true,"href":"https:\/\/euapp01.newsmemory.com\/lamarseillaise\/news\/wp-json\/wp\/v2\/ta_other?post=37005"}],"curies":[{"name":"wp","href":"https:\/\/api.w.org\/{rel}","templated":true}]}}