{"id":37002,"date":"2026-07-21T09:01:00","date_gmt":"2026-07-21T07:01:00","guid":{"rendered":"https:\/\/euapp01.newsmemory.com\/lamarseillaise\/news\/?p=37002"},"modified":"2026-07-21T10:12:41","modified_gmt":"2026-07-21T08:12:41","slug":"lopposition-au-retour-de-la-voiture-se-poursuit-a-avignon","status":"publish","type":"post","link":"https:\/\/euapp01.newsmemory.com\/lamarseillaise\/news\/2026\/07\/21\/lopposition-au-retour-de-la-voiture-se-poursuit-a-avignon\/","title":{"rendered":"L\u2019opposition au retour de la voiture se poursuit \u00e0 Avignon"},"content":{"rendered":"<div class=\"paragraph\">\n<p>Sur le square Indochine, \u00e0 Avignon, ce lundi 20 juillet en d\u00e9but de soir\u00e9e, une soixantaine de personnes se sont mobilis\u00e9es contre l\u2019adaptation du plan Faubourgs, mais aussi, dans le m\u00eame temps, pour la reprise de la v\u00e9g\u00e9talisation des cours d\u2019\u00e9cole. Deux combats li\u00e9s, port\u00e9s par plusieurs associations qui avaient organis\u00e9 cet \u00e9v\u00e9nement auquel le maire et ses adjoints \u00e9taient invit\u00e9s. Ces derniers, absents, ont en effet d\u00e9cid\u00e9 de rouvrir \u00e0 la circulation automobile plusieurs axes de la ville, tout en r\u00e9duisant le nombre de projets de v\u00e9g\u00e9talisation des cours d\u2019\u00e9cole pour des raisons budg\u00e9taires. \u00ab\u00a0<i>Aujourd\u2019hui, on constate qu\u2019il n\u2019a pas tenu une promesse de campagne, qui \u00e9tait de concerter les habitants de chaque quartier<\/i>\u00a0\u00bb, regrette Val\u00e9rie Villete, pr\u00e9sidente de l\u2019association Les Quatre Boulevards.<\/p>\n<p>Un regret \u00e9galement pour les parents d\u2019\u00e9l\u00e8ves de l\u2019\u00e9cole Monclar, \u00e0 quelques m\u00e8tres de l\u00e0. \u00ab\u00a0<i>Ici, c\u2019\u00e9tait devenu un lieu de vie. L\u00e0, un retour des voitures sur cinquante m\u00e8tres ne changera quasiment rien au niveau de la circulation et mettra un peu plus en danger nos enfants<\/i><i>\u00a0<\/i>\u00bb, regrette Pauline, maman d\u2019un \u00e9l\u00e8ve de l\u2019\u00e9tablissement.<\/p>\n<\/p><\/div>\n<div class=\"intext\"> Pas de finances\n              <\/div>\n<div class=\"paragraph\">\n<p>Si Val\u00e9rie Villete prend pour mod\u00e8le la politique de Singapour, \u00ab<i>\u00a0<\/i><i>o\u00f9 il est montr\u00e9 que moins de voitures et plus d\u2019arbres font baisser la temp\u00e9rature<\/i><i>\u00a0<\/i>\u00bb, assure-t-elle, l\u2019adjoint au maire d\u00e9l\u00e9gu\u00e9 \u00e0 la circulation, aux mobilit\u00e9s et \u00e0 la voirie, Nicolas Donadille, ne l\u2019entend pas de cette oreille. Il assure dans sa r\u00e9ponse, que <i>La<\/i><i>\u00a0<\/i><i>Marseillaise<\/i> a pu consulter, que les sujets n\u2019ont \u00ab\u00a0<i>pas de liens directs<\/i><i>\u00a0<\/i>\u00bb. Et que, au sujet de la concertation, \u00ab\u00a0<i>elle a \u00e9t\u00e9 tranch\u00e9e par les \u00e9lecteurs en mars dernier<\/i>\u00a0\u00bb. Il reprend, pour les cours d\u2019\u00e9cole, que \u00ab\u00a0<i>les finances laiss\u00e9es<\/i><i>\u00a0<\/i>\u00bb ne permettent pas de poursuivre le projet.<\/p>\n<\/p><\/div>\n","protected":false},"excerpt":{"rendered":"Sur le square Indochine, &agrave; Avignon, ce lundi 20 juillet en d&eacute;but de soir&eacute;e, une soixantaine de personnes se sont mobilis&eacute;es contre l&rsquo;adaptation du plan Faubourgs, mais aussi, dans le m&ecirc;me temps, pour la &#8230;","protected":false},"author":1,"featured_media":37003,"comment_status":"open","ping_status":"open","sticky":false,"template":"","format":"standard","meta":{"footnotes":""},"categories":[20],"tags":[138,174,1420,146,4914,3902,171,1547,1175],"news-destination":[],"news-source":[475],"is_homepage":[],"ta_other":[],"class_list":["post-37002","post","type-post","status-publish","format-standard","has-post-thumbnail","hentry","category-societe","tag-associations","tag-avignon","tag-circulation","tag-concertation","tag-olivier-galzi","tag-reouverture","tag-vaucluse","tag-vegetalisation","tag-voitures","news-source-website"],"_links":{"self":[{"href":"https:\/\/euapp01.newsmemory.com\/lamarseillaise\/news\/wp-json\/wp\/v2\/posts\/37002","targetHints":{"allow":["GET"]}}],"collection":[{"href":"https:\/\/euapp01.newsmemory.com\/lamarseillaise\/news\/wp-json\/wp\/v2\/posts"}],"about":[{"href":"https:\/\/euapp01.newsmemory.com\/lamarseillaise\/news\/wp-json\/wp\/v2\/types\/post"}],"author":[{"embeddable":true,"href":"https:\/\/euapp01.newsmemory.com\/lamarseillaise\/news\/wp-json\/wp\/v2\/users\/1"}],"replies":[{"embeddable":true,"href":"https:\/\/euapp01.newsmemory.com\/lamarseillaise\/news\/wp-json\/wp\/v2\/comments?post=37002"}],"version-history":[{"count":1,"href":"https:\/\/euapp01.newsmemory.com\/lamarseillaise\/news\/wp-json\/wp\/v2\/posts\/37002\/revisions"}],"predecessor-version":[{"id":37004,"href":"https:\/\/euapp01.newsmemory.com\/lamarseillaise\/news\/wp-json\/wp\/v2\/posts\/37002\/revisions\/37004"}],"wp:featuredmedia":[{"embeddable":true,"href":"https:\/\/euapp01.newsmemory.com\/lamarseillaise\/news\/wp-json\/wp\/v2\/media\/37003"}],"wp:attachment":[{"href":"https:\/\/euapp01.newsmemory.com\/lamarseillaise\/news\/wp-json\/wp\/v2\/media?parent=37002"}],"wp:term":[{"taxonomy":"category","embeddable":true,"href":"https:\/\/euapp01.newsmemory.com\/lamarseillaise\/news\/wp-json\/wp\/v2\/categories?post=37002"},{"taxonomy":"post_tag","embeddable":true,"href":"https:\/\/euapp01.newsmemory.com\/lamarseillaise\/news\/wp-json\/wp\/v2\/tags?post=37002"},{"taxonomy":"news-destination","embeddable":true,"href":"https:\/\/euapp01.newsmemory.com\/lamarseillaise\/news\/wp-json\/wp\/v2\/news-destination?post=37002"},{"taxonomy":"news-source","embeddable":true,"href":"https:\/\/euapp01.newsmemory.com\/lamarseillaise\/news\/wp-json\/wp\/v2\/news-source?post=37002"},{"taxonomy":"is_homepage","embeddable":true,"href":"https:\/\/euapp01.newsmemory.com\/lamarseillaise\/news\/wp-json\/wp\/v2\/is_homepage?post=37002"},{"taxonomy":"ta_other","embeddable":true,"href":"https:\/\/euapp01.newsmemory.com\/lamarseillaise\/news\/wp-json\/wp\/v2\/ta_other?post=37002"}],"curies":[{"name":"wp","href":"https:\/\/api.w.org\/{rel}","templated":true}]}}