{"id":36996,"date":"2026-07-21T09:06:00","date_gmt":"2026-07-21T07:06:00","guid":{"rendered":"https:\/\/euapp01.newsmemory.com\/lamarseillaise\/news\/?p=36996"},"modified":"2026-07-28T09:08:34","modified_gmt":"2026-07-28T07:08:34","slug":"femmes-au-travail-la-region-occitanie-en-premiere-ligne","status":"publish","type":"post","link":"https:\/\/euapp01.newsmemory.com\/lamarseillaise\/news\/2026\/07\/21\/femmes-au-travail-la-region-occitanie-en-premiere-ligne\/","title":{"rendered":"Femmes au travail : la R\u00e9gion Occitanie en premi\u00e8re ligne"},"content":{"rendered":"<div class=\"paragraph\">\n<p>Douleurs pelviennes, abdominales, naus\u00e9es, c\u00e9phal\u00e9es, troubles hormonaux, mal-\u00eatre&#8230; La liste des effets ind\u00e9sirables li\u00e9s aux menstruations est malheureusement longue pour de nombreuses femmes. Pourtant, en soci\u00e9t\u00e9, cette douleur est souvent tue. Dans une \u00e9tude de l\u2019Ifop datant de 2022, 65% des femmes salari\u00e9es interrog\u00e9es disent avoir d\u00e9j\u00e0 \u00e9t\u00e9 confront\u00e9es \u00e0 des difficult\u00e9s li\u00e9es \u00e0 leurs r\u00e8gles au travail, 53% confient avoir des r\u00e8gles douloureuses et 35% d\u00e9clarent que leurs douleurs menstruelles impactent n\u00e9gativement leur travail.<\/p>\n<p>Suite \u00e0 l\u2019interpellation, en s\u00e9ance pl\u00e9ni\u00e8re, de Marielle Garonzi, \u00e9lue d\u2019un groupe d\u2019opposition de droite, sur la capacit\u00e9 de la collectivit\u00e9 \u00e0 r\u00e9pondre aux besoins des femmes souffrant notamment d\u2019endom\u00e9triose -dont les r\u00e8gles douloureuses sont le principal sympt\u00f4me- la R\u00e9gion a d\u00e9cid\u00e9 de se saisir de la question. Le 4 juin, l\u2019ensemble des groupes politiques -sauf le RN -ont ainsi adopt\u00e9 un v\u0153u visant \u00e0<i> \u00ab mieux reconna\u00eetre les probl\u00e9matiques hormonales impactant la sant\u00e9 des femmes dans l\u2019organisation de l\u2019administration r\u00e9gionale \u00bb. <\/i>Pour ce faire, un groupe de travail transpartisan -\u00e0 l\u2019exception, l\u00e0 encore, du RN-, impuls\u00e9 par la pr\u00e9sidente de R\u00e9gion PS Carole Delga, a planch\u00e9 sur le sujet, auditionnant durant trois mois les services juridiques de la collectivit\u00e9, des associations de lutte contre l\u2019endom\u00e9triose, des professionnels de sant\u00e9 ou encore les syndicats de la R\u00e9gion.<\/p>\n<\/p><\/div>\n<div class=\"intext\"> Un plaidoyer aupr\u00e8s du gouvernement\n              <\/div>\n<div class=\"paragraph\">\n<p><i>\u00ab L\u2019endom\u00e9triose touche aujourd\u2019hui une \u00e0 deux femmes sur dix. C\u2019est tout sauf un ph\u00e9nom\u00e8ne anodin. Sachant que la dysm\u00e9norrh\u00e9e (les r\u00e8gles douloureuses), la p\u00e9rim\u00e9nopause, la m\u00e9nopause, impactent \u00e9galement lourdement la sant\u00e9 des femmes au travail. Il s\u2019agit donc d\u2019un vrai sujet de soci\u00e9t\u00e9, qui concerne des centaines de milliers de femmes en Occitanie et des centaines de femmes dans l\u2019administration r\u00e9gionale \u00bb<\/i>, souligne Pierre Lacaze, vice-pr\u00e9sident de la R\u00e9gion \u00e0 l\u2019\u00e9galit\u00e9 hommes-femmes et pr\u00e9sident de ce groupe de travail.<\/p>\n<p><i>\u00ab Il y a quelques ann\u00e9es, plusieurs collectivit\u00e9s avaient mis en place des cong\u00e9s hormonaux sur prescription m\u00e9dicale. On s\u2019est aper\u00e7u qu\u2019il n\u2019y avait pas d\u2019abus : une partie des salari\u00e9es y avait recours, mais en proportion assez faible. H\u00e9las, suite \u00e0 des consignes nationales, les pr\u00e9fectures ont ensuite cass\u00e9 toutes ces d\u00e9cisions dans le cadre du contr\u00f4le de l\u00e9galit\u00e9. Les services juridiques de la R\u00e9gion nous ont assur\u00e9 que si nous mettions en place un tel cong\u00e9, il conna\u00eetrait le m\u00eame sort \u00bb<\/i>, explique Pierre Lacaze. La R\u00e9gion a donc d\u00e9cid\u00e9 de porter un plaidoyer aupr\u00e8s du gouvernement et des parlementaires pour faire \u00e9voluer la loi. <i>\u00ab Cette \u00e9volution est indispensable pour permettre la cr\u00e9ation d\u2019une Autorisation sp\u00e9ciale d\u2019absence (ASA) li\u00e9e aux pathologies hormonales f\u00e9minines \u00bb, <\/i>indique l\u2019\u00e9lu communiste, qui a port\u00e9, le 8 juin, ce plaidoyer aupr\u00e8s de la ministre charg\u00e9e de l\u2019\u00e9galit\u00e9 entre les femmes et les hommes, Aurore Berg\u00e9, \u00e0 l\u2019occasion d\u2019une rencontre de l\u2019association R\u00e9gions de France.<i> \u00ab Nous attendons un retour pour, nous l\u2019esp\u00e9rons, un rendez-vous \u00e0 la rentr\u00e9e avec le gouvernement afin de discuter de la possibilit\u00e9 de l\u00e9gif\u00e9rer. \u00bb<\/i><\/p>\n<p>Dans l\u2019attente, plusieurs dispositifs vont \u00eatre mis en place au sein de la collectivit\u00e9, notamment une enqu\u00eate interne aupr\u00e8s des agentes concern\u00e9es et le recours ponctuel au t\u00e9l\u00e9travail suppl\u00e9mentaire sur prescription m\u00e9dicale. <i>\u00ab On va se lancer dans une adaptation, dans tous les services, des conditions de travail pour ces femmes et former l\u2019ensemble des dirigeants de services \u00e0 cette probl\u00e9matique \u00bb<\/i>, promet Pierre Lacaze.<\/p>\n<\/p><\/div>\n","protected":false},"excerpt":{"rendered":"Douleurs pelviennes, abdominales, naus&eacute;es, c&eacute;phal&eacute;es, troubles hormonaux, mal-&ecirc;tre&#8230; La liste des effets ind&eacute;sirables li&eacute;s aux menstruations est malheureusement longue pour de nombreuses femmes. Pourtant, en &#8230;","protected":false},"author":1,"featured_media":36997,"comment_status":"open","ping_status":"open","sticky":false,"template":"","format":"standard","meta":{"footnotes":""},"categories":[3926,3925,330,20],"tags":[879,208,6135,2532,441,387,6136,284,256,53],"news-destination":[3944],"news-source":[475],"is_homepage":[],"ta_other":[],"class_list":["post-36996","post","type-post","status-publish","format-standard","has-post-thumbnail","hentry","category-accueil-merge","category-accueil-third","category-politique","category-societe","tag-carole-delga","tag-collectivites","tag-conge-menstruel","tag-egalite-hommes-femmes","tag-extreme-droite","tag-femmes","tag-menstruations","tag-occitanie","tag-sante","tag-travail","news-destination-homepage","news-source-website"],"_links":{"self":[{"href":"https:\/\/euapp01.newsmemory.com\/lamarseillaise\/news\/wp-json\/wp\/v2\/posts\/36996","targetHints":{"allow":["GET"]}}],"collection":[{"href":"https:\/\/euapp01.newsmemory.com\/lamarseillaise\/news\/wp-json\/wp\/v2\/posts"}],"about":[{"href":"https:\/\/euapp01.newsmemory.com\/lamarseillaise\/news\/wp-json\/wp\/v2\/types\/post"}],"author":[{"embeddable":true,"href":"https:\/\/euapp01.newsmemory.com\/lamarseillaise\/news\/wp-json\/wp\/v2\/users\/1"}],"replies":[{"embeddable":true,"href":"https:\/\/euapp01.newsmemory.com\/lamarseillaise\/news\/wp-json\/wp\/v2\/comments?post=36996"}],"version-history":[{"count":1,"href":"https:\/\/euapp01.newsmemory.com\/lamarseillaise\/news\/wp-json\/wp\/v2\/posts\/36996\/revisions"}],"predecessor-version":[{"id":36998,"href":"https:\/\/euapp01.newsmemory.com\/lamarseillaise\/news\/wp-json\/wp\/v2\/posts\/36996\/revisions\/36998"}],"wp:featuredmedia":[{"embeddable":true,"href":"https:\/\/euapp01.newsmemory.com\/lamarseillaise\/news\/wp-json\/wp\/v2\/media\/36997"}],"wp:attachment":[{"href":"https:\/\/euapp01.newsmemory.com\/lamarseillaise\/news\/wp-json\/wp\/v2\/media?parent=36996"}],"wp:term":[{"taxonomy":"category","embeddable":true,"href":"https:\/\/euapp01.newsmemory.com\/lamarseillaise\/news\/wp-json\/wp\/v2\/categories?post=36996"},{"taxonomy":"post_tag","embeddable":true,"href":"https:\/\/euapp01.newsmemory.com\/lamarseillaise\/news\/wp-json\/wp\/v2\/tags?post=36996"},{"taxonomy":"news-destination","embeddable":true,"href":"https:\/\/euapp01.newsmemory.com\/lamarseillaise\/news\/wp-json\/wp\/v2\/news-destination?post=36996"},{"taxonomy":"news-source","embeddable":true,"href":"https:\/\/euapp01.newsmemory.com\/lamarseillaise\/news\/wp-json\/wp\/v2\/news-source?post=36996"},{"taxonomy":"is_homepage","embeddable":true,"href":"https:\/\/euapp01.newsmemory.com\/lamarseillaise\/news\/wp-json\/wp\/v2\/is_homepage?post=36996"},{"taxonomy":"ta_other","embeddable":true,"href":"https:\/\/euapp01.newsmemory.com\/lamarseillaise\/news\/wp-json\/wp\/v2\/ta_other?post=36996"}],"curies":[{"name":"wp","href":"https:\/\/api.w.org\/{rel}","templated":true}]}}