{"id":36993,"date":"2026-07-21T08:27:00","date_gmt":"2026-07-21T06:27:00","guid":{"rendered":"https:\/\/euapp01.newsmemory.com\/lamarseillaise\/news\/?p=36993"},"modified":"2026-07-21T10:12:41","modified_gmt":"2026-07-21T08:12:41","slug":"les-jeunes-agriculteurs-reclament-le-trace-gps-de-la-louve-abattue","status":"publish","type":"post","link":"https:\/\/euapp01.newsmemory.com\/lamarseillaise\/news\/2026\/07\/21\/les-jeunes-agriculteurs-reclament-le-trace-gps-de-la-louve-abattue\/","title":{"rendered":"Les Jeunes agriculteurs r\u00e9clament le trac\u00e9 GPS de la louve abattue"},"content":{"rendered":"<div class=\"paragraph\">\n<p>\u00ab <i>A<\/i><i>vions-nous vraiment besoin d\u2019une louve normande pour d\u00e9cimer nos troupeaux<\/i><i>\u00a0<\/i><i>?<\/i><i>\u00a0<\/i>\u00bb\u00a0: apr\u00e8s l\u2019abattage d\u2019une louve captur\u00e9e par erreur en Normandie au mois de mai, puis rel\u00e2ch\u00e9e dans les Alpes, les Jeunes Agriculteurs montent au cr\u00e9neau, exigent son trac\u00e9 GPS et demandent \u00e0 l\u2019\u00c9tat de \u00ab\u00a0<i>rendre des comptes<\/i><i>\u00a0<\/i>\u00bb.<\/p>\n<p>La louve a \u00e9t\u00e9 l\u00e9galement abattue dans la nuit de jeudi \u00e0 vendredi par un lieutenant de louveterie, dans le cadre d\u2019un tir de d\u00e9fense autoris\u00e9, apr\u00e8s s\u2019en \u00eatre pris \u00e0 un troupeau \u00e0 la Br\u00e9ole, commune d\u00e9l\u00e9gu\u00e9e d\u2019Ubaye-Serre-Pon\u00e7on.<\/p>\n<p>Les Jeunes Agriculteurs avaient d\u00e9pos\u00e9 plainte le 8\u00a0juin, lorsque cette louve avait \u00e9t\u00e9 rel\u00e2ch\u00e9e dans la Dr\u00f4me, apr\u00e8s avoir \u00e9t\u00e9 captur\u00e9e par erreur dans un pi\u00e8ge \u00e0 renards en Normandie. Au moment de sa mort, le syndicat demande aux \u00ab\u00a0<i>procureurs des d\u00e9partements de l\u2019arc alpin de donner suite aux plaintes d\u00e9pos\u00e9es<\/i><i>\u00a0<\/i>\u00bb, disant n\u2019avoir \u00ab\u00a0<i>re\u00e7u aucune information quant \u00e0 l\u2019avancement de nos d\u00e9marches<\/i><i>\u00a0<\/i>\u00bb.<\/p>\n<\/p><\/div>\n<div class=\"intext\"> Des actions \u00e0 venir\n              <\/div>\n<div class=\"paragraph\">\n<p>L\u2019association One Voice, qui s\u2019\u00e9tait mobilis\u00e9e pour que la louve soit prot\u00e9g\u00e9e et lib\u00e9r\u00e9e dans les Alpes, a d\u00e9nonc\u00e9 un \u00ab\u00a0<i>scandale<\/i><i>\u00a0<\/i>\u00bb et des \u00ab\u00a0<i>syndicats extr\u00e9mistes d\u2019\u00e9leveurs<\/i><i>\u00a0<\/i>\u00bb qui \u00ab\u00a0<i>exigeaient son abattage<\/i><i>\u00a0<\/i>\u00bb. Selon l\u2019association, \u00ab\u00a0<i>les donn\u00e9es pr\u00e9cises de son collier GPS confirment qu\u2019elle n\u2019a \u00e9t\u00e9 impliqu\u00e9e dans aucun dommage sur les animaux d\u2019\u00e9levage depuis sa remise en libert\u00e9<\/i><i>\u00a0<\/i>\u00bb. Elle annonce qu\u2019elle organisera des actions pour la louve, nomm\u00e9e Pomme, dans les Alpes-de-Haute-Provence.<\/p>\n<\/p><\/div>\n","protected":false},"excerpt":{"rendered":"&laquo; Avions-nous vraiment besoin d&rsquo;une louve normande pour d&eacute;cimer nos troupeaux&nbsp;?&nbsp;&raquo;&nbsp;: apr&egrave;s l&rsquo;abattage d&rsquo;une louve captur&eacute;e par erreur en Normandie au mois de mai, puis &#8230;","protected":false},"author":1,"featured_media":36994,"comment_status":"open","ping_status":"open","sticky":false,"template":"","format":"standard","meta":{"footnotes":""},"categories":[333],"tags":[447,4768,4467,182,3094,3092,2479,51,3093],"news-destination":[],"news-source":[475],"is_homepage":[],"ta_other":[],"class_list":["post-36993","post","type-post","status-publish","format-standard","has-post-thumbnail","hentry","category-environnement","tag-agriculture","tag-alpes","tag-alpes-de-haute-provence","tag-animaux","tag-elevage","tag-loups","tag-predateur","tag-societe","tag-troupeaux","news-source-website"],"_links":{"self":[{"href":"https:\/\/euapp01.newsmemory.com\/lamarseillaise\/news\/wp-json\/wp\/v2\/posts\/36993","targetHints":{"allow":["GET"]}}],"collection":[{"href":"https:\/\/euapp01.newsmemory.com\/lamarseillaise\/news\/wp-json\/wp\/v2\/posts"}],"about":[{"href":"https:\/\/euapp01.newsmemory.com\/lamarseillaise\/news\/wp-json\/wp\/v2\/types\/post"}],"author":[{"embeddable":true,"href":"https:\/\/euapp01.newsmemory.com\/lamarseillaise\/news\/wp-json\/wp\/v2\/users\/1"}],"replies":[{"embeddable":true,"href":"https:\/\/euapp01.newsmemory.com\/lamarseillaise\/news\/wp-json\/wp\/v2\/comments?post=36993"}],"version-history":[{"count":1,"href":"https:\/\/euapp01.newsmemory.com\/lamarseillaise\/news\/wp-json\/wp\/v2\/posts\/36993\/revisions"}],"predecessor-version":[{"id":36995,"href":"https:\/\/euapp01.newsmemory.com\/lamarseillaise\/news\/wp-json\/wp\/v2\/posts\/36993\/revisions\/36995"}],"wp:featuredmedia":[{"embeddable":true,"href":"https:\/\/euapp01.newsmemory.com\/lamarseillaise\/news\/wp-json\/wp\/v2\/media\/36994"}],"wp:attachment":[{"href":"https:\/\/euapp01.newsmemory.com\/lamarseillaise\/news\/wp-json\/wp\/v2\/media?parent=36993"}],"wp:term":[{"taxonomy":"category","embeddable":true,"href":"https:\/\/euapp01.newsmemory.com\/lamarseillaise\/news\/wp-json\/wp\/v2\/categories?post=36993"},{"taxonomy":"post_tag","embeddable":true,"href":"https:\/\/euapp01.newsmemory.com\/lamarseillaise\/news\/wp-json\/wp\/v2\/tags?post=36993"},{"taxonomy":"news-destination","embeddable":true,"href":"https:\/\/euapp01.newsmemory.com\/lamarseillaise\/news\/wp-json\/wp\/v2\/news-destination?post=36993"},{"taxonomy":"news-source","embeddable":true,"href":"https:\/\/euapp01.newsmemory.com\/lamarseillaise\/news\/wp-json\/wp\/v2\/news-source?post=36993"},{"taxonomy":"is_homepage","embeddable":true,"href":"https:\/\/euapp01.newsmemory.com\/lamarseillaise\/news\/wp-json\/wp\/v2\/is_homepage?post=36993"},{"taxonomy":"ta_other","embeddable":true,"href":"https:\/\/euapp01.newsmemory.com\/lamarseillaise\/news\/wp-json\/wp\/v2\/ta_other?post=36993"}],"curies":[{"name":"wp","href":"https:\/\/api.w.org\/{rel}","templated":true}]}}