{"id":36990,"date":"2026-07-21T08:16:00","date_gmt":"2026-07-21T06:16:00","guid":{"rendered":"https:\/\/euapp01.newsmemory.com\/lamarseillaise\/news\/?p=36990"},"modified":"2026-07-27T08:21:56","modified_gmt":"2026-07-27T06:21:56","slug":"apres-le-refus-dobtemperer-mortel-deux-visions-politiques-saffrontent","status":"publish","type":"post","link":"https:\/\/euapp01.newsmemory.com\/lamarseillaise\/news\/2026\/07\/21\/apres-le-refus-dobtemperer-mortel-deux-visions-politiques-saffrontent\/","title":{"rendered":"Apr\u00e8s le refus d\u2019obtemp\u00e9rer mortel, deux visions politiques s\u2019affrontent"},"content":{"rendered":"<div class=\"paragraph\">\n<p>Apr\u00e8s la mort d\u2019un homme de 29 ans, tu\u00e9 apr\u00e8s avoir \u00e9t\u00e9 touch\u00e9 par deux coups de feu tir\u00e9s par un policier municipal du Pontet, \u00e0 la suite d\u2019un refus d\u2019obtemp\u00e9rer, ce mercredi 15 juillet vers 2h30 du matin au niveau du p\u00e9age d\u2019Avignon-Nord de l\u2019A7, la pol\u00e9mique prend une tournure politique.<\/p>\n<p>L\u2019agent auteur des tirs a \u00e9t\u00e9 plac\u00e9 en garde \u00e0 vue avant d\u2019\u00eatre mis en examen pour \u00ab\u00a0<i>violences volontaires ayant entra\u00een\u00e9 la mort sans l\u2019intention de la donner par une personne d\u00e9positaire de l\u2019autorit\u00e9 publique<\/i><i>\u00a0<\/i>\u00bb. Mais cette mise en examen n\u2019est pas assortie d\u2019une interdiction d\u2019exercer.<\/p>\n<p>Une situation qui a suscit\u00e9 des r\u00e9actions contrast\u00e9es au niveau local. Le maire (RN) du Pontet, Joris H\u00e9brard, apporte \u00ab\u00a0<i>tout son soutien<\/i><i>\u00a0<\/i>\u00bb au policier et estime qu\u2019il pourra reprendre son travail comme avant. Le d\u00e9put\u00e9 de Vaucluse Rapha\u00ebl Arnault (LFI-NFP) d\u00e9nonce des propos qui \u00ab<i>\u00a0<\/i><i>laissent en effet entendre qu\u2019une d\u00e9cision judiciaire pourrait \u00eatre anticip\u00e9e par le pouvoir politique<\/i><i>\u00a0<\/i>\u00bb. Il \u00e9tablit aussi un parall\u00e8le avec la proposition de loi sur la pr\u00e9somption de l\u00e9gitime d\u00e9fense des policiers et gendarmes, adopt\u00e9e le 7\u00a0juillet dernier. \u00ab\u00a0<i>Plusieurs autorit\u00e9s ind\u00e9pendantes de la R\u00e9publique ont d\u00e9j\u00e0 alert\u00e9 sur les dangers d\u2019un tel texte<\/i><i>\u00a0<\/i>\u00bb, rappelle le parlementaire, citant, entre autres, la D\u00e9fenseure des droits.<\/p>\n<p>David Pascal, secr\u00e9taire d\u00e9partemental du PCF, appelle \u00e0 une \u00ab\u00a0<i>clarification des missions<\/i>\u00a0\u00bb, en affirmant que \u00ab\u00a0<i>les missions r\u00e9galiennes de s\u00e9curit\u00e9, d\u2019intervention et de protection des populations rel\u00e8vent de la police nationale et de la gendarmerie<\/i>\u00a0\u00bb.<\/p>\n<\/p><\/div>\n","protected":false},"excerpt":{"rendered":"Apr&egrave;s la mort d&rsquo;un homme de 29 ans, tu&eacute; apr&egrave;s avoir &eacute;t&eacute; touch&eacute; par deux coups de feu tir&eacute;s par un policier municipal du Pontet, &agrave; la suite d&rsquo;un refus d&rsquo;obtemp&eacute;rer, ce &#8230;","protected":false},"author":1,"featured_media":36991,"comment_status":"open","ping_status":"open","sticky":false,"template":"","format":"standard","meta":{"footnotes":""},"categories":[3926,3925,330,20],"tags":[921,1798,4719,5423,3663,4088,1515,259,4006,111,3948,171,272],"news-destination":[3944],"news-source":[475],"is_homepage":[],"ta_other":[],"class_list":["post-36990","post","type-post","status-publish","format-standard","has-post-thumbnail","hentry","category-accueil-merge","category-accueil-third","category-politique","category-societe","tag-drame","tag-gendarmerie","tag-joris-hebrard","tag-judiciaire","tag-mort","tag-peage","tag-policier","tag-proposition-de-loi","tag-raphael-arnault","tag-securite","tag-tirs","tag-vaucluse","tag-violences","news-destination-homepage","news-source-website"],"_links":{"self":[{"href":"https:\/\/euapp01.newsmemory.com\/lamarseillaise\/news\/wp-json\/wp\/v2\/posts\/36990","targetHints":{"allow":["GET"]}}],"collection":[{"href":"https:\/\/euapp01.newsmemory.com\/lamarseillaise\/news\/wp-json\/wp\/v2\/posts"}],"about":[{"href":"https:\/\/euapp01.newsmemory.com\/lamarseillaise\/news\/wp-json\/wp\/v2\/types\/post"}],"author":[{"embeddable":true,"href":"https:\/\/euapp01.newsmemory.com\/lamarseillaise\/news\/wp-json\/wp\/v2\/users\/1"}],"replies":[{"embeddable":true,"href":"https:\/\/euapp01.newsmemory.com\/lamarseillaise\/news\/wp-json\/wp\/v2\/comments?post=36990"}],"version-history":[{"count":1,"href":"https:\/\/euapp01.newsmemory.com\/lamarseillaise\/news\/wp-json\/wp\/v2\/posts\/36990\/revisions"}],"predecessor-version":[{"id":36992,"href":"https:\/\/euapp01.newsmemory.com\/lamarseillaise\/news\/wp-json\/wp\/v2\/posts\/36990\/revisions\/36992"}],"wp:featuredmedia":[{"embeddable":true,"href":"https:\/\/euapp01.newsmemory.com\/lamarseillaise\/news\/wp-json\/wp\/v2\/media\/36991"}],"wp:attachment":[{"href":"https:\/\/euapp01.newsmemory.com\/lamarseillaise\/news\/wp-json\/wp\/v2\/media?parent=36990"}],"wp:term":[{"taxonomy":"category","embeddable":true,"href":"https:\/\/euapp01.newsmemory.com\/lamarseillaise\/news\/wp-json\/wp\/v2\/categories?post=36990"},{"taxonomy":"post_tag","embeddable":true,"href":"https:\/\/euapp01.newsmemory.com\/lamarseillaise\/news\/wp-json\/wp\/v2\/tags?post=36990"},{"taxonomy":"news-destination","embeddable":true,"href":"https:\/\/euapp01.newsmemory.com\/lamarseillaise\/news\/wp-json\/wp\/v2\/news-destination?post=36990"},{"taxonomy":"news-source","embeddable":true,"href":"https:\/\/euapp01.newsmemory.com\/lamarseillaise\/news\/wp-json\/wp\/v2\/news-source?post=36990"},{"taxonomy":"is_homepage","embeddable":true,"href":"https:\/\/euapp01.newsmemory.com\/lamarseillaise\/news\/wp-json\/wp\/v2\/is_homepage?post=36990"},{"taxonomy":"ta_other","embeddable":true,"href":"https:\/\/euapp01.newsmemory.com\/lamarseillaise\/news\/wp-json\/wp\/v2\/ta_other?post=36990"}],"curies":[{"name":"wp","href":"https:\/\/api.w.org\/{rel}","templated":true}]}}