{"id":36987,"date":"2026-07-21T08:31:00","date_gmt":"2026-07-21T06:31:00","guid":{"rendered":"https:\/\/euapp01.newsmemory.com\/lamarseillaise\/news\/?p=36987"},"modified":"2026-07-27T08:21:56","modified_gmt":"2026-07-27T06:21:56","slug":"entretien-pierre-thomas-eleveur-bovin-le-texte-ne-repond-a-aucun-des-problemes-du-secteur-agricole","status":"publish","type":"post","link":"https:\/\/euapp01.newsmemory.com\/lamarseillaise\/news\/2026\/07\/21\/entretien-pierre-thomas-eleveur-bovin-le-texte-ne-repond-a-aucun-des-problemes-du-secteur-agricole\/","title":{"rendered":"[Entretien] Pierre Thomas, \u00e9leveur bovin : \u00ab&nbsp;Le texte ne r\u00e9pond \u00e0 aucun des probl\u00e8mes du secteur agricole&nbsp;\u00bb"},"content":{"rendered":"<div class=\"paragraph\">\n<p><b>La Marseillaise<\/b><b>\u00a0<\/b><b>:<\/b><a href=\"https:\/\/www.lamarseillaise.fr\/politique\/les-pesticides-polluent-la-loi-agricole-IG20515629\"> <b>La loi d\u2019urgence agricole est pass\u00e9e ce lundi \u00e0 l\u2019Assembl\u00e9e nationale et cristallise les d\u00e9bats<\/b><\/a><b>. Quel est votre regard<\/b><b>\u00a0<\/b><b>? <\/b><\/p>\n<p>Pierre Thomas\u00a0: L\u2019attitude du gouvernement et du minist\u00e8re de l\u2019Agriculture ne correspond absolument pas aux besoins du monde agricole, mais aux besoins de la finance de l\u2019industrie agroalimentaire. \u00c0 partir de l\u00e0, il n\u2019y a rien qui puisse aller. Sur la question agricole, les probl\u00e8mes s\u2019accumulent\u00a0: un probl\u00e8me de revenus extr\u00eamement important qui va avec un probl\u00e8me de reconnaissance du m\u00e9tier d\u2019agriculteur, un probl\u00e8me de pr\u00e9servation de la biodiversit\u00e9, un probl\u00e8me d\u2019acc\u00e8s \u00e0 l\u2019eau, un probl\u00e8me de r\u00e9chauffement climatique, un probl\u00e8me de souverainet\u00e9 alimentaire. Cette loi ne r\u00e9pond \u00e0 rien de tout \u00e7a.<\/p>\n<p><b>La gestion de l\u2019eau, avec l\u2019ambition de doubler les capacit\u00e9s de stockage \u00e0 usage agricole, fait partie des aspects les plus contest\u00e9s de la loi. Qu\u2019en pensez-vous<\/b><b>\u00a0<\/b><b>? <\/b><\/p>\n<p>P.T.\u00a0: C\u2019est une mauvaise r\u00e9ponse aux probl\u00e9matiques agricoles, toujours sous le prisme du dogmatisme financier. On pr\u00e9sente la cr\u00e9ation de r\u00e9serves d\u2019eau comme une solution \u00e0 la s\u00e9cheresse. Le probl\u00e8me est que cette solution ne va pas le rester tr\u00e8s longtemps, peut-\u00eatre durant 2, 3 ou 5\u00a0ans. Que va-t-il se passer quand les nappes [phr\u00e9atiques] seront vides apr\u00e8s avoir \u00e9t\u00e9 pomp\u00e9es pendant des ann\u00e9es\u00a0? Les agriculteurs n\u2019auront plus de quoi produire et tout le monde aura \u00e9t\u00e9 p\u00e9nalis\u00e9 par une gestion de l\u2019eau d\u00e9plorable. D\u2019autant que ce ne seront que quelques agriculteurs qui auront acc\u00e8s \u00e0 l\u2019eau. Les bassines ne sont pas pour tout le monde. Il faut r\u00e9fl\u00e9chir \u00e0 un autre type d\u2019agriculture, qui prend en compte l\u2019ensemble des al\u00e9as auxquels nous sommes confront\u00e9s, pas exclusivement les al\u00e9as financiers.<\/p>\n<p><b>Apr\u00e8s une premi\u00e8re tentative avec la loi Duplomb, ce texte propose la r\u00e9introduction de l\u2019ac\u00e9tamipride et du flupyradifurone, deux pesticides interdits en France. Quels dangers repr\u00e9sentent-ils<\/b><b>\u00a0<\/b><b>? <\/b><\/p>\n<p>P.T.\u00a0: Remettre l\u2019ac\u00e9tamipride est d\u2019une stupidit\u00e9 ph\u00e9nom\u00e9nale. Si la mol\u00e9cule est interdite, c\u2019est parce qu\u2019elle repr\u00e9sente un danger pour la biodiversit\u00e9, mais aussi pour la sant\u00e9 humaine. Ce pesticide peut provoquer des cancers.<\/p>\n<p><b>Y a-t-il une incompatibilit\u00e9 entre la comp\u00e9titivit\u00e9 agricole recherch\u00e9e et le respect de l\u2019environnement<\/b><b>\u00a0<\/b><b>?<\/b><\/p>\n<p>P.T.\u00a0: Il est illusoire de croire que l\u2019agriculture fran\u00e7aise peut \u00eatre comp\u00e9titive au niveau international. Si on veut que les agriculteurs aient des conditions sociales d\u00e9centes, et c\u2019est absolument indispensable si l\u2019on veut maintenir la biodiversit\u00e9 et travailler pour r\u00e9duire notre empreinte carbone, on sera toujours plus cher. Par ailleurs, nous travaillons avec du vivant et il faut en tenir compte. Il ne faut pas chercher \u00e0 ma\u00eetriser totalement la nature, nous n\u2019y arriverons pas. Il faut utiliser ses atouts et compl\u00e8tement modifier notre logique agricole, vieille de 60\u00a0ans.<\/p>\n<\/p><\/div>\n","protected":false},"excerpt":{"rendered":"La Marseillaise&nbsp;: La loi d&rsquo;urgence agricole est pass&eacute;e ce lundi &agrave; l&rsquo;Assembl&eacute;e nationale et cristallise les d&eacute;bats. Quel est votre regard&nbsp;?","protected":false},"author":1,"featured_media":36988,"comment_status":"open","ping_status":"open","sticky":false,"template":"","format":"standard","meta":{"footnotes":""},"categories":[3926,3925,333],"tags":[450,3209,84,2133,1269,309,343,572,2299,1871,459,136,419,1397,4201],"news-destination":[3944],"news-source":[475],"is_homepage":[],"ta_other":[],"class_list":["post-36987","post","type-post","status-publish","format-standard","has-post-thumbnail","hentry","category-accueil-merge","category-accueil-third","category-environnement","tag-agriculteurs","tag-agroalimentaire","tag-biodiversite","tag-danger","tag-debats","tag-eau","tag-entretien","tag-france","tag-loi-duplomb","tag-modef","tag-pesticides","tag-preservation","tag-rechauffement-climatique","tag-secheresse","tag-souverainete-alimentaire","news-destination-homepage","news-source-website"],"_links":{"self":[{"href":"https:\/\/euapp01.newsmemory.com\/lamarseillaise\/news\/wp-json\/wp\/v2\/posts\/36987","targetHints":{"allow":["GET"]}}],"collection":[{"href":"https:\/\/euapp01.newsmemory.com\/lamarseillaise\/news\/wp-json\/wp\/v2\/posts"}],"about":[{"href":"https:\/\/euapp01.newsmemory.com\/lamarseillaise\/news\/wp-json\/wp\/v2\/types\/post"}],"author":[{"embeddable":true,"href":"https:\/\/euapp01.newsmemory.com\/lamarseillaise\/news\/wp-json\/wp\/v2\/users\/1"}],"replies":[{"embeddable":true,"href":"https:\/\/euapp01.newsmemory.com\/lamarseillaise\/news\/wp-json\/wp\/v2\/comments?post=36987"}],"version-history":[{"count":1,"href":"https:\/\/euapp01.newsmemory.com\/lamarseillaise\/news\/wp-json\/wp\/v2\/posts\/36987\/revisions"}],"predecessor-version":[{"id":36989,"href":"https:\/\/euapp01.newsmemory.com\/lamarseillaise\/news\/wp-json\/wp\/v2\/posts\/36987\/revisions\/36989"}],"wp:featuredmedia":[{"embeddable":true,"href":"https:\/\/euapp01.newsmemory.com\/lamarseillaise\/news\/wp-json\/wp\/v2\/media\/36988"}],"wp:attachment":[{"href":"https:\/\/euapp01.newsmemory.com\/lamarseillaise\/news\/wp-json\/wp\/v2\/media?parent=36987"}],"wp:term":[{"taxonomy":"category","embeddable":true,"href":"https:\/\/euapp01.newsmemory.com\/lamarseillaise\/news\/wp-json\/wp\/v2\/categories?post=36987"},{"taxonomy":"post_tag","embeddable":true,"href":"https:\/\/euapp01.newsmemory.com\/lamarseillaise\/news\/wp-json\/wp\/v2\/tags?post=36987"},{"taxonomy":"news-destination","embeddable":true,"href":"https:\/\/euapp01.newsmemory.com\/lamarseillaise\/news\/wp-json\/wp\/v2\/news-destination?post=36987"},{"taxonomy":"news-source","embeddable":true,"href":"https:\/\/euapp01.newsmemory.com\/lamarseillaise\/news\/wp-json\/wp\/v2\/news-source?post=36987"},{"taxonomy":"is_homepage","embeddable":true,"href":"https:\/\/euapp01.newsmemory.com\/lamarseillaise\/news\/wp-json\/wp\/v2\/is_homepage?post=36987"},{"taxonomy":"ta_other","embeddable":true,"href":"https:\/\/euapp01.newsmemory.com\/lamarseillaise\/news\/wp-json\/wp\/v2\/ta_other?post=36987"}],"curies":[{"name":"wp","href":"https:\/\/api.w.org\/{rel}","templated":true}]}}