{"id":36984,"date":"2026-07-21T08:34:00","date_gmt":"2026-07-21T06:34:00","guid":{"rendered":"https:\/\/euapp01.newsmemory.com\/lamarseillaise\/news\/?p=36984"},"modified":"2026-07-28T07:54:17","modified_gmt":"2026-07-28T05:54:17","slug":"loi-durgence-agricole-un-passage-en-force-conteste-devant-lassemblee-nationale","status":"publish","type":"post","link":"https:\/\/euapp01.newsmemory.com\/lamarseillaise\/news\/2026\/07\/21\/loi-durgence-agricole-un-passage-en-force-conteste-devant-lassemblee-nationale\/","title":{"rendered":"[Loi d\u2019urgence agricole] Un \u00ab&nbsp;passage en force&nbsp;\u00bb contest\u00e9 devant l\u2019Assembl\u00e9e nationale"},"content":{"rendered":"<div class=\"paragraph\">\n<p>Alors que <a href=\"https:\/\/www.lamarseillaise.fr\/politique\/les-pesticides-polluent-la-loi-agricole-IG20515629\">la loi d\u2019urgence agricole<\/a> devait \u00eatre vot\u00e9e dans la soir\u00e9e par les d\u00e9put\u00e9s, avant son passage au S\u00e9nat pr\u00e9vu ce mardi, ses d\u00e9tracteurs se sont rassembl\u00e9s, lundi soir, au pied de l\u2019Assembl\u00e9e, pour manifester leur opposition. Parmi les structures pr\u00e9sentes\u00a0: Extinction R\u00e9bellion, mouvement de lutte contre l\u2019effondrement \u00e9cologique, Les Soul\u00e8vements de la Terre, collectif \u00e9cologiste radical, mais aussi la Conf\u00e9d\u00e9ration paysanne, troisi\u00e8me syndicat agricole fran\u00e7ais.<\/p>\n<p>Nina Lejeune, \u00e9leveuse de volailles dans le Var et repr\u00e9sentante de la Conf\u00e9d\u00e9ration paysanne Paca au secr\u00e9tariat national du syndicat, fait partie de ceux qui ont choisi de venir, sur place, revendiquer leur col\u00e8re. \u00ab\u00a0<i>Il est fondamental que nous exprimions notre rejet de cette loi<\/i>, s\u2019est-elle indign\u00e9e. <i>Des reculs sont en train d\u2019\u00eatre act\u00e9s sur la question agricole avec en t\u00eate de liste la fin d\u2019une gouvernance partag\u00e9e.<\/i><i>\u00a0<\/i>\u00bb<i> <\/i><\/p>\n<p><i><\/i><\/p>\n<\/p><\/div>\n<div class=\"intext\"> \u00ab\u00a0Retour en arri\u00e8re\u00a0\u00bb\n              <\/div>\n<div class=\"paragraph\">\n<p>Car la loi, en plus de favoriser la construction de dispositifs de stockage d\u2019eau \u00e0 usage agricole, supprime l\u2019obligation de r\u00e9unions publiques pour leur autorisation environnementale. \u00ab<i>\u00a0<\/i><i>Pour nous, qui d\u00e9fendons un partage \u00e9quitable de la ressource et une gestion partag\u00e9e, c\u2019est un retour en arri\u00e8re \u00e0 la fois d\u00e9mocratique et environnemental<\/i><i>\u00a0<\/i>\u00bb, d\u00e9fend l\u2019\u00e9leveuse.<\/p>\n<p>Autre grand motif de crispation\u00a0: <a href=\"https:\/\/www.lamarseillaise.fr\/environnement\/entretien-pierre-thomas-eleveur-bovin-le-texte-ne-repond-a-aucun-des-problemes-du-secteur-agricole-BG20517152\">la r\u00e9introduction de deux pesticides, l\u2019ac\u00e9tamipride et le flupyradifurone<\/a>, interdits en France, mais autoris\u00e9s dans l\u2019Union europ\u00e9enne. Une id\u00e9e directement h\u00e9rit\u00e9e de la loi Duplomb, qui avait l\u2019\u00e9t\u00e9 dernier suscit\u00e9 une importante opposition citoyenne\u00a0: la p\u00e9tition publi\u00e9e sur le site de l\u2019Assembl\u00e9e nationale pour s\u2019y opposer avait recueilli plus de 2,1\u00a0millions de signatures. L\u2019article sur les pesticides avait finalement \u00e9t\u00e9 censur\u00e9 par le Conseil constitutionnel. \u00ab\u00a0<i>Le gouvernement fonce tout droit vers le mod\u00e8le agroalimentaire d\u00e9fendu par la FNSEA <\/i>[premier syndicat agricole, Ndlr.]<i>. Mais c\u2019est aussi \u00e0 la population de choisir ses orientations agricoles. C\u2019est un passage en force<\/i>\u00a0\u00bb, conclut Nina Lejeune.<\/p>\n<\/p><\/div>\n","protected":false},"excerpt":{"rendered":"Alors que la loi d&rsquo;urgence agricole devait &ecirc;tre vot&eacute;e dans la soir&eacute;e par les d&eacute;put&eacute;s, avant son passage au S&eacute;nat pr&eacute;vu ce mardi, ses d&eacute;tracteurs se sont rassembl&eacute;s, lundi soir, au &#8230;","protected":false},"author":1,"featured_media":36985,"comment_status":"open","ping_status":"open","sticky":false,"template":"","format":"standard","meta":{"footnotes":""},"categories":[3926,3925,333,330],"tags":[820,1477,1872,2800,1260,560,134,830,571,459,178,6134],"news-destination":[3944],"news-source":[475],"is_homepage":[],"ta_other":[],"class_list":["post-36984","post","type-post","status-publish","format-standard","has-post-thumbnail","hentry","category-accueil-merge","category-accueil-third","category-environnement","category-politique","tag-assemblee-nationale","tag-confederation-paysanne","tag-fnsea","tag-loi","tag-lutte","tag-manifestation","tag-mobilisation","tag-opposition","tag-paris","tag-pesticides","tag-population","tag-soulevements-de-la-terre","news-destination-homepage","news-source-website"],"_links":{"self":[{"href":"https:\/\/euapp01.newsmemory.com\/lamarseillaise\/news\/wp-json\/wp\/v2\/posts\/36984","targetHints":{"allow":["GET"]}}],"collection":[{"href":"https:\/\/euapp01.newsmemory.com\/lamarseillaise\/news\/wp-json\/wp\/v2\/posts"}],"about":[{"href":"https:\/\/euapp01.newsmemory.com\/lamarseillaise\/news\/wp-json\/wp\/v2\/types\/post"}],"author":[{"embeddable":true,"href":"https:\/\/euapp01.newsmemory.com\/lamarseillaise\/news\/wp-json\/wp\/v2\/users\/1"}],"replies":[{"embeddable":true,"href":"https:\/\/euapp01.newsmemory.com\/lamarseillaise\/news\/wp-json\/wp\/v2\/comments?post=36984"}],"version-history":[{"count":1,"href":"https:\/\/euapp01.newsmemory.com\/lamarseillaise\/news\/wp-json\/wp\/v2\/posts\/36984\/revisions"}],"predecessor-version":[{"id":36986,"href":"https:\/\/euapp01.newsmemory.com\/lamarseillaise\/news\/wp-json\/wp\/v2\/posts\/36984\/revisions\/36986"}],"wp:featuredmedia":[{"embeddable":true,"href":"https:\/\/euapp01.newsmemory.com\/lamarseillaise\/news\/wp-json\/wp\/v2\/media\/36985"}],"wp:attachment":[{"href":"https:\/\/euapp01.newsmemory.com\/lamarseillaise\/news\/wp-json\/wp\/v2\/media?parent=36984"}],"wp:term":[{"taxonomy":"category","embeddable":true,"href":"https:\/\/euapp01.newsmemory.com\/lamarseillaise\/news\/wp-json\/wp\/v2\/categories?post=36984"},{"taxonomy":"post_tag","embeddable":true,"href":"https:\/\/euapp01.newsmemory.com\/lamarseillaise\/news\/wp-json\/wp\/v2\/tags?post=36984"},{"taxonomy":"news-destination","embeddable":true,"href":"https:\/\/euapp01.newsmemory.com\/lamarseillaise\/news\/wp-json\/wp\/v2\/news-destination?post=36984"},{"taxonomy":"news-source","embeddable":true,"href":"https:\/\/euapp01.newsmemory.com\/lamarseillaise\/news\/wp-json\/wp\/v2\/news-source?post=36984"},{"taxonomy":"is_homepage","embeddable":true,"href":"https:\/\/euapp01.newsmemory.com\/lamarseillaise\/news\/wp-json\/wp\/v2\/is_homepage?post=36984"},{"taxonomy":"ta_other","embeddable":true,"href":"https:\/\/euapp01.newsmemory.com\/lamarseillaise\/news\/wp-json\/wp\/v2\/ta_other?post=36984"}],"curies":[{"name":"wp","href":"https:\/\/api.w.org\/{rel}","templated":true}]}}