{"id":36981,"date":"2026-07-21T08:39:00","date_gmt":"2026-07-21T06:39:00","guid":{"rendered":"https:\/\/euapp01.newsmemory.com\/lamarseillaise\/news\/?p=36981"},"modified":"2026-07-28T09:08:34","modified_gmt":"2026-07-28T07:08:34","slug":"pass-sport-il-est-urgent-de-donner-de-la-visibilite-aux-familles-et-au-mouvement-sportif","status":"publish","type":"post","link":"https:\/\/euapp01.newsmemory.com\/lamarseillaise\/news\/2026\/07\/21\/pass-sport-il-est-urgent-de-donner-de-la-visibilite-aux-familles-et-au-mouvement-sportif\/","title":{"rendered":"Pass Sport : il est urgent de donner de la visibilit\u00e9 aux familles et au mouvement sportif"},"content":{"rendered":"<div class=\"paragraph\">\n<p>Nous, maires de communes de toutes tailles, \u00e9lus de la Nation et des territoires, pr\u00e9sidents des f\u00e9d\u00e9rations sportives concern\u00e9es par le pass Sport, du Comit\u00e9 national olympique et sportif fran\u00e7ais (CNOSF) et des comit\u00e9s r\u00e9gionaux, territoriaux et d\u00e9partementaux olympiques et sportifs, prenons aujourd\u2019hui la parole d\u2019une m\u00eame voix.<\/p>\n<p>Le retour du pass Sport pour les enfants de 6 \u00e0 13 ans, annonc\u00e9 par la ministre des Sports, de la Jeunesse et de la Vie associative et pr\u00e9vu lors de l\u2019examen du projet de loi de finances pour 2026, constitue une bonne nouvelle. Encore faut-il que cette annonce se traduise rapidement par des d\u00e9cisions claires.<\/p>\n<p>\u00c0 quelques semaines de la rentr\u00e9e, il est inacceptable que les familles, les clubs et l\u2019ensemble du mouvement sportif ne sachent toujours pas quelles seront les modalit\u00e9s d\u2019attribution et d\u2019utilisation du dispositif.<\/p>\n<p>Comment les associations peuvent-elles pr\u00e9parer leurs campagnes d\u2019inscription\u00a0? Comment les familles peuvent-elles anticiper le co\u00fbt d\u2019une licence sans conna\u00eetre les aides auxquelles elles auront droit\u00a0?<\/p>\n<p>La Caisse nationale des allocations familiales (Cnaf) est pressentie pour piloter le dispositif. Selon quelles modalit\u00e9s, quel calendrier, avec quels outils\u00a0? Personne ne le sait. Si l\u2019objectif \u00e9tait de rendre le pass Sport inefficace, de d\u00e9courager les familles et de compliquer la t\u00e2che des clubs, il serait difficile de s\u2019y prendre autrement.<\/p>\n<p>Le pass Sport doit \u00eatre simple, lisible et op\u00e9rationnel avant la rentr\u00e9e de septembre. Les r\u00e8gles doivent \u00eatre connues suffisamment t\u00f4t pour permettre aux clubs d\u2019organiser leurs inscriptions et aux familles de prendre leurs d\u00e9cisions sereinement.<\/p>\n<p>La suppression du pass Sport pour les 6-13 ans a eu des cons\u00e9quences imm\u00e9diates\u00a0: dans nos communes, dans nos clubs, nous avons constat\u00e9 une baisse des inscriptions, en particulier parmi les enfants issus des familles les plus modestes.<\/p>\n<p>Les contraintes budg\u00e9taires sont r\u00e9elles. Mais ces \u00e9conomies apparentes ont un co\u00fbt, que nous mesurons chaque jour sur le terrain.<\/p>\n<p>La pratique sportive n\u2019est pas une option. Dans un pays o\u00f9 la s\u00e9dentarit\u00e9 progresse, avec des cons\u00e9quences majeures sur la sant\u00e9 publique, investir dans le sport est un choix de responsabilit\u00e9. Chaque euro consacr\u00e9 \u00e0 l\u2019activit\u00e9 physique en \u00e9pargne demain plusieurs \u00e0 notre syst\u00e8me de sant\u00e9.<\/p>\n<p>Le sport est aussi un formidable outil d\u2019\u00e9ducation, d\u2019\u00e9mancipation et de coh\u00e9sion sociale.<\/p>\n<p>Dans une France travers\u00e9e par les fractures territoriales, sociales et culturelles, les clubs sportifs maintiennent le lien, transmettent des valeurs et offrent un cadre \u00e9ducatif essentiel.<\/p>\n<p>Dans de nombreux territoires, ils demeurent les derniers acteurs de proximit\u00e9 capables de rassembler toutes les g\u00e9n\u00e9rations et tous les publics. Ils sont, \u00e0 leur mani\u00e8re, les derniers hussards de la R\u00e9publique.<\/p>\n<p>Nous appelons donc le Gouvernement \u00e0 publier sans d\u00e9lai les modalit\u00e9s du pass Sport 2026, afin que les familles et les clubs puissent pr\u00e9parer la rentr\u00e9e dans de bonnes conditions.<\/p>\n<p>Faisons du sport un droit pour chaque enfant, et non un privil\u00e8ge.<\/p>\n<p><b>Aidons le sport \u00e0 aider la France.<\/b><\/p>\n<p><i><\/i><\/p>\n<p><i>Parmi les premiers signataires<\/i><i>\u00a0<\/i><i>: \u00c9ric M\u00e9ry, adjoint au maire de Marseille, Marc Vuillemot, ancien maire de La-Seyne-sur-Mer, Paul Sabatino, maire du Rove, G\u00e9rard Guerrero, adjoint au maire de Sept\u00e8mes-les-Vallons, \u00b7 Pierre Dharr\u00e9ville, adjoint au maire de Martigues mais aussi Philippe Rio, maire de Grigny, <\/i>Alain<\/p>\n<p><i>Bruneel, maire de Lewarde, ou encore Am\u00e9lie Oud\u00e9a-Cast\u00e9ra, pr\u00e9sidente du Comit\u00e9 national olympique et sportif fran\u00e7ais \u00b7 St\u00e9phane Nomis, pr\u00e9sident de la F\u00e9d\u00e9ration fran\u00e7aise de judo et disciplines associ\u00e9es \u00b7 les pr\u00e9sidents des f\u00e9d\u00e9rations sportives concern\u00e9es par le dispositif pass Sport \u00b7 les pr\u00e9sidents des CROS\/CDOS\/CTOS \u00b7 S\u00e9bastien Nolesini, directeur g\u00e9n\u00e9ral de France Judo&#8230;<\/i><\/p>\n<\/p><\/div>\n","protected":false},"excerpt":{"rendered":"Nous, maires de communes de toutes tailles, &eacute;lus de la Nation et des territoires, pr&eacute;sidents des f&eacute;d&eacute;rations sportives concern&eacute;es par le pass Sport, du Comit&eacute; national olympique et sportif fran&ccedil;ais &#8230;","protected":false},"author":1,"featured_media":36982,"comment_status":"open","ping_status":"open","sticky":false,"template":"","format":"standard","meta":{"footnotes":""},"categories":[3926,3925,7],"tags":[138,430,57,58,572,528,2161,1478,621],"news-destination":[3944],"news-source":[475],"is_homepage":[],"ta_other":[],"class_list":["post-36981","post","type-post","status-publish","format-standard","has-post-thumbnail","hentry","category-accueil-merge","category-accueil-third","category-sports","tag-associations","tag-budget","tag-enfants","tag-famille","tag-france","tag-gouvernement","tag-maires","tag-territoires","tag-tribune","news-destination-homepage","news-source-website"],"_links":{"self":[{"href":"https:\/\/euapp01.newsmemory.com\/lamarseillaise\/news\/wp-json\/wp\/v2\/posts\/36981","targetHints":{"allow":["GET"]}}],"collection":[{"href":"https:\/\/euapp01.newsmemory.com\/lamarseillaise\/news\/wp-json\/wp\/v2\/posts"}],"about":[{"href":"https:\/\/euapp01.newsmemory.com\/lamarseillaise\/news\/wp-json\/wp\/v2\/types\/post"}],"author":[{"embeddable":true,"href":"https:\/\/euapp01.newsmemory.com\/lamarseillaise\/news\/wp-json\/wp\/v2\/users\/1"}],"replies":[{"embeddable":true,"href":"https:\/\/euapp01.newsmemory.com\/lamarseillaise\/news\/wp-json\/wp\/v2\/comments?post=36981"}],"version-history":[{"count":1,"href":"https:\/\/euapp01.newsmemory.com\/lamarseillaise\/news\/wp-json\/wp\/v2\/posts\/36981\/revisions"}],"predecessor-version":[{"id":36983,"href":"https:\/\/euapp01.newsmemory.com\/lamarseillaise\/news\/wp-json\/wp\/v2\/posts\/36981\/revisions\/36983"}],"wp:featuredmedia":[{"embeddable":true,"href":"https:\/\/euapp01.newsmemory.com\/lamarseillaise\/news\/wp-json\/wp\/v2\/media\/36982"}],"wp:attachment":[{"href":"https:\/\/euapp01.newsmemory.com\/lamarseillaise\/news\/wp-json\/wp\/v2\/media?parent=36981"}],"wp:term":[{"taxonomy":"category","embeddable":true,"href":"https:\/\/euapp01.newsmemory.com\/lamarseillaise\/news\/wp-json\/wp\/v2\/categories?post=36981"},{"taxonomy":"post_tag","embeddable":true,"href":"https:\/\/euapp01.newsmemory.com\/lamarseillaise\/news\/wp-json\/wp\/v2\/tags?post=36981"},{"taxonomy":"news-destination","embeddable":true,"href":"https:\/\/euapp01.newsmemory.com\/lamarseillaise\/news\/wp-json\/wp\/v2\/news-destination?post=36981"},{"taxonomy":"news-source","embeddable":true,"href":"https:\/\/euapp01.newsmemory.com\/lamarseillaise\/news\/wp-json\/wp\/v2\/news-source?post=36981"},{"taxonomy":"is_homepage","embeddable":true,"href":"https:\/\/euapp01.newsmemory.com\/lamarseillaise\/news\/wp-json\/wp\/v2\/is_homepage?post=36981"},{"taxonomy":"ta_other","embeddable":true,"href":"https:\/\/euapp01.newsmemory.com\/lamarseillaise\/news\/wp-json\/wp\/v2\/ta_other?post=36981"}],"curies":[{"name":"wp","href":"https:\/\/api.w.org\/{rel}","templated":true}]}}