{"id":36978,"date":"2026-07-21T08:11:00","date_gmt":"2026-07-21T06:11:00","guid":{"rendered":"https:\/\/euapp01.newsmemory.com\/lamarseillaise\/news\/?p=36978"},"modified":"2026-07-21T10:26:54","modified_gmt":"2026-07-21T08:26:54","slug":"cest-lete-entretien-jean-marc-sicky-dj-local-signe-son-retour-pour-une-soiree-au-rove","status":"publish","type":"post","link":"https:\/\/euapp01.newsmemory.com\/lamarseillaise\/news\/2026\/07\/21\/cest-lete-entretien-jean-marc-sicky-dj-local-signe-son-retour-pour-une-soiree-au-rove\/","title":{"rendered":"[C\u2019est l\u2019\u00e9t\u00e9] Entretien : Jean Marc Sicky, DJ local, signe son retour pour une soir\u00e9e au Rove"},"content":{"rendered":"<div class=\"paragraph\">\n<p>Jukebox et Magic queen tribute queen poseront aussi leurs valises, ce 21\u00a0juillet, au 7 boulevard de la Carrairade, au Rove, pour cette soir\u00e9e musicale.<\/p>\n<p>La Marseillaise\u00a0: <b>Qui est DJ Sicky<\/b><b>\u00a0<\/b><b>?<\/b><\/p>\n<p>Jean Marc Sicky\u00a0: Je suis originaire du Rove et j\u2019ai commenc\u00e9 \u00e0 mixer dans les ann\u00e9es 80. Pendant ma carri\u00e8re, j\u2019ai travaill\u00e9 dans des clubs assez connus de la r\u00e9gion comme par exemple le Barbarella \u00e0 Marseille, le Futuria \u00e0 Gignac ou encore le club 88 \u00e0 Aix-en-Provence. Dans mon palmar\u00e8s, j\u2019ai aussi \u00e9t\u00e9 champion de France des DJ en 1986. Aujourd\u2019hui, je ne fais quasiment plus de discoth\u00e8que, j\u2019ai arr\u00eat\u00e9 il y a une dizaine d\u2019ann\u00e9es, mais jamais de mixer\u00a0: j\u2019ai mont\u00e9 mon autoentreprise et j\u2019anime des mariages et d\u2019autres \u00e9v\u00e9nements.<\/p>\n<p><b>Faites-vous souvent des \u00e9v\u00e9nements au Rove<\/b><b>\u00a0<\/b><b>?<\/b><\/p>\n<p>J.M.S.\u00a0: \u00c0 part des \u00e9v\u00e9nements priv\u00e9s, pas du tout\u00a0! \u00c7a fait plus de 10\u00a0ans que je n\u2019en ai pas fait un seul\u00a0! Alors quand le maire, Paul Sabatino, m\u2019a propos\u00e9 de venir ce mardi 21, \u00e7a a \u00e9t\u00e9 un devoir de r\u00e9pondre pr\u00e9sent. Je vois un petit peu cette occasion comme un retour aux sources\u00a0: je vais faire danser mes amis, mes voisins et les gens que je connais. Et surtout, le meilleur dans les f\u00eates de village, c\u2019est le c\u00f4t\u00e9 familial, c\u2019est tr\u00e8s populaire, j\u2019aime beaucoup cette ambiance\u00a0!<\/p>\n<p><b>Quel est votre style de musique<\/b><b>\u00a0<\/b><b>? <\/b><\/p>\n<p>J.M.S.\u00a0: Plut\u00f4t le style ann\u00e9es 80-90-2000, c\u2019est ce que je souhaite mixer ce mardi, car je pense que le public va \u00eatre tr\u00e8s tr\u00e8s h\u00e9t\u00e9rog\u00e8ne, il va y avoir des familles, des enfants, des adultes, des anciens, donc il va falloir faire plaisir \u00e0 tout le monde avec de la musique interg\u00e9n\u00e9rationnelle\u00a0! Mais \u00e9videmment, je vais varier les plaisirs. Sinon, personnellement, ce qui marche plut\u00f4t bien en club, c\u2019est l\u2019afrohouse en ce moment ou la techhouse, que j\u2019appr\u00e9cie beaucoup aussi.<\/p>\n<p><b>Avez-vous d\u00e9j\u00e0 mix\u00e9 pour la Tourn\u00e9e d\u2019\u00e9t\u00e9 de La Marseillaise<\/b><b>\u00a0<\/b><b>? <\/b><\/p>\n<p>J.M.S.\u00a0: Bien s\u00fbr\u00a0! J\u2019ai fait pas mal de dates avec eux, je connais un petit peu le concept et je me souviens qu\u2019\u00e0 l\u2019\u00e9poque, on avait fait une soir\u00e9e incroyable \u00e0 Caro, o\u00f9 il devait y avoir 3\u00a0000\u00a0\u00e0 4\u00a0000\u00a0personnes. C\u2019\u00e9tait vraiment une ambiance ph\u00e9nom\u00e9nale, je m\u2019\u00e9tais \u00e9clat\u00e9 et je suis tr\u00e8s content de refaire une \u00e9dition, m\u00eame si je ne fais qu\u2019une seule date.<\/p>\n<p><b>Que diriez-vous \u00e0 quelqu\u2019un qui ne vous conna\u00eet pas pour lui donner envie de vous voir<\/b><b>\u00a0<\/b><b>? <\/b><\/p>\n<p>J.M.S.\u00a0: Moi, je lui dirai, tout simplement\u00a0: \u00ab\u00a0Venez parce que vous n\u2019allez pas vous ennuyer, vous allez danser, vous allez chanter, le tout sur des musiques que vous connaissez, \u00e7a va \u00eatre un moment de partage incroyable, de convivialit\u00e9, \u00e7a va \u00eatre festif, tout le monde va avoir le sourire et vous allez rentrer \u00e0 la maison avec du bonheur.\u00a0\u00bb Et on en a besoin, avec tout ce qui se passe, c\u2019est des moments importants.<\/p>\n<p><b>Qu\u2019est ce qui vous motive \u00e0 mixer depuis plus de 30 ans<\/b><b>\u00a0<\/b><b>? <\/b><\/p>\n<p>J.M.S.\u00a0: Ce qui me motive toujours, c\u2019est que les gens appr\u00e9cient ma musique. Tant que je partage avec le public, que je ne les ennuie pas et qu\u2019au contraire, je les divertis et les emm\u00e8ne l\u00e0 o\u00f9 je veux, moi, je continue. Le jour o\u00f9 je n\u2019y arriverai plus, j\u2019arr\u00eaterai, mais c\u2019est mon public qui me dira quand je dois arr\u00eater.<\/p>\n<p>Propos recueillis par Louis Golliot<\/p>\n<\/p><\/div>\n<div class=\"paragraph\">\n<p><b>Les Amis de La Marseillaise pr\u00e9sents sur la Tourn\u00e9e d\u2019\u00e9t\u00e9<\/b><\/p>\n<p><b>Apr\u00e8s le Mondial La Marseillaise \u00e0 P\u00e9tanque les Amis de La Marseillaise suivent le rythme de la tourn\u00e9e d\u2019\u00e9t\u00e9 et sont pr\u00e9sents \u00e0 chaque date. Dans cette ambiance festive, leur stand r\u00e9serve quelques surprises et proposera des objets \u00e0 la vente pour \u00ab soutenir le journal et lui permettre de suivre le mouvement de d\u00e9veloppement qui doit obligatoirement \u00eatre le sien \u00bb affirme Serge Baroni, pr\u00e9sident de l\u2019association. \u00c0 noter d\u2019ores et d\u00e9j\u00e0 qu\u2019\u00e0 Sept\u00e8mes-les-Vallons, le 26 juillet, les Amis remettront au journal un ch\u00e8que de 3 000 euros r\u00e9colt\u00e9s durant le Mondial La Marseillaise \u00e0 P\u00e9tanque. Une efficacit\u00e9 redoutable.<\/b><\/p>\n<\/p><\/div>\n","protected":false},"excerpt":{"rendered":"Jukebox et Magic queen tribute queen poseront aussi leurs valises, ce 21&nbsp;juillet, au 7 boulevard de la Carrairade, au Rove, pour cette soir&eacute;e musicale. La Marseillaise&nbsp;: Qui est DJ Sicky&nbsp;?Jean Marc Sicky&nbsp;: Je suis &#8230;","protected":false},"author":1,"featured_media":36979,"comment_status":"open","ping_status":"open","sticky":false,"template":"","format":"standard","meta":{"footnotes":""},"categories":[32],"tags":[10,6085,34,400,343,336,466,1654,1730,325,2971,3424,1279],"news-destination":[],"news-source":[475],"is_homepage":[],"ta_other":[],"class_list":["post-36978","post","type-post","status-publish","format-standard","has-post-thumbnail","hentry","category-culture","tag-bouches-du-rhone","tag-cest-lete","tag-concert","tag-concerts","tag-entretien","tag-ete","tag-fete","tag-le-rove","tag-les-amis-de-la-marseillaise","tag-musique","tag-paul-sabatino","tag-serge-baroni","tag-tournee-dete-la-marseillaise","news-source-website"],"_links":{"self":[{"href":"https:\/\/euapp01.newsmemory.com\/lamarseillaise\/news\/wp-json\/wp\/v2\/posts\/36978","targetHints":{"allow":["GET"]}}],"collection":[{"href":"https:\/\/euapp01.newsmemory.com\/lamarseillaise\/news\/wp-json\/wp\/v2\/posts"}],"about":[{"href":"https:\/\/euapp01.newsmemory.com\/lamarseillaise\/news\/wp-json\/wp\/v2\/types\/post"}],"author":[{"embeddable":true,"href":"https:\/\/euapp01.newsmemory.com\/lamarseillaise\/news\/wp-json\/wp\/v2\/users\/1"}],"replies":[{"embeddable":true,"href":"https:\/\/euapp01.newsmemory.com\/lamarseillaise\/news\/wp-json\/wp\/v2\/comments?post=36978"}],"version-history":[{"count":1,"href":"https:\/\/euapp01.newsmemory.com\/lamarseillaise\/news\/wp-json\/wp\/v2\/posts\/36978\/revisions"}],"predecessor-version":[{"id":36980,"href":"https:\/\/euapp01.newsmemory.com\/lamarseillaise\/news\/wp-json\/wp\/v2\/posts\/36978\/revisions\/36980"}],"wp:featuredmedia":[{"embeddable":true,"href":"https:\/\/euapp01.newsmemory.com\/lamarseillaise\/news\/wp-json\/wp\/v2\/media\/36979"}],"wp:attachment":[{"href":"https:\/\/euapp01.newsmemory.com\/lamarseillaise\/news\/wp-json\/wp\/v2\/media?parent=36978"}],"wp:term":[{"taxonomy":"category","embeddable":true,"href":"https:\/\/euapp01.newsmemory.com\/lamarseillaise\/news\/wp-json\/wp\/v2\/categories?post=36978"},{"taxonomy":"post_tag","embeddable":true,"href":"https:\/\/euapp01.newsmemory.com\/lamarseillaise\/news\/wp-json\/wp\/v2\/tags?post=36978"},{"taxonomy":"news-destination","embeddable":true,"href":"https:\/\/euapp01.newsmemory.com\/lamarseillaise\/news\/wp-json\/wp\/v2\/news-destination?post=36978"},{"taxonomy":"news-source","embeddable":true,"href":"https:\/\/euapp01.newsmemory.com\/lamarseillaise\/news\/wp-json\/wp\/v2\/news-source?post=36978"},{"taxonomy":"is_homepage","embeddable":true,"href":"https:\/\/euapp01.newsmemory.com\/lamarseillaise\/news\/wp-json\/wp\/v2\/is_homepage?post=36978"},{"taxonomy":"ta_other","embeddable":true,"href":"https:\/\/euapp01.newsmemory.com\/lamarseillaise\/news\/wp-json\/wp\/v2\/ta_other?post=36978"}],"curies":[{"name":"wp","href":"https:\/\/api.w.org\/{rel}","templated":true}]}}