{"id":36972,"date":"2026-07-21T07:48:00","date_gmt":"2026-07-21T05:48:00","guid":{"rendered":"https:\/\/euapp01.newsmemory.com\/lamarseillaise\/news\/?p=36972"},"modified":"2026-07-21T10:12:41","modified_gmt":"2026-07-21T08:12:41","slug":"tour-de-france-pogacar-vers-le-sacre-seixas-a-la-conquete-du-podium","status":"publish","type":"post","link":"https:\/\/euapp01.newsmemory.com\/lamarseillaise\/news\/2026\/07\/21\/tour-de-france-pogacar-vers-le-sacre-seixas-a-la-conquete-du-podium\/","title":{"rendered":"[Tour de France] Pogacar vers le sacre, Seixas \u00e0 la conqu\u00eate du podium"},"content":{"rendered":"<div class=\"paragraph\">\n<p>L\u2019abandon de Jonas Vingegaard dimanche est venu rappeler que rien n\u2019est jamais jou\u00e9 sur la Grande Boucle. Mais, malgr\u00e9 les derni\u00e8res \u00e9tapes alpestres encore au programme, il para\u00eet d\u00e9sormais difficile d\u2019imaginer, sauf incident, Tadej Pogacar priv\u00e9 d\u2019un cinqui\u00e8me sacre sur le Tour de France. Avec pr\u00e8s de cinq minutes d\u2019avance sur Remco Evenepoel, le Slov\u00e8ne pourrait m\u00eame se rapprocher des plus grandes d\u00e9monstrations de l\u2019histoire, \u00e0 l\u2019image d\u2019Eddy Merckx en 1969 (+17\u201954\u2019\u2019 sur Roger Pingeon) ou de Bernard Hinault en 1981 (+14\u201934\u2019\u2019 sur Lucien Van Impe).<\/p>\n<p>Son principal frein pourrait finalement \u00eatre sa volont\u00e9 d\u2019aider son jeune co\u00e9quipier et prot\u00e9g\u00e9 Isaac Del Toro \u00e0 remporter des \u00e9tapes et d\u00e9crocher une place sur le podium. Une g\u00e9n\u00e9rosit\u00e9 qui lui a peut-\u00eatre d\u00e9j\u00e0 co\u00fbt\u00e9 deux victoires suppl\u00e9mentaires, \u00e0 Montju\u00efc et au plateau de Solaison. Il reste ainsi bloqu\u00e9 \u00e0 quatre succ\u00e8s d\u2019\u00e9tape, encore loin du record de huit victoires lors d\u2019une m\u00eame \u00e9dition.<\/p>\n<\/p><\/div>\n<div class=\"intext\"> Peloton de choc\n              <\/div>\n<div class=\"paragraph\">\n<p>Quoi qu\u2019il arrive, le prodige fran\u00e7ais r\u00e9alise d\u00e9j\u00e0 un Tour exceptionnel. Plus jeune coureur au d\u00e9part depuis 1937, le Lyonnais de 19\u00a0ans a franchi avec brio le cap des deux semaines de course, une premi\u00e8re pour lui, et occupe d\u00e9sormais la quatri\u00e8me place du classement g\u00e9n\u00e9ral, \u00e0 6\u201923\u2019\u2019 de Tadej Pogacar et seulement 25 secondes du podium.<\/p>\n<p>Peut-il encore grimper dans la hi\u00e9rarchie\u00a0? L\u2019abandon de Jonas Vingegaard a redistribu\u00e9 les cartes et ils sont d\u00e9sormais cinq \u00e0 se disputer les deux derni\u00e8res places sur le podium\u00a0: Remco Evenepoel (2<sup>e<\/sup> \u00e0 5\u201900\u2019\u2019), Isaac Del Toro (3<sup>e<\/sup> \u00e0 5\u201958\u2019\u2019), Paul Seixas (4<sup>e<\/sup> \u00e0 6\u201923\u2019\u2019), Florian Lipowitz (5<sup>e<\/sup> \u00e0 6\u201948\u2019\u2019) et Juan Ayuso (6<sup>e<\/sup> \u00e0 7\u201928\u2019\u2019). Dimanche, le leader de Decathlon CMA CGM a toutefois conc\u00e9d\u00e9 quelques secondes \u00e0 Evenepoel et Del Toro. Mais le Belge comme le Mexicain ont d\u00e9j\u00e0 montr\u00e9 certaines limites et devront \u00e9viter toute d\u00e9faillance dans les Alpes, notamment lors de l\u2019avant-derni\u00e8re \u00e9tape, annonc\u00e9e comme redoutable. Seixas devra lui aussi r\u00e9sister. La bataille pour le podium promet d\u2019\u00eatre passionnante.<\/p>\n<\/p><\/div>\n<div class=\"paragraph\">\n<p><i>Etape du jour (n\u00b016) : entre Evian-les-Bains et Thonon-les-Bains (174,7km, D+ 2200m).<\/i><\/p>\n<\/p><\/div>\n","protected":false},"excerpt":{"rendered":"L&rsquo;abandon de Jonas Vingegaard dimanche est venu rappeler que rien n&rsquo;est jamais jou&eacute; sur la Grande Boucle. Mais, malgr&eacute; les derni&egrave;res &eacute;tapes alpestres encore au programme, il para&icirc;t d&eacute;sormais &#8230;","protected":false},"author":1,"featured_media":36973,"comment_status":"open","ping_status":"open","sticky":false,"template":"","format":"standard","meta":{"footnotes":""},"categories":[7],"tags":[1144,572,3253],"news-destination":[],"news-source":[475],"is_homepage":[],"ta_other":[],"class_list":["post-36972","post","type-post","status-publish","format-standard","has-post-thumbnail","hentry","category-sports","tag-cyclisme","tag-france","tag-tour-de-france","news-source-website"],"_links":{"self":[{"href":"https:\/\/euapp01.newsmemory.com\/lamarseillaise\/news\/wp-json\/wp\/v2\/posts\/36972","targetHints":{"allow":["GET"]}}],"collection":[{"href":"https:\/\/euapp01.newsmemory.com\/lamarseillaise\/news\/wp-json\/wp\/v2\/posts"}],"about":[{"href":"https:\/\/euapp01.newsmemory.com\/lamarseillaise\/news\/wp-json\/wp\/v2\/types\/post"}],"author":[{"embeddable":true,"href":"https:\/\/euapp01.newsmemory.com\/lamarseillaise\/news\/wp-json\/wp\/v2\/users\/1"}],"replies":[{"embeddable":true,"href":"https:\/\/euapp01.newsmemory.com\/lamarseillaise\/news\/wp-json\/wp\/v2\/comments?post=36972"}],"version-history":[{"count":1,"href":"https:\/\/euapp01.newsmemory.com\/lamarseillaise\/news\/wp-json\/wp\/v2\/posts\/36972\/revisions"}],"predecessor-version":[{"id":36974,"href":"https:\/\/euapp01.newsmemory.com\/lamarseillaise\/news\/wp-json\/wp\/v2\/posts\/36972\/revisions\/36974"}],"wp:featuredmedia":[{"embeddable":true,"href":"https:\/\/euapp01.newsmemory.com\/lamarseillaise\/news\/wp-json\/wp\/v2\/media\/36973"}],"wp:attachment":[{"href":"https:\/\/euapp01.newsmemory.com\/lamarseillaise\/news\/wp-json\/wp\/v2\/media?parent=36972"}],"wp:term":[{"taxonomy":"category","embeddable":true,"href":"https:\/\/euapp01.newsmemory.com\/lamarseillaise\/news\/wp-json\/wp\/v2\/categories?post=36972"},{"taxonomy":"post_tag","embeddable":true,"href":"https:\/\/euapp01.newsmemory.com\/lamarseillaise\/news\/wp-json\/wp\/v2\/tags?post=36972"},{"taxonomy":"news-destination","embeddable":true,"href":"https:\/\/euapp01.newsmemory.com\/lamarseillaise\/news\/wp-json\/wp\/v2\/news-destination?post=36972"},{"taxonomy":"news-source","embeddable":true,"href":"https:\/\/euapp01.newsmemory.com\/lamarseillaise\/news\/wp-json\/wp\/v2\/news-source?post=36972"},{"taxonomy":"is_homepage","embeddable":true,"href":"https:\/\/euapp01.newsmemory.com\/lamarseillaise\/news\/wp-json\/wp\/v2\/is_homepage?post=36972"},{"taxonomy":"ta_other","embeddable":true,"href":"https:\/\/euapp01.newsmemory.com\/lamarseillaise\/news\/wp-json\/wp\/v2\/ta_other?post=36972"}],"curies":[{"name":"wp","href":"https:\/\/api.w.org\/{rel}","templated":true}]}}