{"id":36966,"date":"2026-07-21T07:52:00","date_gmt":"2026-07-21T05:52:00","guid":{"rendered":"https:\/\/euapp01.newsmemory.com\/lamarseillaise\/news\/?p=36966"},"modified":"2026-07-21T10:12:41","modified_gmt":"2026-07-21T08:12:41","slug":"coupe-du-monde-le-jeu-collectif-de-la-roja-a-triomphe-de-largentine","status":"publish","type":"post","link":"https:\/\/euapp01.newsmemory.com\/lamarseillaise\/news\/2026\/07\/21\/coupe-du-monde-le-jeu-collectif-de-la-roja-a-triomphe-de-largentine\/","title":{"rendered":"[Coupe du Monde] Le jeu collectif de la Roja a triomph\u00e9 de l\u2019Argentine"},"content":{"rendered":"<div class=\"paragraph\">\n<p>Le beau jeu a triomph\u00e9. En r\u00e9alisant un parcours exceptionnel jusqu\u2019au sacre, l\u2019Espagne s\u2019est impos\u00e9e comme la grande r\u00e9f\u00e9rence de ce Mondial 2026. Dot\u00e9e de l\u2019un des effectifs les plus talentueux de la plan\u00e8te, la Roja a s\u00e9duit par la qualit\u00e9 de son collectif et sa ma\u00eetrise technique, mettant en difficult\u00e9 chacun de ses adversaires. Si elle a parfois manqu\u00e9 d\u2019efficacit\u00e9 dans le dernier geste, l\u2019\u00e9quipe de Luis de la Fuente a compens\u00e9 par une d\u00e9fense imperm\u00e9able et un milieu de terrain souverain, capable d\u2019\u00e9touffer n\u2019importe quelle opposition. En finale, les Espagnols ont confirm\u00e9 leur sup\u00e9riorit\u00e9 en dominant l\u2019Argentine (1-0), une s\u00e9lection dont l\u2019attitude tr\u00e8s agressive, marqu\u00e9e par plusieurs contacts rugueux et des \u00e9changes tendus \u00e0 l\u2019issue du match, a suscit\u00e9 de nombreuses critiques pendant et apr\u00e8s la rencontre.<\/p>\n<p>La Roja ach\u00e8ve son tournoi sans jamais avoir \u00e9t\u00e9 men\u00e9e au score et avec un seul but encaiss\u00e9 sur l\u2019ensemble de la comp\u00e9tition, une performance jamais r\u00e9alis\u00e9e par un champion du monde. Symbole de cette ma\u00eetrise, Rodri a \u00e9t\u00e9 \u00e9lu meilleur joueur de la comp\u00e9tition. V\u00e9ritable patron du milieu espagnol, le joueur de Manchester City a impressionn\u00e9 par son calme et son intelligence de jeu. \u00c0 ses c\u00f4t\u00e9s, Lamine Yamal a confirm\u00e9 son immense potentiel. \u00c0 seulement 19 ans, le prodige du FC\u00a0Barcelone a prouv\u00e9 qu\u2019il appartenait d\u00e9j\u00e0 au cercle des meilleurs joueurs du monde et s\u2019annonce comme un s\u00e9rieux pr\u00e9tendant au Ballon d\u2019Or.<\/p>\n<\/p><\/div>\n","protected":false},"excerpt":{"rendered":"Le beau jeu a triomph&eacute;. En r&eacute;alisant un parcours exceptionnel jusqu&rsquo;au sacre, l&rsquo;Espagne s&rsquo;est impos&eacute;e comme la grande r&eacute;f&eacute;rence de ce Mondial 2026. Dot&eacute;e de l&rsquo;un des effectifs les &#8230;","protected":false},"author":1,"featured_media":36967,"comment_status":"open","ping_status":"open","sticky":false,"template":"","format":"standard","meta":{"footnotes":""},"categories":[7],"tags":[3379,1097,1220,276,5818,13],"news-destination":[],"news-source":[475],"is_homepage":[],"ta_other":[],"class_list":["post-36966","post","type-post","status-publish","format-standard","has-post-thumbnail","hentry","category-sports","tag-argentine","tag-coupe-du-monde","tag-espagne","tag-etats-unis","tag-fifa","tag-football","news-source-website"],"_links":{"self":[{"href":"https:\/\/euapp01.newsmemory.com\/lamarseillaise\/news\/wp-json\/wp\/v2\/posts\/36966","targetHints":{"allow":["GET"]}}],"collection":[{"href":"https:\/\/euapp01.newsmemory.com\/lamarseillaise\/news\/wp-json\/wp\/v2\/posts"}],"about":[{"href":"https:\/\/euapp01.newsmemory.com\/lamarseillaise\/news\/wp-json\/wp\/v2\/types\/post"}],"author":[{"embeddable":true,"href":"https:\/\/euapp01.newsmemory.com\/lamarseillaise\/news\/wp-json\/wp\/v2\/users\/1"}],"replies":[{"embeddable":true,"href":"https:\/\/euapp01.newsmemory.com\/lamarseillaise\/news\/wp-json\/wp\/v2\/comments?post=36966"}],"version-history":[{"count":1,"href":"https:\/\/euapp01.newsmemory.com\/lamarseillaise\/news\/wp-json\/wp\/v2\/posts\/36966\/revisions"}],"predecessor-version":[{"id":36968,"href":"https:\/\/euapp01.newsmemory.com\/lamarseillaise\/news\/wp-json\/wp\/v2\/posts\/36966\/revisions\/36968"}],"wp:featuredmedia":[{"embeddable":true,"href":"https:\/\/euapp01.newsmemory.com\/lamarseillaise\/news\/wp-json\/wp\/v2\/media\/36967"}],"wp:attachment":[{"href":"https:\/\/euapp01.newsmemory.com\/lamarseillaise\/news\/wp-json\/wp\/v2\/media?parent=36966"}],"wp:term":[{"taxonomy":"category","embeddable":true,"href":"https:\/\/euapp01.newsmemory.com\/lamarseillaise\/news\/wp-json\/wp\/v2\/categories?post=36966"},{"taxonomy":"post_tag","embeddable":true,"href":"https:\/\/euapp01.newsmemory.com\/lamarseillaise\/news\/wp-json\/wp\/v2\/tags?post=36966"},{"taxonomy":"news-destination","embeddable":true,"href":"https:\/\/euapp01.newsmemory.com\/lamarseillaise\/news\/wp-json\/wp\/v2\/news-destination?post=36966"},{"taxonomy":"news-source","embeddable":true,"href":"https:\/\/euapp01.newsmemory.com\/lamarseillaise\/news\/wp-json\/wp\/v2\/news-source?post=36966"},{"taxonomy":"is_homepage","embeddable":true,"href":"https:\/\/euapp01.newsmemory.com\/lamarseillaise\/news\/wp-json\/wp\/v2\/is_homepage?post=36966"},{"taxonomy":"ta_other","embeddable":true,"href":"https:\/\/euapp01.newsmemory.com\/lamarseillaise\/news\/wp-json\/wp\/v2\/ta_other?post=36966"}],"curies":[{"name":"wp","href":"https:\/\/api.w.org\/{rel}","templated":true}]}}