{"id":36963,"date":"2026-07-21T08:14:00","date_gmt":"2026-07-21T06:14:00","guid":{"rendered":"https:\/\/euapp01.newsmemory.com\/lamarseillaise\/news\/?p=36963"},"modified":"2026-07-27T08:21:56","modified_gmt":"2026-07-27T06:21:56","slug":"cest-lete-soprano-accueilli-par-des-danseurs-manosquins","status":"publish","type":"post","link":"https:\/\/euapp01.newsmemory.com\/lamarseillaise\/news\/2026\/07\/21\/cest-lete-soprano-accueilli-par-des-danseurs-manosquins\/","title":{"rendered":"[C\u2019est l\u2019\u00e9t\u00e9] Soprano accueilli par des danseurs manosquins"},"content":{"rendered":"<div class=\"paragraph\">\n<p><i><span class=\"mln_uppercase_mln\"><\/span><\/i><\/p>\n<p>Une centaine de danseurs des \u00e9coles de danse de Manosque, pr\u00e9venus l\u2019apr\u00e8s-midi m\u00eame, ont r\u00e9alis\u00e9 un flash mob sur la musique DJ du rappeur marseillais, v\u00eatus des lunettes vertes et du tee-shirt du chanteur. Certains chanceux ont pu faire des photographies avec le rappeur et lui faire signer des autographes, avant qu\u2019il remonte dans son van en direction du festival Musiks, auquel il jouait \u00e0 22h15. Les fans avaient \u00e9t\u00e9 pr\u00e9venus seulement quelques heures avant, via une story Instagram, qu\u2019une surprise les attendait avenue Jean Giono \u00e0 18h.<\/p>\n<p>Le concert avait rapidement affich\u00e9 complet apr\u00e8s la mise en vente des billets, d\u00e8s le d\u00e9but du mois de juin. C\u2019\u00e9tait le seul concert payant du festival Musiks, qui est autrement enti\u00e8rement gratuit. Face \u00e0 l\u2019engouement, la Ville de Manosque avait d\u00e9cid\u00e9 de remettre en vente 1 000 places suppl\u00e9mentaires.<\/p>\n<\/p><\/div>\n","protected":false},"excerpt":{"rendered":"Une centaine de danseurs des &eacute;coles de danse de Manosque, pr&eacute;venus l&rsquo;apr&egrave;s-midi m&ecirc;me, ont r&eacute;alis&eacute; un flash mob sur la musique DJ du rappeur marseillais, v&ecirc;tus des lunettes vertes et du tee-shirt &#8230;","protected":false},"author":1,"featured_media":36964,"comment_status":"open","ping_status":"open","sticky":false,"template":"","format":"standard","meta":{"footnotes":""},"categories":[3926,3925,32],"tags":[4768,4467,6085,34,35,329,51,3908],"news-destination":[3944],"news-source":[475],"is_homepage":[],"ta_other":[],"class_list":["post-36963","post","type-post","status-publish","format-standard","has-post-thumbnail","hentry","category-accueil-merge","category-accueil-third","category-culture","tag-alpes","tag-alpes-de-haute-provence","tag-cest-lete","tag-concert","tag-culture","tag-festival","tag-societe","tag-soprano","news-destination-homepage","news-source-website"],"_links":{"self":[{"href":"https:\/\/euapp01.newsmemory.com\/lamarseillaise\/news\/wp-json\/wp\/v2\/posts\/36963","targetHints":{"allow":["GET"]}}],"collection":[{"href":"https:\/\/euapp01.newsmemory.com\/lamarseillaise\/news\/wp-json\/wp\/v2\/posts"}],"about":[{"href":"https:\/\/euapp01.newsmemory.com\/lamarseillaise\/news\/wp-json\/wp\/v2\/types\/post"}],"author":[{"embeddable":true,"href":"https:\/\/euapp01.newsmemory.com\/lamarseillaise\/news\/wp-json\/wp\/v2\/users\/1"}],"replies":[{"embeddable":true,"href":"https:\/\/euapp01.newsmemory.com\/lamarseillaise\/news\/wp-json\/wp\/v2\/comments?post=36963"}],"version-history":[{"count":1,"href":"https:\/\/euapp01.newsmemory.com\/lamarseillaise\/news\/wp-json\/wp\/v2\/posts\/36963\/revisions"}],"predecessor-version":[{"id":36965,"href":"https:\/\/euapp01.newsmemory.com\/lamarseillaise\/news\/wp-json\/wp\/v2\/posts\/36963\/revisions\/36965"}],"wp:featuredmedia":[{"embeddable":true,"href":"https:\/\/euapp01.newsmemory.com\/lamarseillaise\/news\/wp-json\/wp\/v2\/media\/36964"}],"wp:attachment":[{"href":"https:\/\/euapp01.newsmemory.com\/lamarseillaise\/news\/wp-json\/wp\/v2\/media?parent=36963"}],"wp:term":[{"taxonomy":"category","embeddable":true,"href":"https:\/\/euapp01.newsmemory.com\/lamarseillaise\/news\/wp-json\/wp\/v2\/categories?post=36963"},{"taxonomy":"post_tag","embeddable":true,"href":"https:\/\/euapp01.newsmemory.com\/lamarseillaise\/news\/wp-json\/wp\/v2\/tags?post=36963"},{"taxonomy":"news-destination","embeddable":true,"href":"https:\/\/euapp01.newsmemory.com\/lamarseillaise\/news\/wp-json\/wp\/v2\/news-destination?post=36963"},{"taxonomy":"news-source","embeddable":true,"href":"https:\/\/euapp01.newsmemory.com\/lamarseillaise\/news\/wp-json\/wp\/v2\/news-source?post=36963"},{"taxonomy":"is_homepage","embeddable":true,"href":"https:\/\/euapp01.newsmemory.com\/lamarseillaise\/news\/wp-json\/wp\/v2\/is_homepage?post=36963"},{"taxonomy":"ta_other","embeddable":true,"href":"https:\/\/euapp01.newsmemory.com\/lamarseillaise\/news\/wp-json\/wp\/v2\/ta_other?post=36963"}],"curies":[{"name":"wp","href":"https:\/\/api.w.org\/{rel}","templated":true}]}}