{"id":36960,"date":"2026-07-21T07:27:00","date_gmt":"2026-07-21T05:27:00","guid":{"rendered":"https:\/\/euapp01.newsmemory.com\/lamarseillaise\/news\/?p=36960"},"modified":"2026-07-21T10:26:54","modified_gmt":"2026-07-21T08:26:54","slug":"les-bleus-quittent-la-scene-mondiale-sur-une-note-amere","status":"publish","type":"post","link":"https:\/\/euapp01.newsmemory.com\/lamarseillaise\/news\/2026\/07\/21\/les-bleus-quittent-la-scene-mondiale-sur-une-note-amere\/","title":{"rendered":"Les Bleus quittent la sc\u00e8ne mondiale sur une note am\u00e8re"},"content":{"rendered":"<div class=\"paragraph\">\n<p>La vie n\u2019est pas toujours un long fleuve tranquille. Surtout lorsque le courant s\u2019acc\u00e9l\u00e8re \u00e0 l\u2019approche de l\u2019arriv\u00e9e, comme l\u2019a appris \u00e0 ses d\u00e9pens l\u2019\u00e9quipe de France. Imp\u00e9riaux depuis le d\u00e9but de la comp\u00e9tition, les hommes de Didier Deschamps, qui disputait son dernier tournoi \u00e0 la t\u00eate des Bleus, ont vu leur \u00e9lan se briser en demi-finale face \u00e0 l\u2019Espagne. D\u00e9pass\u00e9s par la ma\u00eetrise collective, la fluidit\u00e9 et l\u2019efficacit\u00e9 de la Roja, les Tricolores ont logiquement c\u00e9d\u00e9 aux portes de la finale.<\/p>\n<\/p><\/div>\n<div class=\"intext\"> R\u00e9compense personnelle\n              <\/div>\n<div class=\"paragraph\">\n<p>Une immense d\u00e9sillusion pour une \u00e9quipe qui r\u00eavait de retrouver l\u2019Argentine afin de prendre sa revanche, quatre\u00a0ans apr\u00e8s la cruelle d\u00e9faite aux tirs au but face \u00e0 l\u2019Albiceleste. D\u00e9\u00e7us par leur \u00e9limination, les Bleus n\u2019ont jamais vraiment cach\u00e9 leur manque d\u2019enthousiasme \u00e0 l\u2019id\u00e9e de disputer la petite finale face \u00e0 l\u2019Angleterre. Les Three Lions, eux non plus, n\u2019abordaient pas ce rendez-vous avec un immense app\u00e9tit, mais ils ont finalement su faire la diff\u00e9rence au terme d\u2019un match compl\u00e8tement fou, o\u00f9 apr\u00e8s avoir pris quatre buts d\u2019avance avant la pause, les Anglais ont vu les Fran\u00e7ais revenir dans la partie, notamment gr\u00e2ce \u00e0 un doubl\u00e9 de Mbapp\u00e9. Didier Deschamps a r\u00e9v\u00e9l\u00e9 qu\u2019il avait choisi de quitter son poste de s\u00e9lectionneur \u00ab\u00a0pour le bien de l\u2019\u00e9quipe de France\u00a0\u00bb, \u00e0 cause d\u2019un \u00ab\u00a0environnement\u00a0\u00bb devenu \u00ab\u00a0irrespirable\u00a0\u00bb \u00e0 son \u00e9gard.<\/p>\n<\/p><\/div>\n","protected":false},"excerpt":{"rendered":"La vie n&rsquo;est pas toujours un long fleuve tranquille. Surtout lorsque le courant s&rsquo;acc&eacute;l&egrave;re &agrave; l&rsquo;approche de l&rsquo;arriv&eacute;e, comme l&rsquo;a appris &agrave; ses d&eacute;pens l&rsquo;&eacute;quipe de &#8230;","protected":false},"author":1,"featured_media":36961,"comment_status":"open","ping_status":"open","sticky":false,"template":"","format":"standard","meta":{"footnotes":""},"categories":[7],"tags":[1097,1000,999,276,13,572,2072],"news-destination":[],"news-source":[475],"is_homepage":[],"ta_other":[],"class_list":["post-36960","post","type-post","status-publish","format-standard","has-post-thumbnail","hentry","category-sports","tag-coupe-du-monde","tag-didier-deschamps","tag-equipe-de-france","tag-etats-unis","tag-football","tag-france","tag-mbappe","news-source-website"],"_links":{"self":[{"href":"https:\/\/euapp01.newsmemory.com\/lamarseillaise\/news\/wp-json\/wp\/v2\/posts\/36960","targetHints":{"allow":["GET"]}}],"collection":[{"href":"https:\/\/euapp01.newsmemory.com\/lamarseillaise\/news\/wp-json\/wp\/v2\/posts"}],"about":[{"href":"https:\/\/euapp01.newsmemory.com\/lamarseillaise\/news\/wp-json\/wp\/v2\/types\/post"}],"author":[{"embeddable":true,"href":"https:\/\/euapp01.newsmemory.com\/lamarseillaise\/news\/wp-json\/wp\/v2\/users\/1"}],"replies":[{"embeddable":true,"href":"https:\/\/euapp01.newsmemory.com\/lamarseillaise\/news\/wp-json\/wp\/v2\/comments?post=36960"}],"version-history":[{"count":1,"href":"https:\/\/euapp01.newsmemory.com\/lamarseillaise\/news\/wp-json\/wp\/v2\/posts\/36960\/revisions"}],"predecessor-version":[{"id":36962,"href":"https:\/\/euapp01.newsmemory.com\/lamarseillaise\/news\/wp-json\/wp\/v2\/posts\/36960\/revisions\/36962"}],"wp:featuredmedia":[{"embeddable":true,"href":"https:\/\/euapp01.newsmemory.com\/lamarseillaise\/news\/wp-json\/wp\/v2\/media\/36961"}],"wp:attachment":[{"href":"https:\/\/euapp01.newsmemory.com\/lamarseillaise\/news\/wp-json\/wp\/v2\/media?parent=36960"}],"wp:term":[{"taxonomy":"category","embeddable":true,"href":"https:\/\/euapp01.newsmemory.com\/lamarseillaise\/news\/wp-json\/wp\/v2\/categories?post=36960"},{"taxonomy":"post_tag","embeddable":true,"href":"https:\/\/euapp01.newsmemory.com\/lamarseillaise\/news\/wp-json\/wp\/v2\/tags?post=36960"},{"taxonomy":"news-destination","embeddable":true,"href":"https:\/\/euapp01.newsmemory.com\/lamarseillaise\/news\/wp-json\/wp\/v2\/news-destination?post=36960"},{"taxonomy":"news-source","embeddable":true,"href":"https:\/\/euapp01.newsmemory.com\/lamarseillaise\/news\/wp-json\/wp\/v2\/news-source?post=36960"},{"taxonomy":"is_homepage","embeddable":true,"href":"https:\/\/euapp01.newsmemory.com\/lamarseillaise\/news\/wp-json\/wp\/v2\/is_homepage?post=36960"},{"taxonomy":"ta_other","embeddable":true,"href":"https:\/\/euapp01.newsmemory.com\/lamarseillaise\/news\/wp-json\/wp\/v2\/ta_other?post=36960"}],"curies":[{"name":"wp","href":"https:\/\/api.w.org\/{rel}","templated":true}]}}