{"id":36957,"date":"2026-07-21T07:28:00","date_gmt":"2026-07-21T05:28:00","guid":{"rendered":"https:\/\/euapp01.newsmemory.com\/lamarseillaise\/news\/?p=36957"},"modified":"2026-07-21T10:12:41","modified_gmt":"2026-07-21T08:12:41","slug":"de-jeunes-marseillais-sont-en-vacances-a-briancon","status":"publish","type":"post","link":"https:\/\/euapp01.newsmemory.com\/lamarseillaise\/news\/2026\/07\/21\/de-jeunes-marseillais-sont-en-vacances-a-briancon\/","title":{"rendered":"De jeunes Marseillais sont en vacances \u00e0 Brian\u00e7on"},"content":{"rendered":"<div class=\"paragraph\">\n<p>\u00ab <i>L<\/i><i>es valises d\u2019abord s\u2019il vous pla\u00eet<\/i><i>\u00a0<\/i><i>!<\/i><i>\u00a0<\/i><i>\u00bb<\/i> Devant les minibus, boulevard des Dames \u00e0 Marseille, Florence L\u00e9on, co-coordinatrice du s\u00e9jour, donne le ton. Un \u00e0 un, les adolescents chargent leurs bagages avant de prendre la route pour cinq jours vers le Puy-Saint-Andr\u00e9, pr\u00e8s de Brian\u00e7on.<\/p>\n<p>Ce d\u00e9part s\u2019inscrit dans le dispositif municipal \u00ab\u00a0Vacances pour tous \u00bb. Depuis 2020, il permet aux enfants de familles modestes de partir en colonie pour un tarif compris entre 1 et 10\u00a0euros par jour. <i>\u00ab<\/i><i><b>\u00a0<\/b><\/i><i>C\u2019est important de transmettre le message que les vacances ne doivent plus \u00eatre un luxe<\/i><i>\u00a0<\/i><i>\u00bb<\/i>, rappelle Farida Benaouda, conseill\u00e8re municipale d\u00e9l\u00e9gu\u00e9e aux vacances pour tous.<b> <\/b>Cet \u00e9t\u00e9, 73\u00a0s\u00e9jours permettent \u00e0 1\u00a0667\u00a0enfants de partir en vacances.<\/p>\n<p>Organis\u00e9 avec l\u2019association marseillaise Contact Club, le voyage de ce lundi r\u00e9unit 14\u00a0jeunes des 1<sup>er<\/sup>, 2<sup>e<\/sup> et 3<sup>e<\/sup>\u00a0arrondissements. \u00ab<i>\u00a0<\/i><i>L\u2019id\u00e9e, c\u2019est de les sortir de leur quotidien qui n\u2019est pas toujours simple<\/i><i>\u00a0<\/i><i>\u00bb, <\/i>explique Kamir Zitouni, animatrice de l\u2019association et co-coordinatrice du s\u00e9jour. Cette ann\u00e9e, coll\u00e9giens et lyc\u00e9ens partagent le s\u00e9jour pour <i>\u00ab<\/i><i>\u00a0<\/i><i>les responsabiliser et apprendre les uns des autres<\/i><i>\u00a0<\/i><i>\u00bb<\/i>.<\/p>\n<p>Pour Lalissa, 13\u00a0ans, qui repart pour la deuxi\u00e8me fois, l\u2019impatience prime\u00a0: <i>\u00ab<\/i><i>\u00a0<\/i><i>On s\u2019entend tous bien, donc j\u2019ai vraiment h\u00e2te de partir.<\/i><i>\u00a0<\/i><i>\u00bb<\/i> M\u00eame enthousiasme chez Sara et Rouaya, 15\u00a0ans.<i> \u00ab<\/i><i>\u00a0<\/i><i>Ce qu\u2019on attend le plus<\/i><i>\u00a0<\/i><i>? L\u2019ambiance<\/i>, r\u00e9pondent-elles en ch\u0153ur. <i>\u00catre avec d\u2019autres jeunes et changer d\u2019air, \u00e7a fait du bien.<\/i><i>\u00a0<\/i><i>\u00bb <\/i>Sac sur le dos, Rouaya v\u00e9rifie un dernier d\u00e9tail avant d\u2019embarquer. <i>\u00ab<\/i><i>\u00a0<\/i><i>T\u2019as bien pris l\u2019enceinte, hein<\/i><i>\u00a0<\/i><i>?<\/i><i>\u00a0<\/i><i>\u00bb<\/i>, lance-t-elle \u00e0 l\u2019animatrice Kamir.<\/p>\n<\/p><\/div>\n<div class=\"intext\"> Sur les traces de Vauban\n              <\/div>\n<div class=\"paragraph\">\n<p>Derri\u00e8re la convivialit\u00e9, le s\u00e9jour r\u00e9pond \u00e0 un objectif \u00e9ducatif. <i>\u00ab<\/i><i>\u00a0<\/i><i>Le but est d\u2019enrichir leurs connaissances. Cette ann\u00e9e, on a choisi le th\u00e8me \u201cSur les traces de Vauban\u201d<\/i><i>\u00a0<\/i>\u00bb, d\u00e9taille Kamir Zitouni. Un clin d\u2019\u0153il qui prend tout son sens \u00e0 Brian\u00e7on, terre du c\u00e9l\u00e8bre ing\u00e9nieur du XVII<sup>e<\/sup>\u00a0si\u00e8cle.<\/p>\n<p>Autre ambition, d\u00e9velopper leur autonomie\u00a0: <i>\u00ab<\/i><i>\u00a0<\/i><i>Ils doivent faire le m\u00e9nage, la vaisselle, la nourriture<\/i><i>\u00a0<\/i>\u00bb, d\u00e9taille Florence L\u00e9on. \u00c0 cela s\u2019ajoute un changement de d\u00e9cor. <i>\u00ab<\/i><i>\u00a0<\/i><i>On est dans un petit village, sans r\u00e9seau. On veut qu\u2019ils soient le moins possible sur les \u00e9crans.<\/i><i>\u00a0<\/i><i>\u00bb<\/i><\/p>\n<p>Une pr\u00e9cision qui fait sourire les mamans, rest\u00e9es devant les minibus jusqu\u2019au dernier moment. <i>\u00ab<\/i><i>\u00a0<\/i><i>Pour avoir des nouvelles, il faut m\u2019envoyer un message<\/i><i>\u00a0<\/i><i>\u00bb,<\/i> leur glisse Kamir. Et de conclure avant que les portes ne se referment\u00a0: <i>\u00ab<\/i><i>\u00a0<\/i><i>C\u2019est fait expr\u00e8s, sinon, ils sont scotch\u00e9s \u00e0 leur t\u00e9l\u00e9phone.<\/i><i>\u00a0<\/i><i>\u00bb<\/i><i> <\/i><\/p>\n<\/p><\/div>\n","protected":false},"excerpt":{"rendered":"&laquo; Les valises d&rsquo;abord s&rsquo;il vous pla&icirc;t&nbsp;!&nbsp;&raquo; Devant les minibus, boulevard des Dames &agrave; Marseille, Florence L&eacute;on, co-coordinatrice du s&eacute;jour, donne le ton. Un &agrave; un, les adolescents &#8230;","protected":false},"author":1,"featured_media":36958,"comment_status":"open","ping_status":"open","sticky":false,"template":"","format":"standard","meta":{"footnotes":""},"categories":[20],"tags":[4768,5085,336,59,3415,1361,6133,2145],"news-destination":[],"news-source":[475],"is_homepage":[],"ta_other":[],"class_list":["post-36957","post","type-post","status-publish","format-standard","has-post-thumbnail","hentry","category-societe","tag-alpes","tag-colonies-de-vacances","tag-ete","tag-jeunes","tag-montagne","tag-vacances","tag-vauban","tag-voyage","news-source-website"],"_links":{"self":[{"href":"https:\/\/euapp01.newsmemory.com\/lamarseillaise\/news\/wp-json\/wp\/v2\/posts\/36957","targetHints":{"allow":["GET"]}}],"collection":[{"href":"https:\/\/euapp01.newsmemory.com\/lamarseillaise\/news\/wp-json\/wp\/v2\/posts"}],"about":[{"href":"https:\/\/euapp01.newsmemory.com\/lamarseillaise\/news\/wp-json\/wp\/v2\/types\/post"}],"author":[{"embeddable":true,"href":"https:\/\/euapp01.newsmemory.com\/lamarseillaise\/news\/wp-json\/wp\/v2\/users\/1"}],"replies":[{"embeddable":true,"href":"https:\/\/euapp01.newsmemory.com\/lamarseillaise\/news\/wp-json\/wp\/v2\/comments?post=36957"}],"version-history":[{"count":1,"href":"https:\/\/euapp01.newsmemory.com\/lamarseillaise\/news\/wp-json\/wp\/v2\/posts\/36957\/revisions"}],"predecessor-version":[{"id":36959,"href":"https:\/\/euapp01.newsmemory.com\/lamarseillaise\/news\/wp-json\/wp\/v2\/posts\/36957\/revisions\/36959"}],"wp:featuredmedia":[{"embeddable":true,"href":"https:\/\/euapp01.newsmemory.com\/lamarseillaise\/news\/wp-json\/wp\/v2\/media\/36958"}],"wp:attachment":[{"href":"https:\/\/euapp01.newsmemory.com\/lamarseillaise\/news\/wp-json\/wp\/v2\/media?parent=36957"}],"wp:term":[{"taxonomy":"category","embeddable":true,"href":"https:\/\/euapp01.newsmemory.com\/lamarseillaise\/news\/wp-json\/wp\/v2\/categories?post=36957"},{"taxonomy":"post_tag","embeddable":true,"href":"https:\/\/euapp01.newsmemory.com\/lamarseillaise\/news\/wp-json\/wp\/v2\/tags?post=36957"},{"taxonomy":"news-destination","embeddable":true,"href":"https:\/\/euapp01.newsmemory.com\/lamarseillaise\/news\/wp-json\/wp\/v2\/news-destination?post=36957"},{"taxonomy":"news-source","embeddable":true,"href":"https:\/\/euapp01.newsmemory.com\/lamarseillaise\/news\/wp-json\/wp\/v2\/news-source?post=36957"},{"taxonomy":"is_homepage","embeddable":true,"href":"https:\/\/euapp01.newsmemory.com\/lamarseillaise\/news\/wp-json\/wp\/v2\/is_homepage?post=36957"},{"taxonomy":"ta_other","embeddable":true,"href":"https:\/\/euapp01.newsmemory.com\/lamarseillaise\/news\/wp-json\/wp\/v2\/ta_other?post=36957"}],"curies":[{"name":"wp","href":"https:\/\/api.w.org\/{rel}","templated":true}]}}