{"id":36954,"date":"2026-07-21T07:30:00","date_gmt":"2026-07-21T05:30:00","guid":{"rendered":"https:\/\/euapp01.newsmemory.com\/lamarseillaise\/news\/?p=36954"},"modified":"2026-07-21T10:12:41","modified_gmt":"2026-07-21T08:12:41","slug":"cest-lete-a-saint-cyr-sur-mer-grand-show-acrobatique-et-bal-populaire","status":"publish","type":"post","link":"https:\/\/euapp01.newsmemory.com\/lamarseillaise\/news\/2026\/07\/21\/cest-lete-a-saint-cyr-sur-mer-grand-show-acrobatique-et-bal-populaire\/","title":{"rendered":"[C\u2019est l\u2019\u00e9t\u00e9] \u00c0 Saint-Cyr-sur-Mer, grand show acrobatique et bal populaire"},"content":{"rendered":"<div class=\"paragraph\">\n<p>C\u2019est une soir\u00e9e incroyable qui attend les habitants et vacanciers install\u00e9s \u00e0 Saint-Cyr-sur-Mer, ce mardi d\u00e8s 21\u00a0heures, sur ce que la municipalit\u00e9 appelle d\u00e9sormais \u00ab\u00a0Les Terrasses des Lecques\u00a0\u00bb. Un lieu marqu\u00e9 par la fermeture de plusieurs \u00e9tablissements et o\u00f9 la Ville a \u00e0 c\u0153ur de remettre de la vie. D\u2019ailleurs, un embellissement imm\u00e9diat a \u00e9t\u00e9 r\u00e9alis\u00e9 avant d\u2019engager des chantiers et travaux qui dureront sur le long terme.<\/p>\n<p>Ainsi, face \u00e0 cette volont\u00e9 de redynamiser le site qui vient prolonger naturellement la promenade rose et le Vieux-Port avec une programmation estivale \u00e0 la fois familiale et vari\u00e9e, pens\u00e9e comme une sc\u00e8ne \u00e0 ciel ouvert en cette p\u00e9riode estivale, petits et grands sont attendus pour profiter du spectacle de l\u2019\u00e9quipe sp\u00e9ciale des sapeurs-pompiers du Rh\u00f4ne et de la M\u00e9tropole de Lyon.<\/p>\n<p>Compos\u00e9e d\u2019une trentaine d\u2019athl\u00e8tes issus des casernes du Rh\u00f4ne, cette association historique du Service d\u00e9partemental-m\u00e9tropolitain d\u2019incendie et de secours (SDMIS), vieille de 90\u00a0ans, r\u00e9unit plus de 50\u00a0membres qu\u2019ils soient sapeurs-pompiers professionnels, volontaires ou jeunes sapeurs-pompiers.<\/p>\n<\/p><\/div>\n<div class=\"intext\"> Un spectacle hors du commun pour les familles\n              <\/div>\n<div class=\"paragraph\">\n<p>Au programme, un show unique qui m\u00eale acrobaties, humour et effets pyrotechniques dans une volont\u00e9 de d\u00e9passement de soi. Frissons et \u00e9motions garanties pour les petits comme pour les grands\u00a0!<\/p>\n<p>Apr\u00e8s deux heures de spectacle, la soir\u00e9e se poursuivra avec un grand bal populaire anim\u00e9 par un DJ jusqu\u2019\u00e0 1h du matin sans oublier que food-trucks et buvettes seront install\u00e9s sur place pour vous restaurer.<\/p>\n<\/p><\/div>\n<div class=\"paragraph\">\n<p><i><\/i><\/p>\n<p><i>Spectacle \u00e0 partir de 21h et bal <br \/>\u00e0 partir de 23h. En acc\u00e8s libre. <\/i><\/p>\n<\/p><\/div>\n","protected":false},"excerpt":{"rendered":"C&rsquo;est une soir&eacute;e incroyable qui attend les habitants et vacanciers install&eacute;s &agrave; Saint-Cyr-sur-Mer, ce mardi d&egrave;s 21&nbsp;heures, sur ce que la municipalit&eacute; appelle d&eacute;sormais &laquo;&nbsp;Les Terrasses &#8230;","protected":false},"author":1,"featured_media":36955,"comment_status":"open","ping_status":"open","sticky":false,"template":"","format":"standard","meta":{"footnotes":""},"categories":[20],"tags":[2873,6081,6085,58,1083,55,868,1725,529,188,31],"news-destination":[],"news-source":[475],"is_homepage":[],"ta_other":[],"class_list":["post-36954","post","type-post","status-publish","format-standard","has-post-thumbnail","hentry","category-societe","tag-activites-de-loisirs","tag-bals-populaires","tag-cest-lete","tag-famille","tag-gratuit","tag-loisirs","tag-saint-cyr-sur-mer","tag-sortie","tag-spectacle","tag-spectacle-vivant","tag-var","news-source-website"],"_links":{"self":[{"href":"https:\/\/euapp01.newsmemory.com\/lamarseillaise\/news\/wp-json\/wp\/v2\/posts\/36954","targetHints":{"allow":["GET"]}}],"collection":[{"href":"https:\/\/euapp01.newsmemory.com\/lamarseillaise\/news\/wp-json\/wp\/v2\/posts"}],"about":[{"href":"https:\/\/euapp01.newsmemory.com\/lamarseillaise\/news\/wp-json\/wp\/v2\/types\/post"}],"author":[{"embeddable":true,"href":"https:\/\/euapp01.newsmemory.com\/lamarseillaise\/news\/wp-json\/wp\/v2\/users\/1"}],"replies":[{"embeddable":true,"href":"https:\/\/euapp01.newsmemory.com\/lamarseillaise\/news\/wp-json\/wp\/v2\/comments?post=36954"}],"version-history":[{"count":1,"href":"https:\/\/euapp01.newsmemory.com\/lamarseillaise\/news\/wp-json\/wp\/v2\/posts\/36954\/revisions"}],"predecessor-version":[{"id":36956,"href":"https:\/\/euapp01.newsmemory.com\/lamarseillaise\/news\/wp-json\/wp\/v2\/posts\/36954\/revisions\/36956"}],"wp:featuredmedia":[{"embeddable":true,"href":"https:\/\/euapp01.newsmemory.com\/lamarseillaise\/news\/wp-json\/wp\/v2\/media\/36955"}],"wp:attachment":[{"href":"https:\/\/euapp01.newsmemory.com\/lamarseillaise\/news\/wp-json\/wp\/v2\/media?parent=36954"}],"wp:term":[{"taxonomy":"category","embeddable":true,"href":"https:\/\/euapp01.newsmemory.com\/lamarseillaise\/news\/wp-json\/wp\/v2\/categories?post=36954"},{"taxonomy":"post_tag","embeddable":true,"href":"https:\/\/euapp01.newsmemory.com\/lamarseillaise\/news\/wp-json\/wp\/v2\/tags?post=36954"},{"taxonomy":"news-destination","embeddable":true,"href":"https:\/\/euapp01.newsmemory.com\/lamarseillaise\/news\/wp-json\/wp\/v2\/news-destination?post=36954"},{"taxonomy":"news-source","embeddable":true,"href":"https:\/\/euapp01.newsmemory.com\/lamarseillaise\/news\/wp-json\/wp\/v2\/news-source?post=36954"},{"taxonomy":"is_homepage","embeddable":true,"href":"https:\/\/euapp01.newsmemory.com\/lamarseillaise\/news\/wp-json\/wp\/v2\/is_homepage?post=36954"},{"taxonomy":"ta_other","embeddable":true,"href":"https:\/\/euapp01.newsmemory.com\/lamarseillaise\/news\/wp-json\/wp\/v2\/ta_other?post=36954"}],"curies":[{"name":"wp","href":"https:\/\/api.w.org\/{rel}","templated":true}]}}