{"id":36944,"date":"2026-07-21T07:21:00","date_gmt":"2026-07-21T05:21:00","guid":{"rendered":"https:\/\/euapp01.newsmemory.com\/lamarseillaise\/news\/?p=36944"},"modified":"2026-07-21T10:12:41","modified_gmt":"2026-07-21T08:12:41","slug":"tibune-loptimisme-dune-volonte-eclairee-par-les-lecons-de-lhistoire","status":"publish","type":"post","link":"https:\/\/euapp01.newsmemory.com\/lamarseillaise\/news\/2026\/07\/21\/tibune-loptimisme-dune-volonte-eclairee-par-les-lecons-de-lhistoire\/","title":{"rendered":"[Tibune] L\u2019optimisme d\u2019une volont\u00e9 \u00e9clair\u00e9e par les le\u00e7ons de l\u2019Histoire"},"content":{"rendered":"<div class=\"paragraph\">\n<p><b>N<\/b>ous apprenons aujourd\u2019hui qu\u2019\u00e0 Paris a \u00e9t\u00e9 bris\u00e9e la plaque en hommage \u00e0 trois Justes parmi les Nations qui sauv\u00e8rent un enfant juif. D\u00e9go\u00fbt&#8230; Je tiens \u00e0 citer leurs noms\u00a0: Ars\u00e8ne et Angele Richard et leur fille Marcelle.<\/p>\n<p>Ici, nous avons entendu avec une \u00e9motion qui ne peut s\u2019\u00e9teindre les noms de la centaine d\u2019enfants juifs d\u00e9port\u00e9s du camp des Milles puis assassin\u00e9s \u00e0 Auschwitz, uniquement parce qu\u2019ils \u00e9taient consid\u00e9r\u00e9s comme juifs. Et puis, \u00e9mouvants autrement, les noms des Justes qui ont aid\u00e9 les victimes au camp des Milles. \u00ab\u00a0L\u2019irr\u00e9parable\u00a0\u00bb \u00e9voqu\u00e9 par Jacques Chirac \u00e9tait commis \u00e0 l\u2019\u00e9t\u00e9 1942 au Vel d\u2019hiv en zone occup\u00e9e sous autorit\u00e9 allemande, mais aussi en zone non occup\u00e9e sous l\u2019autorit\u00e9 fran\u00e7aise de Vichy. Ombres et lumi\u00e8res.<\/p>\n<p>Seul grand camp fran\u00e7ais d\u2019internement et de d\u00e9portation encore intact aujourd\u2019hui, le camp des Milles est devenu, apr\u00e8s 30 ans de lutte pour un Site m\u00e9morial, un lieu de m\u00e9moire et d\u2019\u00e9ducation citoyenne \u00e0 qui, avec nos anciens Denise Toros Marter, Louis Monguilan et mon p\u00e8re Sidney, nous avions donn\u00e9 pour double mission de devenir un lieu t\u00e9moin qui survivrait aux t\u00e9moins et un lieu p\u00e9dagogique innovant qui aide \u00e0 passer de l\u2019exclamation \u00ab\u00a0Plus jamais \u00e7a\u00a0!\u00a0\u00bb \u00e0 \u00ab\u00a0Comment faire pour que plus jamais \u00e7a\u00a0?\u00a0\u00bb C\u2019est ainsi que, apr\u00e8s son ouverture, notre Site-m\u00e9morial est devenu un p\u00f4le m\u00e9moriel, culturel, \u00e9ducatif et citoyen aujourd\u2019hui reconnu aux niveaux national et international.<\/p>\n<p>Au c\u0153ur de cette reconnaissance se trouve son <b>mod\u00e8le scientifique et p\u00e9dagogique in\u00e9dit<\/b> qui construit l\u2019articulation entre la m\u00e9moire et le pr\u00e9sent dans un \u00ab\u00a0volet r\u00e9flexif et citoyen\u00a0\u00bb.<\/p>\n<p>S\u2019appuyant sur neuf disciplines scientifiques, cette d\u00e9marche fournit des cl\u00e9s de compr\u00e9hension des m\u00e9canismes menant aux crimes de masse mais aussi des ressorts pour y r\u00e9sister. C\u2019est sur cette base que fut con\u00e7ue la mus\u00e9ographie innovante du Volet r\u00e9flexif du camp des Milles et que sont d\u00e9velopp\u00e9es aujourd\u2019hui une Chaire de l\u2019Unesco et notre d\u00e9marche vers l\u2019inscription du Site au patrimoine mondial de l\u2019humanit\u00e9. C\u2019est sur ce socle robuste que sont men\u00e9es nos m\u00e9diations et formations qui ont touch\u00e9 plus d\u20191,2\u00a0million personnes, de jeunes particuli\u00e8rement mais aussi d\u2019\u00e9lus, de magistrats, forces de l\u2019ordre, enseignants, cadres d\u2019entreprises, syndicalistes, associatifs, sportifs, d\u00e9tenus&#8230;<\/p>\n<p>L\u2019analyse de la Shoah, confirm\u00e9e par celle des autres grands crimes g\u00e9nocidaires du XX<sup>e<\/sup> si\u00e8cle, met ainsi en lumi\u00e8re les \u00e9tapes et m\u00e9canismes humains r\u00e9currents qui peuvent mener une soci\u00e9t\u00e9 d\u00e9mocratique vers un autoritarisme criminel.<\/p>\n<p><b>Je souhaite ici, \u00e0 la veille de mon retrait de la pr\u00e9sidence de la Fondation du Camp des Milles, rappeler ces fortes le\u00e7ons de l\u2019histoire que notre recherche a fait \u00e9merger et qui nous interpellent directement aujourd\u2019hui :<\/b><\/p>\n<p><b><\/b><\/p>\n<\/p><\/div>\n<div class=\"intext\"> 1. La d\u00e9mocratie commence apr\u00e8s l\u2019\u00e9lection\n              <\/div>\n<div class=\"paragraph\">\n<p><b>Aujourd\u2019hui, presque tous les r\u00e9gimes non d\u00e9mocratiques se sentent oblig\u00e9s d\u2019organiser des \u00e9lections.<\/b> Et l\u2019histoire confirme qu\u2019une l\u00e9gitimit\u00e9 d\u00e9mocratique ne repose pas seulement sur le suffrage universel\u00a0; <b>elle exige le respect absolu des droits, des libert\u00e9s, des minorit\u00e9s et des contre-pouvoirs.<\/b> Sans ces piliers, le vote perd sa l\u00e9gitimit\u00e9 d\u00e9mocratique, comme l\u2019attestent l\u2019histoire du nazisme et du stalinisme. L\u2019acc\u00e8s d\u2019Hitler au pouvoir avec seulement 33,1 % des voix rappelle qu\u2019un r\u00e9gime autoritaire peut s\u2019installer par les urnes, sur un fond de passivit\u00e9 d\u2019une majorit\u00e9 de citoyens et d\u2019alliances opportunistes. Des hommes politiques mod\u00e9r\u00e9s \u00e9taient en effet persuad\u00e9s de pouvoir canaliser des extr\u00e9mistes en col blanc. L\u2019histoire leur a donn\u00e9 tort et ils l\u2019ont souvent pay\u00e9 de leur vie.<\/p>\n<\/p><\/div>\n<div class=\"intext\"> 2. L\u2019engrenage vers le pire est nourri par tout extr\u00e9misme.\n              <\/div>\n<div class=\"paragraph\">\n<p>Dans un contexte de perte de rep\u00e8res collectifs conduisant certains citoyens \u00e0 pr\u00e9f\u00e9rer un ordre autoritaire aux libert\u00e9s r\u00e9publicaines, le basculement s\u2019est op\u00e9r\u00e9 parfois en quelques mois seulement, avec un affaiblissement de l\u2019\u00c9tat de droit d\u00e9mocratique et de l\u2019ind\u00e9pendance des contre-pouvoirs politiques, judiciaires et m\u00e9diatiques. Avec aussi l\u2019ouverture rapide de premiers camps pour des internements arbitraires.<\/p>\n<p>Ce processus mortif\u00e8re repose sur des engrenages psychologiques et soci\u00e9taux puissants \u2013 comme l\u2019effet de groupe et la soumission aveugle \u00e0 l\u2019autorit\u00e9 &#8211; qui peuvent transformer des citoyens ordinaires en complices voire en bourreaux. Lorsque les discours politiques s\u2019\u00e9garent, ils lib\u00e8rent des passions, des peurs et des haines qui conduisent vite \u00e0 des violences mal ma\u00eetrisables. Alors le nouveau pouvoir se radicalise encore sous l\u2019effet des contestations de ses opposants et des surench\u00e8res dans son propre camp, qui s\u2019ajoutent souvent \u00e0 des promesses fortes non tenues et \u00e0 des provocations internes ou \u00e9trang\u00e8res.<\/p>\n<\/p><\/div>\n<div class=\"intext\"> 3. Une alerte de l\u2019histoire\u00a0: l\u2019antis\u00e9mitisme comme sympt\u00f4me et acc\u00e9l\u00e9rateur des crises soci\u00e9tales\n              <\/div>\n<div class=\"paragraph\">\n<p>Dans l\u2019histoire europ\u00e9enne, dans l\u2019affaire Dreyfus comme sous le r\u00e9gime de Vichy, l\u2019antis\u00e9mitisme est un avertisseur et un acc\u00e9l\u00e9rateur des d\u00e9sordres soci\u00e9taux. Aujourd\u2019hui, le retour massif des actes antis\u00e9mites \u00e0 l\u2019\u00e9chelle mondiale comme le d\u00e9veloppement du racisme et de la x\u00e9nophobie, r\u00e9v\u00e8lent des maux profonds de notre \u00e9poque\u00a0: la brutalisation de la soci\u00e9t\u00e9, l\u2019inculture crasse nourrie par les r\u00e9seaux sociaux, la mont\u00e9e des crispations identitaires, des in\u00e9galit\u00e9s, du ressentiment et des jalousies, l\u2019augmentation des peurs. Mais il montre aussi, comme souvent dans l\u2019histoire, une instrumentalisation cynique par des extr\u00e9mistes sectaires et communautaristes soufflant sur les flammes de l\u2019incendie antis\u00e9mite. Pour ce faire, et depuis le stalinisme, l\u2019antisionisme masque et aggrave souvent l\u2019antis\u00e9mitisme.<\/p>\n<p>N\u2019oublions donc pas que l\u2019histoire nous enseigne que l\u2019antis\u00e9mitisme et les racismes ont un potentiel explosif exceptionnel, mena\u00e7ant la d\u00e9mocratie et la paix civile et justifiant une vigilance et une fermet\u00e9 elles-m\u00eames exceptionnelles.<\/p>\n<\/p><\/div>\n<div class=\"intext\"> 4. Chacun peut r\u00e9sister, chacun \u00e0 sa mani\u00e8re\n              <\/div>\n<div class=\"paragraph\">\n<p>C\u2019est le principal enseignement du courage des Justes que nous honorons aujourd\u2019hui. Face aux pers\u00e9cutions individuelles et aux extr\u00e9mismes de tous bords qui menacent la paix civile et l\u2019\u00c9tat de droit, chaque citoyen poss\u00e8de le pouvoir d\u2019agir, \u00e0 son \u00e9chelle et selon ses moyens. Des actes individuels ou collectifs ont aid\u00e9, prot\u00e9g\u00e9, sauv\u00e9, qu\u2019ils soient h\u00e9ro\u00efques ou en apparence plus anodins\u00a0: un mot de soutien, un h\u00e9bergement clandestin, un refus d\u2019ob\u00e9ir&#8230; La passivit\u00e9, plus encore que l\u2019indiff\u00e9rence, est le principal facilitateur des pers\u00e9cutions, tandis que l\u2019engagement \u00e9thique individuel est le dernier rempart des libert\u00e9s lorsque la Justice n\u2019est plus ind\u00e9pendante. Ces sursauts de conscience ont permis des milliers \u00ab\u00a0d\u2019actes justes\u00a0\u00bb, connus ou anonymes, qui ont permis de sauver des dizaines de milliers de vies humaines avant m\u00eame que le rapport de force militaire ne soit invers\u00e9.<\/p>\n<p>C\u2019est en effet la conscience morale qu\u2019il faut alors \u00e9couter en chacun de nous. Par-del\u00e0 les limites des lois parfois ill\u00e9gitimes et m\u00eame de la raison parfois sans rep\u00e8res, la conscience morale nous rappelle l\u2019humain comme valeur centrale et l\u2019humanisme comme boussole.<\/p>\n<p>C\u2019est aussi pour favoriser le r\u00e9veil de cette conscience intime que, au nom de la m\u00e9moire des victimes et des Justes, la Fondation du camp des Milles en appelle \u00e0 un v\u00e9ritable \u00ab\u00a0courage de m\u00e9moire\u00a0\u00bb, celui d\u2019appliquer d\u00e8s aujourd\u2019hui les le\u00e7ons du pass\u00e9, universelles et universalistes, pour combattre les engrenages enclench\u00e9s, le retour des haines, des discriminations et des violences, et pour faire de la m\u00e9moire un engagement concret au service de la d\u00e9mocratie, de la dignit\u00e9 et de la fraternit\u00e9.<\/p>\n<p><b>Nous connaissons la phrase de Paul Eluard<\/b><b>\u00a0<\/b><b>: SI L\u2019\u00c9CHO DE LEUR VOIX FAIBLIT NOUS P\u00c9RIRONS<\/b><\/p>\n<p>Qui d\u2019entre nous est pr\u00eat \u00e0 prendre ce risque vital, pour lui-m\u00eame et les siens\u00a0?<\/p>\n<p>Une fois encore, <b>au pessimisme de l\u2019intelligence je pr\u00e9f\u00e8re opposer l\u2019optimisme d\u2019une volont\u00e9 aujourd\u2019hui \u00e9clair\u00e9e par les le\u00e7ons de l\u2019histoire, mais aussi la confiance en une jeunesse curieuse et sensible aux valeurs qui nous animent. <\/b><\/p>\n<\/p><\/div>\n","protected":false},"excerpt":{"rendered":"Nous apprenons aujourd&rsquo;hui qu&rsquo;&agrave; Paris a &eacute;t&eacute; bris&eacute;e la plaque en hommage &agrave; trois Justes parmi les Nations qui sauv&egrave;rent un enfant juif. D&eacute;go&ucirc;t&#8230; Je tiens &agrave; citer leurs &#8230;","protected":false},"author":1,"featured_media":36946,"comment_status":"open","ping_status":"open","sticky":false,"template":"","format":"standard","meta":{"footnotes":""},"categories":[20],"tags":[2144,2095,618,441,572,280,6132,920,857,1729,621,1941],"news-destination":[],"news-source":[475],"is_homepage":[],"ta_other":[],"class_list":["post-36944","post","type-post","status-publish","format-standard","has-post-thumbnail","hentry","category-societe","tag-antisemitisme","tag-camp-des-milles","tag-devoir-de-memoire","tag-extreme-droite","tag-france","tag-histoire","tag-justes","tag-memoire","tag-racisme","tag-resistance","tag-tribune","tag-victimes","news-source-website"],"_links":{"self":[{"href":"https:\/\/euapp01.newsmemory.com\/lamarseillaise\/news\/wp-json\/wp\/v2\/posts\/36944","targetHints":{"allow":["GET"]}}],"collection":[{"href":"https:\/\/euapp01.newsmemory.com\/lamarseillaise\/news\/wp-json\/wp\/v2\/posts"}],"about":[{"href":"https:\/\/euapp01.newsmemory.com\/lamarseillaise\/news\/wp-json\/wp\/v2\/types\/post"}],"author":[{"embeddable":true,"href":"https:\/\/euapp01.newsmemory.com\/lamarseillaise\/news\/wp-json\/wp\/v2\/users\/1"}],"replies":[{"embeddable":true,"href":"https:\/\/euapp01.newsmemory.com\/lamarseillaise\/news\/wp-json\/wp\/v2\/comments?post=36944"}],"version-history":[{"count":1,"href":"https:\/\/euapp01.newsmemory.com\/lamarseillaise\/news\/wp-json\/wp\/v2\/posts\/36944\/revisions"}],"predecessor-version":[{"id":36947,"href":"https:\/\/euapp01.newsmemory.com\/lamarseillaise\/news\/wp-json\/wp\/v2\/posts\/36944\/revisions\/36947"}],"wp:featuredmedia":[{"embeddable":true,"href":"https:\/\/euapp01.newsmemory.com\/lamarseillaise\/news\/wp-json\/wp\/v2\/media\/36946"}],"wp:attachment":[{"href":"https:\/\/euapp01.newsmemory.com\/lamarseillaise\/news\/wp-json\/wp\/v2\/media?parent=36944"}],"wp:term":[{"taxonomy":"category","embeddable":true,"href":"https:\/\/euapp01.newsmemory.com\/lamarseillaise\/news\/wp-json\/wp\/v2\/categories?post=36944"},{"taxonomy":"post_tag","embeddable":true,"href":"https:\/\/euapp01.newsmemory.com\/lamarseillaise\/news\/wp-json\/wp\/v2\/tags?post=36944"},{"taxonomy":"news-destination","embeddable":true,"href":"https:\/\/euapp01.newsmemory.com\/lamarseillaise\/news\/wp-json\/wp\/v2\/news-destination?post=36944"},{"taxonomy":"news-source","embeddable":true,"href":"https:\/\/euapp01.newsmemory.com\/lamarseillaise\/news\/wp-json\/wp\/v2\/news-source?post=36944"},{"taxonomy":"is_homepage","embeddable":true,"href":"https:\/\/euapp01.newsmemory.com\/lamarseillaise\/news\/wp-json\/wp\/v2\/is_homepage?post=36944"},{"taxonomy":"ta_other","embeddable":true,"href":"https:\/\/euapp01.newsmemory.com\/lamarseillaise\/news\/wp-json\/wp\/v2\/ta_other?post=36944"}],"curies":[{"name":"wp","href":"https:\/\/api.w.org\/{rel}","templated":true}]}}