{"id":36941,"date":"2026-07-21T07:12:00","date_gmt":"2026-07-21T05:12:00","guid":{"rendered":"https:\/\/euapp01.newsmemory.com\/lamarseillaise\/news\/?p=36941"},"modified":"2026-07-27T08:21:56","modified_gmt":"2026-07-27T06:21:56","slug":"lancien-palais-de-justice-de-brignoles-mis-sous-protection","status":"publish","type":"post","link":"https:\/\/euapp01.newsmemory.com\/lamarseillaise\/news\/2026\/07\/21\/lancien-palais-de-justice-de-brignoles-mis-sous-protection\/","title":{"rendered":"L\u2019ancien palais de justice de Brignoles mis sous protection"},"content":{"rendered":"<div class=\"paragraph\">\n<p>Le minist\u00e8re de la Culture a ouvert une instance de classement au titre des monuments historiques de l\u2019ancien palais de justice de Brignoles (Var), \u00e9difi\u00e9 entre 1839 et 1842. Cette d\u00e9cision minist\u00e9rielle rare, sign\u00e9e le 20 mai 2026 et qui vient d\u2019\u00eatre publi\u00e9e, r\u00e9pond \u00e0 une demande de l\u2019association Sites\u00a0&#038;\u00a0monuments qui avait interpell\u00e9 en urgence l\u2019\u00c9tat pour sauver l\u2019\u00e9difice de 1\u00a0000\u00a0m<sup>2<\/sup>.<\/p>\n<p>\u00ab\u00a0<i>Le d\u00e9p\u00f4t le 14<\/i><i>\u00a0<\/i><i>ao\u00fbt 2025 d\u2019un permis de d\u00e9molir partiel fait peser une menace directe de transformations irr\u00e9versibles, d\u2019alt\u00e9rations architecturales substantielles et de perte de lisibilit\u00e9 des volumes et des dispositions d\u2019origine sur cet ensemble d\u2019int\u00e9r\u00eat patrimonial majeur<\/i><i>\u00a0<\/i>\u00bb, a \u00e9crit en f\u00e9vrier Sandrine Rolengo, la d\u00e9l\u00e9gu\u00e9e r\u00e9gionale Paca de l\u2019association de d\u00e9fense du patrimoine. Son courrier \u00e0 Rachida Dati soulignait l\u2019extr\u00eame urgence \u00e0 intervenir. \u00ab\u00a0<i>Dans un contexte de pression fonci\u00e8re et de renouvellement urbain, ces risques appellent une r\u00e9ponse imm\u00e9diate des pouvoirs publics.<\/i><i>\u00a0<\/i>\u00bb<\/p>\n<\/p><\/div>\n<div class=\"intext\"> \u00ab\u00a0Un ensemble architectural complet\u00a0\u00bb\n              <\/div>\n<div class=\"paragraph\">\n<p>Apr\u00e8s le d\u00e9part du tribunal du centre-ville, le b\u00e2timent historique est rest\u00e9 vacant et s\u2019est d\u00e9grad\u00e9 jusqu\u2019\u00e0 l\u2019effondrement partiel de la toiture et de zones de plancher. \u00ab\u00a0<i>La pr\u00e9servation en l\u2019\u00e9tat \u00e9tant devenue impossible, notamment en raison du co\u00fbt n\u00e9cessaire, il a \u00e9t\u00e9 d\u00e9cid\u00e9 la d\u00e9molition partielle du b\u00e2timent, en ne conservant que la fa\u00e7ade principale<\/i><i>\u00a0<\/i>\u00bb, \u00e9non\u00e7ait, en juin\u00a02025, la mairie de Brignoles dans l\u2019appel d\u2019offres pour sa d\u00e9construction. L\u2019instance de classement garantit d\u00e9sormais la sauvegarde de cet ensemble \u00ab\u00a0<i>dans l\u2019attente de l\u2019instruction d\u2019une mesure de protection p\u00e9renne<\/i><i>\u00a0<\/i>\u00bb. \u00ab\u00a0<i>Tous les effets du classement au titre des monuments historiques s\u2019appliqueront de plein droit \u00e0 cet immeuble pendant une dur\u00e9e d\u2019un an<\/i><i>\u00a0<\/i>\u00bb, \u00e9nonce la d\u00e9cision.<\/p>\n<p>L\u2019ancien palais de justice est l\u2019\u0153uvre de l\u2019architecte Esprit Lantoin (1787-1856), qui l\u2019a con\u00e7u dans un style n\u00e9oclassique comme \u00ab\u00a0<i>\u00e9l\u00e9ment central d\u2019un ensemble architectural complet d\u2019\u00e9difices construits pour les institutions judiciaires et p\u00e9nitentiaires sous la monarchie de Juillet<\/i><i>\u00a0<\/i>\u00bb. C\u2019est en r\u00e9alit\u00e9 tout le p\u00f4le judiciaire du XIX<sup>e<\/sup> qui m\u00e9rite d\u2019\u00eatre sauv\u00e9. C\u2019est pourquoi Sites &#038; monuments a demand\u00e9 que soient \u00e9galement prot\u00e9g\u00e9es l\u2019ancienne prison, l\u2019ancienne gendarmerie, la place et sa fontaine. \u00ab\u00a0<i>Bien que situ\u00e9s dans le Site patrimonial remarquable de la ville, ces \u00e9difices m\u00e9ritent une protection individuelle afin d\u2019assurer leur conservation, leur restauration et leur transmission aux g\u00e9n\u00e9rations futures<\/i><i>\u00a0<\/i>\u00bb, vient d\u2019\u00e9crire l\u2019association reconnue d\u2019utilit\u00e9 publique au maire de Brignoles, Didier Br\u00e9mond (LR), pour demander une reconversion de l\u2019\u00eelot plus respectueuse du patrimoine.<\/p>\n<\/p><\/div>\n","protected":false},"excerpt":{"rendered":"Le minist&egrave;re de la Culture a ouvert une instance de classement au titre des monuments historiques de l&rsquo;ancien palais de justice de Brignoles (Var), &eacute;difi&eacute; entre 1839 et 1842. Cette d&eacute;cision minist&eacute;rielle &#8230;","protected":false},"author":1,"featured_media":36942,"comment_status":"open","ping_status":"open","sticky":false,"template":"","format":"standard","meta":{"footnotes":""},"categories":[3926,3925,20],"tags":[101,1476,181,3240,1904,104,1697,1798,3091,517,5423,520,2658,1377,3165,97,136,537,527,3295,180,6070,960,31],"news-destination":[3944],"news-source":[475],"is_homepage":[],"ta_other":[],"class_list":["post-36941","post","type-post","status-publish","format-standard","has-post-thumbnail","hentry","category-accueil-merge","category-accueil-third","category-societe","tag-batiment","tag-brignoles","tag-centre-ville","tag-classement","tag-conservation","tag-demolition","tag-ensemble","tag-gendarmerie","tag-generations-futures","tag-institutions","tag-judiciaire","tag-ministere","tag-ministere-de-la-culture","tag-monuments","tag-palais-de-justice","tag-patrimoine","tag-preservation","tag-protection","tag-rachida-dati","tag-reconversion","tag-restauration","tag-sandrine-rolengo","tag-transmission","tag-var","news-destination-homepage","news-source-website"],"_links":{"self":[{"href":"https:\/\/euapp01.newsmemory.com\/lamarseillaise\/news\/wp-json\/wp\/v2\/posts\/36941","targetHints":{"allow":["GET"]}}],"collection":[{"href":"https:\/\/euapp01.newsmemory.com\/lamarseillaise\/news\/wp-json\/wp\/v2\/posts"}],"about":[{"href":"https:\/\/euapp01.newsmemory.com\/lamarseillaise\/news\/wp-json\/wp\/v2\/types\/post"}],"author":[{"embeddable":true,"href":"https:\/\/euapp01.newsmemory.com\/lamarseillaise\/news\/wp-json\/wp\/v2\/users\/1"}],"replies":[{"embeddable":true,"href":"https:\/\/euapp01.newsmemory.com\/lamarseillaise\/news\/wp-json\/wp\/v2\/comments?post=36941"}],"version-history":[{"count":1,"href":"https:\/\/euapp01.newsmemory.com\/lamarseillaise\/news\/wp-json\/wp\/v2\/posts\/36941\/revisions"}],"predecessor-version":[{"id":36943,"href":"https:\/\/euapp01.newsmemory.com\/lamarseillaise\/news\/wp-json\/wp\/v2\/posts\/36941\/revisions\/36943"}],"wp:featuredmedia":[{"embeddable":true,"href":"https:\/\/euapp01.newsmemory.com\/lamarseillaise\/news\/wp-json\/wp\/v2\/media\/36942"}],"wp:attachment":[{"href":"https:\/\/euapp01.newsmemory.com\/lamarseillaise\/news\/wp-json\/wp\/v2\/media?parent=36941"}],"wp:term":[{"taxonomy":"category","embeddable":true,"href":"https:\/\/euapp01.newsmemory.com\/lamarseillaise\/news\/wp-json\/wp\/v2\/categories?post=36941"},{"taxonomy":"post_tag","embeddable":true,"href":"https:\/\/euapp01.newsmemory.com\/lamarseillaise\/news\/wp-json\/wp\/v2\/tags?post=36941"},{"taxonomy":"news-destination","embeddable":true,"href":"https:\/\/euapp01.newsmemory.com\/lamarseillaise\/news\/wp-json\/wp\/v2\/news-destination?post=36941"},{"taxonomy":"news-source","embeddable":true,"href":"https:\/\/euapp01.newsmemory.com\/lamarseillaise\/news\/wp-json\/wp\/v2\/news-source?post=36941"},{"taxonomy":"is_homepage","embeddable":true,"href":"https:\/\/euapp01.newsmemory.com\/lamarseillaise\/news\/wp-json\/wp\/v2\/is_homepage?post=36941"},{"taxonomy":"ta_other","embeddable":true,"href":"https:\/\/euapp01.newsmemory.com\/lamarseillaise\/news\/wp-json\/wp\/v2\/ta_other?post=36941"}],"curies":[{"name":"wp","href":"https:\/\/api.w.org\/{rel}","templated":true}]}}