{"id":36932,"date":"2026-07-21T07:11:00","date_gmt":"2026-07-21T05:11:00","guid":{"rendered":"https:\/\/euapp01.newsmemory.com\/lamarseillaise\/news\/?p=36932"},"modified":"2026-07-27T08:21:56","modified_gmt":"2026-07-27T06:21:56","slug":"la-ceramique-et-les-santons-mis-a-lhonneur-tout-lete-a-aubagne","status":"publish","type":"post","link":"https:\/\/euapp01.newsmemory.com\/lamarseillaise\/news\/2026\/07\/21\/la-ceramique-et-les-santons-mis-a-lhonneur-tout-lete-a-aubagne\/","title":{"rendered":"La c\u00e9ramique et les santons mis \u00e0 l\u2019honneur tout l\u2019\u00e9t\u00e9 \u00e0 Aubagne"},"content":{"rendered":"<div class=\"paragraph\">\n<p>Le cours Mar\u00e9chal-Foch fourmille de visiteurs. \u00c0 Aubagne, le traditionnel march\u00e9 \u00e0 la c\u00e9ramique et aux santons d\u00e9bute sa saison. Il est organis\u00e9 en partenariat avec l\u2019association des c\u00e9ramistes et santonniers du Pays d\u2019Aubagne et l\u2019Office de tourisme du Pays d\u2019Aubagne et de l\u2019\u00c9toile. Une inauguration \u00ab\u00a0<i>\u00e9mouvante<\/i>\u00a0\u00bb, selon Jean-Pierre Squillari (DVG), maire de la ville, qui salue une initiative lanc\u00e9e par l\u2019ancien premier magistrat communiste Edmond Garcin. \u00c0 ses c\u00f4t\u00e9s, Florence Amy, pr\u00e9sidente de l\u2019association organisatrice, \u00e9tait pr\u00e9sente.<\/p>\n<p>Neuf exposants peuvent faire d\u00e9couvrir leur savoir-faire et leurs cr\u00e9ations. Les arts de la table, de la d\u00e9coration et des santons sont mis \u00e0 l\u2019honneur par les artisans pr\u00e9sents. Des santons, des assiettes, des vases, des tasses, des pots de beurre ou encore des cigales ornent les \u00e9tag\u00e8res.<\/p>\n<\/p><\/div>\n<div class=\"intext\"> Un march\u00e9 pour les curieux et les habitu\u00e9s\n              <\/div>\n<div class=\"paragraph\">\n<p>Parmi les artisans, il y a des habitu\u00e9s. C\u2019est le cas de Marie-Claude, artisane pour la fa\u00efencerie Louis Sicard. Cette enseigne a sa place sur le march\u00e9 depuis le d\u00e9but de son existence, en 1968. La fa\u00efencerie est connue pour ses c\u00e9l\u00e8bres cigales, cr\u00e9\u00e9es par Louis Sicard. \u00ab\u00a0<i>Ce march\u00e9, c\u2019est une opportunit\u00e9 de se faire conna\u00eetre, pour que les gens viennent nous voir ensuite au magasin<\/i>\u00a0\u00bb, explique Marie-Claude.<\/p>\n<p>Cette vitrine est \u00e9galement tr\u00e8s importante pour les nouveaux exposants, comme Aur\u00e9lie, c\u00e9ramiste \u00e0 Ceyreste. Elle cr\u00e9e surtout des bijoux. C\u2019est la deuxi\u00e8me ann\u00e9e cons\u00e9cutive qu\u2019elle vient sur le march\u00e9. Elle se dit heureuse d\u2019\u00eatre ici\u00a0: \u00ab\u00a0<i>Il faut que je sorte de mon atelier, c\u2019est important d\u2019\u00eatre au contact de sa client\u00e8le<\/i>.\u00a0\u00bb Aur\u00e9lie proposera \u00e9galement un atelier participatif lors des nocturnes du march\u00e9\u00a0: \u00ab\u00a0<i>Les visiteurs pourront d\u00e9corer leur propre assiette en terre cuite avec de la peinture acrylique, et repartir avec.<\/i><i>\u00a0<\/i>\u00bb Ces nocturnes auront lieu tous les vendredis soir, de 18 \u00e0 21 heures.<\/p>\n<\/p><\/div>\n<div class=\"intext\"> \u00ab\u00a0Une ambiance chaleureuse\u00a0\u00bb\n              <\/div>\n<div class=\"paragraph\">\n<p>Au milieu des neuf tonnelles qui abritent les \u0153uvres des artisans, des petites tables et chaises sont mises \u00e0 disposition du public par le bar-tabac Le Week-End. Un village au c\u0153ur de la ville. \u00ab\u00a0<i>On vient tous les matins pour boire le caf\u00e9, on habite \u00e0 c\u00f4t\u00e9<\/i>\u00a0\u00bb, dit Herv\u00e9, sa tasse \u00e0 la main. Et de pr\u00e9ciser\u00a0: \u00ab\u00a0<i>Ce que j\u2019aime ici, c\u2019est l\u2019ambiance proven\u00e7ale<\/i>.\u00a0\u00bb Sa compagne, Fran\u00e7oise, raconte qu\u2019elle vient au march\u00e9 depuis son enfance. Elle, aussi, est santonni\u00e8re\u00a0: \u00ab\u00a0<i>On salue nos coll\u00e8gues, l\u2019ambiance est chaleureuse.<\/i>\u00a0\u00bb<\/p>\n<\/p><\/div>\n<div class=\"paragraph\">\n<p><i>Le march\u00e9 est ouvert tous les jours jusqu\u2019au 23<\/i><i>\u00a0<\/i><i>ao\u00fbt, de 10 \u00e0 19<\/i><i>\u00a0<\/i><i>heures, et les vendredis soir jusqu\u2019\u00e0 21 heures. Entr\u00e9e libre.<\/i><\/p>\n<\/p><\/div>\n","protected":false},"excerpt":{"rendered":"Le cours Mar&eacute;chal-Foch fourmille de visiteurs. &Agrave; Aubagne, le traditionnel march&eacute; &agrave; la c&eacute;ramique et aux santons d&eacute;bute sa saison. Il est organis&eacute; en partenariat avec l&rsquo;association des &#8230;","protected":false},"author":1,"featured_media":36933,"comment_status":"open","ping_status":"open","sticky":false,"template":"","format":"standard","meta":{"footnotes":""},"categories":[3926,3925,338,20,6130],"tags":[493,10,1661,336,5587,3499,1134,97,2331],"news-destination":[3944],"news-source":[475],"is_homepage":[],"ta_other":[],"class_list":["post-36932","post","type-post","status-publish","format-standard","has-post-thumbnail","hentry","category-accueil-merge","category-accueil-third","category-economie","category-societe","category-sorties","tag-aubagne","tag-bouches-du-rhone","tag-ceramistes","tag-ete","tag-exposants","tag-jean-pierre-squillari","tag-marche","tag-patrimoine","tag-santons","news-destination-homepage","news-source-website"],"_links":{"self":[{"href":"https:\/\/euapp01.newsmemory.com\/lamarseillaise\/news\/wp-json\/wp\/v2\/posts\/36932","targetHints":{"allow":["GET"]}}],"collection":[{"href":"https:\/\/euapp01.newsmemory.com\/lamarseillaise\/news\/wp-json\/wp\/v2\/posts"}],"about":[{"href":"https:\/\/euapp01.newsmemory.com\/lamarseillaise\/news\/wp-json\/wp\/v2\/types\/post"}],"author":[{"embeddable":true,"href":"https:\/\/euapp01.newsmemory.com\/lamarseillaise\/news\/wp-json\/wp\/v2\/users\/1"}],"replies":[{"embeddable":true,"href":"https:\/\/euapp01.newsmemory.com\/lamarseillaise\/news\/wp-json\/wp\/v2\/comments?post=36932"}],"version-history":[{"count":1,"href":"https:\/\/euapp01.newsmemory.com\/lamarseillaise\/news\/wp-json\/wp\/v2\/posts\/36932\/revisions"}],"predecessor-version":[{"id":36934,"href":"https:\/\/euapp01.newsmemory.com\/lamarseillaise\/news\/wp-json\/wp\/v2\/posts\/36932\/revisions\/36934"}],"wp:featuredmedia":[{"embeddable":true,"href":"https:\/\/euapp01.newsmemory.com\/lamarseillaise\/news\/wp-json\/wp\/v2\/media\/36933"}],"wp:attachment":[{"href":"https:\/\/euapp01.newsmemory.com\/lamarseillaise\/news\/wp-json\/wp\/v2\/media?parent=36932"}],"wp:term":[{"taxonomy":"category","embeddable":true,"href":"https:\/\/euapp01.newsmemory.com\/lamarseillaise\/news\/wp-json\/wp\/v2\/categories?post=36932"},{"taxonomy":"post_tag","embeddable":true,"href":"https:\/\/euapp01.newsmemory.com\/lamarseillaise\/news\/wp-json\/wp\/v2\/tags?post=36932"},{"taxonomy":"news-destination","embeddable":true,"href":"https:\/\/euapp01.newsmemory.com\/lamarseillaise\/news\/wp-json\/wp\/v2\/news-destination?post=36932"},{"taxonomy":"news-source","embeddable":true,"href":"https:\/\/euapp01.newsmemory.com\/lamarseillaise\/news\/wp-json\/wp\/v2\/news-source?post=36932"},{"taxonomy":"is_homepage","embeddable":true,"href":"https:\/\/euapp01.newsmemory.com\/lamarseillaise\/news\/wp-json\/wp\/v2\/is_homepage?post=36932"},{"taxonomy":"ta_other","embeddable":true,"href":"https:\/\/euapp01.newsmemory.com\/lamarseillaise\/news\/wp-json\/wp\/v2\/ta_other?post=36932"}],"curies":[{"name":"wp","href":"https:\/\/api.w.org\/{rel}","templated":true}]}}