{"id":36929,"date":"2026-07-21T07:16:00","date_gmt":"2026-07-21T05:16:00","guid":{"rendered":"https:\/\/euapp01.newsmemory.com\/lamarseillaise\/news\/?p=36929"},"modified":"2026-07-27T08:21:56","modified_gmt":"2026-07-27T06:21:56","slug":"fibre-excellence-un-rapport-etaye-les-conditions-de-la-reprise","status":"publish","type":"post","link":"https:\/\/euapp01.newsmemory.com\/lamarseillaise\/news\/2026\/07\/21\/fibre-excellence-un-rapport-etaye-les-conditions-de-la-reprise\/","title":{"rendered":"Fibre Excellence : un rapport \u00e9taye les conditions de la reprise"},"content":{"rendered":"<div class=\"paragraph\">\n<p>\u00ab <i>I<\/i><i>l appartient d\u00e9sormais \u00e0 la puissance publique de prendre les d\u00e9cisions permettant que ce risque repose sur l\u2019\u00e9conomie du projet, et non sur les d\u00e9s\u00e9quilibres qu\u2019elle peut elle-m\u00eame corriger<\/i>\u00a0\u00bb, estime un cabinet d\u2019expertise ind\u00e9pendant, dont le nom n\u2019a pas \u00e9t\u00e9 communiqu\u00e9, dans la conclusion d\u2019un rapport command\u00e9 par les organisations repr\u00e9sentatives des salari\u00e9s de Fibre Excellence \u00e0 propos de l\u2019offre de reprise formul\u00e9e par Combat Holding, dirig\u00e9e par le milliardaire Matthieu Pigasse. Pour rappel, le lundi 27 juillet, elle sera examin\u00e9e par le tribunal de commerce de Toulouse.<\/p>\n<p>Des donn\u00e9es qui confirment donc les demandes formul\u00e9es par les repreneurs et les repr\u00e9sentants syndicaux, ces derni\u00e8res semaines. \u00ab<i>\u00a0<\/i><i>Tout est dans les mains de l\u2019\u00c9tat<\/i>\u00a0\u00bb, confiaient-ils lors de la derni\u00e8re assembl\u00e9e g\u00e9n\u00e9rale, le mardi 7 juillet dernier, sur le site de Tarascon. Leurs revendications portent sur une revalorisation du prix de l\u2019\u00e9lectricit\u00e9, un meilleur acc\u00e8s au bois utilis\u00e9 pour fabriquer la p\u00e2te \u00e0 papier, ainsi que sur la r\u00e9int\u00e9gration des quotas carbone.<\/p>\n<p>Dans les derni\u00e8res pages du document, que <i>La<\/i><i>\u00a0<\/i><i>Marseillaise<\/i> a pu en partie consulter, ce besoin est m\u00eame chiffr\u00e9. L\u2019Ebitda, indicateur financier qui mesure la rentabilit\u00e9 du cycle d\u2019exploitation d\u2019une entreprise, serait d\u00e9ficitaire de 45,8\u00a0millions d\u2019euros, avec le mod\u00e8le actuel, sur une p\u00e9riode de 2026 \u00e0 2030, sans projet de reprise. Le seul apport du projet industriel, avec \u00ab<i>\u00a0<\/i><i>des produits \u00e0 plus haute valeur ajout\u00e9e<\/i>\u00a0\u00bb pour 9,5\u00a0millions d\u2019euros, \u00ab<i>\u00a0<\/i><i>l\u2019am\u00e9lioration du bilan \u00e9nerg\u00e9tique<\/i><i>\u00a0<\/i>\u00bb pour 1,8\u00a0million d\u2019euros, ainsi que la \u00ab<i>\u00a0<\/i><i>r\u00e9duction des co\u00fbts de maintenance et de fonctionnement<\/i><i>\u00a0<\/i>\u00bb pour 9\u00a0millions d\u2019euros, permet d\u2019apporter 20,3\u00a0millions d\u2019euros. Pas suffisant donc.<\/p>\n<\/p><\/div>\n<div class=\"intext\"> \u00ab\u00a0Conditions essentielles\u00a0\u00bb\n              <\/div>\n<div class=\"paragraph\">\n<p>Restent donc les \u00ab\u00a0<i>conditions essentielles \u00e0 la r\u00e9ussite de l\u2019offre de reprise<\/i><i>\u00a0<\/i>\u00bb, comme elles sont \u00e9voqu\u00e9es dans le rapport. La \u00ab<i>\u00a0<\/i><i>r\u00e9int\u00e9gration et proratisation aux quotas CO2<\/i>\u00a0\u00bb permettraient de d\u00e9gager 30,2\u00a0millions d\u2019euros. Pour la valorisation de l\u2019\u00e9lectricit\u00e9, le b\u00e9n\u00e9fice estim\u00e9 est de 25,5\u00a0millions d\u2019euros. Mais surtout, le cabinet estime que \u00ab\u00a0<i>le diff\u00e9rentiel li\u00e9 au co\u00fbt du bois constitue d\u00e9sormais le principal facteur de fragilit\u00e9 du projet de reprise<\/i>\u00a0\u00bb. Une aide temporaire sur cette question, une mise en \u0153uvre de recherches \u00ab\u00a0<i>afin de r\u00e9tablir la hi\u00e9rarchie des usages du bois et de limiter la concurrence entre bois industrie et bois-\u00e9nergie<\/i>\u00a0\u00bb, ainsi que l\u2019augmentation progressive des volumes de bois issus de for\u00eats publiques permettraient, \u00e0 elles seules, de d\u00e9gager pas moins de 56,3\u00a0millions d\u2019euros. Si toutes les conditions sont r\u00e9unies, l\u2019Ebitda final serait ainsi positif de 86,5\u00a0millions d\u2019euros.<\/p>\n<p>\u00ab\u00a0<i>Les d\u00e9cisions restant \u00e0 prendre ne visent pas \u00e0 cr\u00e9er artificiellement de la rentabilit\u00e9, mais \u00e0 restaurer un environnement concurrentiel compatible avec la r\u00e9alit\u00e9 \u00e9conomique de la fili\u00e8re<\/i>\u00a0\u00bb, pointe le rapport, qui rappelle que \u00ab\u00a0<i>\u00e0 d\u00e9faut, le juge prononcera la liquidation judiciaire<\/i>\u00a0\u00bb.<\/p>\n<\/p><\/div>\n","protected":false},"excerpt":{"rendered":"&laquo; Il appartient d&eacute;sormais &agrave; la puissance publique de prendre les d&eacute;cisions permettant que ce risque repose sur l&rsquo;&eacute;conomie du projet, et non sur les d&eacute;s&eacute;quilibres qu&rsquo;elle peut &#8230;","protected":false},"author":1,"featured_media":36930,"comment_status":"open","ping_status":"open","sticky":false,"template":"","format":"standard","meta":{"footnotes":""},"categories":[3926,3925,338,331],"tags":[10,2452,1225,4279,1574,5891,4281,364,1740,244],"news-destination":[3944],"news-source":[475],"is_homepage":[],"ta_other":[],"class_list":["post-36929","post","type-post","status-publish","format-standard","has-post-thumbnail","hentry","category-accueil-merge","category-accueil-third","category-economie","category-social","tag-bouches-du-rhone","tag-concurrence","tag-entreprise","tag-fibre-excellence","tag-liquidation-judiciaire","tag-matthieu-pigasse","tag-pate-a-papier","tag-syndicats","tag-tarascon","tag-tribunal-de-commerce","news-destination-homepage","news-source-website"],"_links":{"self":[{"href":"https:\/\/euapp01.newsmemory.com\/lamarseillaise\/news\/wp-json\/wp\/v2\/posts\/36929","targetHints":{"allow":["GET"]}}],"collection":[{"href":"https:\/\/euapp01.newsmemory.com\/lamarseillaise\/news\/wp-json\/wp\/v2\/posts"}],"about":[{"href":"https:\/\/euapp01.newsmemory.com\/lamarseillaise\/news\/wp-json\/wp\/v2\/types\/post"}],"author":[{"embeddable":true,"href":"https:\/\/euapp01.newsmemory.com\/lamarseillaise\/news\/wp-json\/wp\/v2\/users\/1"}],"replies":[{"embeddable":true,"href":"https:\/\/euapp01.newsmemory.com\/lamarseillaise\/news\/wp-json\/wp\/v2\/comments?post=36929"}],"version-history":[{"count":1,"href":"https:\/\/euapp01.newsmemory.com\/lamarseillaise\/news\/wp-json\/wp\/v2\/posts\/36929\/revisions"}],"predecessor-version":[{"id":36931,"href":"https:\/\/euapp01.newsmemory.com\/lamarseillaise\/news\/wp-json\/wp\/v2\/posts\/36929\/revisions\/36931"}],"wp:featuredmedia":[{"embeddable":true,"href":"https:\/\/euapp01.newsmemory.com\/lamarseillaise\/news\/wp-json\/wp\/v2\/media\/36930"}],"wp:attachment":[{"href":"https:\/\/euapp01.newsmemory.com\/lamarseillaise\/news\/wp-json\/wp\/v2\/media?parent=36929"}],"wp:term":[{"taxonomy":"category","embeddable":true,"href":"https:\/\/euapp01.newsmemory.com\/lamarseillaise\/news\/wp-json\/wp\/v2\/categories?post=36929"},{"taxonomy":"post_tag","embeddable":true,"href":"https:\/\/euapp01.newsmemory.com\/lamarseillaise\/news\/wp-json\/wp\/v2\/tags?post=36929"},{"taxonomy":"news-destination","embeddable":true,"href":"https:\/\/euapp01.newsmemory.com\/lamarseillaise\/news\/wp-json\/wp\/v2\/news-destination?post=36929"},{"taxonomy":"news-source","embeddable":true,"href":"https:\/\/euapp01.newsmemory.com\/lamarseillaise\/news\/wp-json\/wp\/v2\/news-source?post=36929"},{"taxonomy":"is_homepage","embeddable":true,"href":"https:\/\/euapp01.newsmemory.com\/lamarseillaise\/news\/wp-json\/wp\/v2\/is_homepage?post=36929"},{"taxonomy":"ta_other","embeddable":true,"href":"https:\/\/euapp01.newsmemory.com\/lamarseillaise\/news\/wp-json\/wp\/v2\/ta_other?post=36929"}],"curies":[{"name":"wp","href":"https:\/\/api.w.org\/{rel}","templated":true}]}}