{"id":36926,"date":"2026-07-21T06:59:00","date_gmt":"2026-07-21T04:59:00","guid":{"rendered":"https:\/\/euapp01.newsmemory.com\/lamarseillaise\/news\/?p=36926"},"modified":"2026-07-26T11:57:38","modified_gmt":"2026-07-26T09:57:38","slug":"faire-de-letoile-et-du-garlaban-une-reserve-de-biodiversite","status":"publish","type":"post","link":"https:\/\/euapp01.newsmemory.com\/lamarseillaise\/news\/2026\/07\/21\/faire-de-letoile-et-du-garlaban-une-reserve-de-biodiversite\/","title":{"rendered":"Faire de l\u2019\u00c9toile et du Garlaban une \u00ab&nbsp;r\u00e9serve de biodiversit\u00e9&nbsp;\u00bb"},"content":{"rendered":"<div class=\"paragraph\">\n<p>S\u2019appuyant sur son Atlas de la biodiversit\u00e9 lanc\u00e9 en 2022, Aix-Marseille Provence veut cr\u00e9er une \u00ab\u00a0r\u00e9serve m\u00e9tropolitaine de biodiversit\u00e9\u00a0\u00bb sur la cha\u00eene de l\u2019\u00c9toile et le massif du Garlaban. Elle va lancer des \u00e9tudes de faisabilit\u00e9 en vue d\u2019un classement en zone de protection forte.<\/p>\n<p>S\u2019inscrivant dans la dynamique de la convention de Rio de 1992 et de la strat\u00e9gie nationale biodiversit\u00e9 2030 qui en d\u00e9coule, la M\u00e9tropole veut doubler la part de ses espaces naturels remarquables prot\u00e9g\u00e9s d\u2019ici 2035. Aujourd\u2019hui 54% des 314\u00a0900\u00a0hectares de son territoire ont un statut de protection mais seulement 5% en protection forte.<\/p>\n<p>Ce ne serait pas pour la collectivit\u00e9, sa premi\u00e8re aire naturelle prot\u00e9g\u00e9e. Trois sites d\u00e9monstrateurs ont d\u00e9j\u00e0 \u00e9t\u00e9 inaugur\u00e9s qui attendent leur classement par arr\u00eat\u00e9 pr\u00e9fectoral de protection de la biodiversit\u00e9\u00a0: la Crau du Piboulon entre Alleins et Mallemort port\u00e9 par une forte mobilisation citoyenne et associative, le Puits de Madame \u00e0 La Barben et les Versants Nord du Massif de l\u2019\u00c9toile. La cr\u00e9ation d\u2019une \u00ab\u00a0r\u00e9serve m\u00e9tropolitaine de biodiversit\u00e9\u00a0\u00bb sur la cha\u00eene de l\u2019\u00c9toile et le massif du Garlaban se veut le 4<sup>e<\/sup> projet structurant.<\/p>\n<p>Au c\u0153ur d\u2019un espace urbain de plus d\u20191,8\u00a0million d\u2019habitants qui comprend 13\u00a0communes, la cha\u00eene de l\u2019\u00c9toile et le massif du Garlaban, ce sont 12\u00a0254\u00a0hectares de territoires naturels \u00e0 haute valeur \u00e9cologique, paysag\u00e8re et patrimoniale. Ils jouissent d\u00e9j\u00e0 de deux protections nationales\u00a0: 10\u00a0044\u00a0hectares sont inscrits depuis 2007 en zone sp\u00e9ciale de conservation Natura 2000 et depuis 1982 en Zone naturelle d\u2019int\u00e9r\u00eat \u00e9cologique, faunistique et floristique (ZNIEFF type I et I).<\/p>\n<p>Mais ces protections ne suffisent plus face \u00e0 la pression d\u2019urbanisation, la fr\u00e9quentation excessive, les feux de for\u00eat, les pollutions diverses, mais aussi le changement climatique et ses cons\u00e9quences qui accroissent les menaces qui p\u00e8sent sur la conservation des habitats naturels. Preuve de cette richesse souvent insoup\u00e7onn\u00e9e, l\u2019Atlas m\u00e9tropolitain de la Biodiversit\u00e9 qui r\u00e9v\u00e8le que sur les 6\u00a0000\u00a0esp\u00e8ces animales et v\u00e9g\u00e9tales connues, 509\u00a0esp\u00e8ces pr\u00e9sentent un enjeu de conservation maximal.<\/p>\n<\/p><\/div>\n<div class=\"intext\"> Quid du \u00ab\u00a0Grand parc municipal\u00a0\u00bb\u00a0?\n              <\/div>\n<div class=\"paragraph\">\n<p>La M\u00e9tropole a donc lanc\u00e9, en juin, un appel d\u2019offres afin de d\u00e9signer une soci\u00e9t\u00e9 de conseil et d\u2019ing\u00e9nierie \u00e9cologique pour mener des \u00e9tudes pr\u00e9alables et des expertises robustes destin\u00e9es \u00e0 constituer un dossier de classement de cette future \u00ab\u00a0r\u00e9serve de biodiversit\u00e9\u00a0\u00bb. \u00ab\u00a0<i>Le march\u00e9 sera soutenu financi\u00e8rement par le Fonds Vert, jusqu\u2019en septembre<\/i><i>\u00a0<\/i><i>2027<\/i><i>\u00a0<\/i>\u00bb, note l\u2019appel d\u2019offres ouvert jusqu\u2019au 31\u00a0juillet. Une mission d\u2019animation fonci\u00e8re est \u00e9galement attendue pour approcher les propri\u00e9taires dans les zones identifi\u00e9es \u00e0 enjeux. Il s\u2019agit de recueillir leur avis, les sensibiliser, les associer \u00e0 la d\u00e9marche pour in fine recueillir leur accord de principe.<\/p>\n<p>Parmi les 1\u00a0400\u00a0propri\u00e9taires fonciers \u00e0 courtiser, la Ville de Marseille, dont le maire, Beno\u00eet Payan (DVG), a fait de la cr\u00e9ation d\u2019un \u00ab\u00a0Grand parc municipal du pic de l\u2019\u00c9toile\u00a0\u00bb une de ses promesses de campagne. Son projet en lisi\u00e8re ambitionne de renforcer la desserte en bus et le stationnement aux entr\u00e9es du parc, d\u2019am\u00e9nager des bancs, des tables, des aires de jeu, des caf\u00e9s, installer des poubelles, des cam\u00e9ras ou encore de recruter des gardes. Sa compatibilit\u00e9 avec cette future r\u00e9serve pourrait mettre \u00e0 l\u2019\u00e9preuve son accord de gouvernance pass\u00e9 avec Nicolas Isnard (LR), le pr\u00e9sident de la M\u00e9tropole.<\/p>\n<\/p><\/div>\n","protected":false},"excerpt":{"rendered":"S&rsquo;appuyant sur son Atlas de la biodiversit&eacute; lanc&eacute; en 2022, Aix-Marseille Provence veut cr&eacute;er une &laquo;&nbsp;r&eacute;serve m&eacute;tropolitaine de biodiversit&eacute;&nbsp;&raquo; sur la cha&icirc;ne de &#8230;","protected":false},"author":1,"featured_media":36927,"comment_status":"open","ping_status":"open","sticky":false,"template":"","format":"standard","meta":{"footnotes":""},"categories":[3926,3925,333,20],"tags":[1057,5479,493,774,10,2195,207,3240,513,149,26,2321,2326,187,487,1134,16,3239,2636,535,152,4262,4009,3543,537,895,1321,941,2234,137,99],"news-destination":[3944],"news-source":[475],"is_homepage":[],"ta_other":[],"class_list":["post-36926","post","type-post","status-publish","format-standard","has-post-thumbnail","hentry","category-accueil-merge","category-accueil-third","category-environnement","category-societe","tag-aix-marseille","tag-amp","tag-aubagne","tag-benoit-payan","tag-bouches-du-rhone","tag-cameras","tag-changement-climatique","tag-classement","tag-communes","tag-convention","tag-environnement","tag-espaces-naturels","tag-etudes","tag-frequentation","tag-gouvernance","tag-marche","tag-marseille","tag-massif","tag-menaces","tag-metropole","tag-mobilisation-citoyenne","tag-natura-2000","tag-nicolas-isnard","tag-poubelles","tag-protection","tag-provence","tag-reserve","tag-richesse","tag-stationnement","tag-territoire","tag-ville-de-marseille","news-destination-homepage","news-source-website"],"_links":{"self":[{"href":"https:\/\/euapp01.newsmemory.com\/lamarseillaise\/news\/wp-json\/wp\/v2\/posts\/36926","targetHints":{"allow":["GET"]}}],"collection":[{"href":"https:\/\/euapp01.newsmemory.com\/lamarseillaise\/news\/wp-json\/wp\/v2\/posts"}],"about":[{"href":"https:\/\/euapp01.newsmemory.com\/lamarseillaise\/news\/wp-json\/wp\/v2\/types\/post"}],"author":[{"embeddable":true,"href":"https:\/\/euapp01.newsmemory.com\/lamarseillaise\/news\/wp-json\/wp\/v2\/users\/1"}],"replies":[{"embeddable":true,"href":"https:\/\/euapp01.newsmemory.com\/lamarseillaise\/news\/wp-json\/wp\/v2\/comments?post=36926"}],"version-history":[{"count":1,"href":"https:\/\/euapp01.newsmemory.com\/lamarseillaise\/news\/wp-json\/wp\/v2\/posts\/36926\/revisions"}],"predecessor-version":[{"id":36928,"href":"https:\/\/euapp01.newsmemory.com\/lamarseillaise\/news\/wp-json\/wp\/v2\/posts\/36926\/revisions\/36928"}],"wp:featuredmedia":[{"embeddable":true,"href":"https:\/\/euapp01.newsmemory.com\/lamarseillaise\/news\/wp-json\/wp\/v2\/media\/36927"}],"wp:attachment":[{"href":"https:\/\/euapp01.newsmemory.com\/lamarseillaise\/news\/wp-json\/wp\/v2\/media?parent=36926"}],"wp:term":[{"taxonomy":"category","embeddable":true,"href":"https:\/\/euapp01.newsmemory.com\/lamarseillaise\/news\/wp-json\/wp\/v2\/categories?post=36926"},{"taxonomy":"post_tag","embeddable":true,"href":"https:\/\/euapp01.newsmemory.com\/lamarseillaise\/news\/wp-json\/wp\/v2\/tags?post=36926"},{"taxonomy":"news-destination","embeddable":true,"href":"https:\/\/euapp01.newsmemory.com\/lamarseillaise\/news\/wp-json\/wp\/v2\/news-destination?post=36926"},{"taxonomy":"news-source","embeddable":true,"href":"https:\/\/euapp01.newsmemory.com\/lamarseillaise\/news\/wp-json\/wp\/v2\/news-source?post=36926"},{"taxonomy":"is_homepage","embeddable":true,"href":"https:\/\/euapp01.newsmemory.com\/lamarseillaise\/news\/wp-json\/wp\/v2\/is_homepage?post=36926"},{"taxonomy":"ta_other","embeddable":true,"href":"https:\/\/euapp01.newsmemory.com\/lamarseillaise\/news\/wp-json\/wp\/v2\/ta_other?post=36926"}],"curies":[{"name":"wp","href":"https:\/\/api.w.org\/{rel}","templated":true}]}}