{"id":36923,"date":"2026-07-21T07:01:00","date_gmt":"2026-07-21T05:01:00","guid":{"rendered":"https:\/\/euapp01.newsmemory.com\/lamarseillaise\/news\/?p=36923"},"modified":"2026-07-26T13:05:04","modified_gmt":"2026-07-26T11:05:04","slug":"des-associations-defavorables-au-projet-industriel-neocarb","status":"publish","type":"post","link":"https:\/\/euapp01.newsmemory.com\/lamarseillaise\/news\/2026\/07\/21\/des-associations-defavorables-au-projet-industriel-neocarb\/","title":{"rendered":"Des associations d\u00e9favorables au projet industriel N\u00e9oCarb"},"content":{"rendered":"<div class=\"paragraph\">\n<p>C\u2019est l\u2019une des locomotives de la d\u00e9carbonation du golfe de Fos-sur-Mer. Pourtant, le projet est loin d\u2019\u00eatre neutre en termes d\u2019impact sur la biodiversit\u00e9 d\u2019apr\u00e8s France nature environnement (FNE13), Vigueirat Nature et le Collectif Cistude, qui rendent un avis d\u00e9favorable \u00e0 son encontre suite \u00e0 la cl\u00f4ture de l\u2019enqu\u00eate publique, le 30\u00a0juin dernier.<\/p>\n<p>Port\u00e9 par Elyse \u00e9nergie et RTE, NeoCarb pr\u00e9voit d\u2019installer trois briques de production sur le m\u00f4le central des bassins Ouest du Grand port maritime de Marseille-Fos\u00a0: l\u2019une d\u2019hydrog\u00e8ne bas carbone par \u00e9lectrolyse, l\u2019autre d\u2019e-methanol, la derni\u00e8re de e-k\u00e9ros\u00e8ne. Le stockage et la distribution de ces e-carburants se feraient par le biais d\u2019une plateforme logistique dans la zone du Caban. Un site industriel \u00e0 proximit\u00e9 d\u2019un site Natura 2000, sur une zone naturelle dite d\u2019int\u00e9r\u00eat faunistique et floristique, o\u00f9 se trouve une zone humide.<\/p>\n<p>Sur 51 ha d\u2019emprise fonci\u00e8re au total, 31 ha artificialiseraient des espaces naturels sensibles, selon les associations, \u00ab\u00a0<i>dont 16<\/i><i>\u00a0<\/i><i>hectares de prairies psammophiles, \u00e9cosyst\u00e8mes \u00e0 tr\u00e8s forte valeur \u00e9cologique<\/i><i>\u00a0<\/i>\u00bb. \u00ab\u00a0<i>Ces habitats abritent une flore et une faune rares, parmi lesquelles le Myosotis nain et la Scammon\u00e9e de Montpellier, dont pr\u00e8s de 2<\/i><i>\u00a0<\/i><i>600 et 2<\/i><i>\u00a0<\/i><i>000<\/i><i>\u00a0<\/i><i>individus respectivement sont vou\u00e9s \u00e0 dispara\u00eetre sous les fondations du d\u00e9p\u00f4t<\/i><i>\u00a0<\/i>\u00bb, affirment-elles. Pour b\u00e9n\u00e9ficier des autorisations n\u00e9cessaires \u00e0 la construction et l\u2019exploitation de cette usine, Elyse Energy et RTE ont d\u00fb d\u00e9poser des demandes de d\u00e9rogation pour la destruction d\u2019esp\u00e8ces prot\u00e9g\u00e9es. Le 15\u00a0juin dernier, le Conseil national de la protection de la nature a rendu un avis d\u00e9favorable \u00e0 cette demande de d\u00e9rogation, consid\u00e9rant que la s\u00e9quence \u00ab\u00a0\u00e9viter-r\u00e9duire-compenser\u00a0\u00bb n\u2019\u00e9tait pas respect\u00e9e et que les garanties pour \u00e9viter une perte nette de biodiversit\u00e9 restaient insuffisantes.<\/p>\n<p>En mai dernier, lors d\u2019un conseil municipal, l\u2019avis sur la demande d\u2019autorisation environnementale concernant le projet n\u2019avait obtenu aucun vote favorable des \u00e9lus foss\u00e9ens, ni dans la majorit\u00e9, ni dans l\u2019opposition.<\/p>\n<\/p><\/div>\n","protected":false},"excerpt":{"rendered":"C&rsquo;est l&rsquo;une des locomotives de la d&eacute;carbonation du golfe de Fos-sur-Mer. Pourtant, le projet est loin d&rsquo;&ecirc;tre neutre en termes d&rsquo;impact sur la biodiversit&eacute; d&rsquo;apr&egrave;s France nature environnement &#8230;","protected":false},"author":1,"featured_media":36924,"comment_status":"open","ping_status":"open","sticky":false,"template":"","format":"standard","meta":{"footnotes":""},"categories":[3926,3925,338,333,20],"tags":[138,84,10,148,485,697,2321,2436,482,93,3487,537,564,2374],"news-destination":[3944],"news-source":[475],"is_homepage":[],"ta_other":[],"class_list":["post-36923","post","type-post","status-publish","format-standard","has-post-thumbnail","hentry","category-accueil-merge","category-accueil-third","category-economie","category-environnement","category-societe","tag-associations","tag-biodiversite","tag-bouches-du-rhone","tag-conseil-municipal","tag-decarbonation","tag-elus","tag-espaces-naturels","tag-fne","tag-fos-sur-mer","tag-grand-port-maritime-de-marseille","tag-marseille-fos","tag-protection","tag-rte","tag-usine","news-destination-homepage","news-source-website"],"_links":{"self":[{"href":"https:\/\/euapp01.newsmemory.com\/lamarseillaise\/news\/wp-json\/wp\/v2\/posts\/36923","targetHints":{"allow":["GET"]}}],"collection":[{"href":"https:\/\/euapp01.newsmemory.com\/lamarseillaise\/news\/wp-json\/wp\/v2\/posts"}],"about":[{"href":"https:\/\/euapp01.newsmemory.com\/lamarseillaise\/news\/wp-json\/wp\/v2\/types\/post"}],"author":[{"embeddable":true,"href":"https:\/\/euapp01.newsmemory.com\/lamarseillaise\/news\/wp-json\/wp\/v2\/users\/1"}],"replies":[{"embeddable":true,"href":"https:\/\/euapp01.newsmemory.com\/lamarseillaise\/news\/wp-json\/wp\/v2\/comments?post=36923"}],"version-history":[{"count":1,"href":"https:\/\/euapp01.newsmemory.com\/lamarseillaise\/news\/wp-json\/wp\/v2\/posts\/36923\/revisions"}],"predecessor-version":[{"id":36925,"href":"https:\/\/euapp01.newsmemory.com\/lamarseillaise\/news\/wp-json\/wp\/v2\/posts\/36923\/revisions\/36925"}],"wp:featuredmedia":[{"embeddable":true,"href":"https:\/\/euapp01.newsmemory.com\/lamarseillaise\/news\/wp-json\/wp\/v2\/media\/36924"}],"wp:attachment":[{"href":"https:\/\/euapp01.newsmemory.com\/lamarseillaise\/news\/wp-json\/wp\/v2\/media?parent=36923"}],"wp:term":[{"taxonomy":"category","embeddable":true,"href":"https:\/\/euapp01.newsmemory.com\/lamarseillaise\/news\/wp-json\/wp\/v2\/categories?post=36923"},{"taxonomy":"post_tag","embeddable":true,"href":"https:\/\/euapp01.newsmemory.com\/lamarseillaise\/news\/wp-json\/wp\/v2\/tags?post=36923"},{"taxonomy":"news-destination","embeddable":true,"href":"https:\/\/euapp01.newsmemory.com\/lamarseillaise\/news\/wp-json\/wp\/v2\/news-destination?post=36923"},{"taxonomy":"news-source","embeddable":true,"href":"https:\/\/euapp01.newsmemory.com\/lamarseillaise\/news\/wp-json\/wp\/v2\/news-source?post=36923"},{"taxonomy":"is_homepage","embeddable":true,"href":"https:\/\/euapp01.newsmemory.com\/lamarseillaise\/news\/wp-json\/wp\/v2\/is_homepage?post=36923"},{"taxonomy":"ta_other","embeddable":true,"href":"https:\/\/euapp01.newsmemory.com\/lamarseillaise\/news\/wp-json\/wp\/v2\/ta_other?post=36923"}],"curies":[{"name":"wp","href":"https:\/\/api.w.org\/{rel}","templated":true}]}}