{"id":36920,"date":"2026-07-21T07:03:00","date_gmt":"2026-07-21T05:03:00","guid":{"rendered":"https:\/\/euapp01.newsmemory.com\/lamarseillaise\/news\/?p=36920"},"modified":"2026-07-27T07:53:19","modified_gmt":"2026-07-27T05:53:19","slug":"la-direction-de-haribo-reste-intraitable-la-greve-reconduite","status":"publish","type":"post","link":"https:\/\/euapp01.newsmemory.com\/lamarseillaise\/news\/2026\/07\/21\/la-direction-de-haribo-reste-intraitable-la-greve-reconduite\/","title":{"rendered":"La direction de Haribo reste intraitable, la gr\u00e8ve reconduite"},"content":{"rendered":"<div class=\"paragraph\">\n<p>\u00ab <i>O<\/i><i>n l\u00e2che rien, on monte dans les bureaux<\/i><i>\u00a0<\/i><i>!<\/i>\u00a0\u00bb De bon matin devant l\u2019usine Haribo, boulevard Capitaine-G\u00e8ze (14<sup>e<\/sup>), les salari\u00e9s sont de nouveau mobilis\u00e9s, ce lundi 20\u00a0juillet. Au c\u0153ur de leurs revendications depuis pr\u00e8s d\u2019un mois, des augmentations de salaire de 100\u00a0euros brut mensuels pour suivre l\u2019inflation dans le cadre des NAO (n\u00e9gociations annuelles obligatoires) et \u00eatre raccord avec les r\u00e9sultats de l\u2019entreprise. \u00c0 savoir un chiffre d\u2019affaires \u00e9tabli \u00e0 388\u00a0millions d\u2019euros, pour un r\u00e9sultat net de 32\u00a0millions en 2024.<\/p>\n<p>Une rencontre pr\u00e9vue ce jour-l\u00e0 avec la direction a motiv\u00e9 les troupes. Le d\u00e9l\u00e9gu\u00e9 syndical central CGT chez Haribo, Guillaume Brante, a fait le d\u00e9placement depuis Uz\u00e8s dans le Gard, le deuxi\u00e8me site du fabricant de bonbons en France. \u00c0 l\u2019appel de l\u2019Union d\u00e9partementale CGT 13, des employ\u00e9s CGT de la boulangerie, des retrait\u00e9s de La\u00a0Poste ou encore des membres de l\u2019Union locale CGT de la Joliette ont fait le d\u00e9placement en soutien. \u00ab<i>\u00a0<\/i><i>C\u2019est inacceptable<\/i><i>\u00a0<\/i><i>!<\/i>\u00a0\u00bb, s\u2019indignent Martine, Danielle et Corinne, retrait\u00e9es des services postaux, \u00ab\u00a0<i>les bonbons \u00e7a marche \u00e0 fond, il n\u2019y a pas de raison de ne pas prendre sur les b\u00e9n\u00e9fices pour payer les salaires, d\u2019autant que Haribo a besoin des travailleurs<\/i><i>\u00a0<\/i>\u00bb.<\/p>\n<\/p><\/div>\n<div class=\"intext\"> Encore une r\u00e9union<br \/>\n               <br \/>qui achoppe\n              <\/div>\n<div class=\"paragraph\">\n<p>Juliette, vendeuse \u00e0 Decathlon Bouc-Bel-Air, syndiqu\u00e9e CGT, n\u2019a pas h\u00e9sit\u00e9 non plus \u00e0 faire le d\u00e9placement avant d\u2019aller travailler. \u00ab\u00a0<i>La question du pouvoir d\u2019achat et des salaires qui ne suivent pas, on sait bien ce que c\u2019est<\/i><i>\u00a0<\/i>\u00bb, explique-t-elle. La jeune femme s\u2019\u00e9tait mobilis\u00e9e, d\u00e9but juin, pour d\u00e9noncer une situation identique, avec un employeur qui engrange les b\u00e9n\u00e9fices, reversant pr\u00e8s d\u2019un milliard d\u2019euros de dividendes, fin 2024, aux 1\u00a0000\u00a0membres de la famille Mulliez, propri\u00e9taire du groupe. Sa pr\u00e9sence ici, c\u2019est aussi \u00ab\u00a0<i>prendre la mesure de notre force collective<\/i>\u00a0\u00bb dont elle rendra compte \u00e0 ses coll\u00e8gues dans la foul\u00e9e.<\/p>\n<p>Mais apr\u00e8s une heure et demie de r\u00e9union, c\u2019est la douche froide. \u00ab\u00a0<i>On nous a dit que les NAO \u00e9taient termin\u00e9es, ils sont arriv\u00e9s sans proposition et nous ont donn\u00e9 rendez-vous le 28<\/i><i>\u00a0<\/i><i>septembre<\/i>\u00a0\u00bb, racontent Marc Mansano, d\u00e9l\u00e9gu\u00e9 syndical CGT sur le site de Marseille, et Guillaume Brante. \u00ab\u00a0<i>On passe \u00e0 la phase 3, qu\u2019ils s\u2019expliquent devant les salari\u00e9s maintenant<\/i>\u00a0\u00bb, exhorte Thierry Cambola, d\u00e9l\u00e9gu\u00e9 syndical FO. Concr\u00e8tement, les gr\u00e9vistes ont investi l\u2019administration. La direction organisera finalement une r\u00e9union convoquant tous les salari\u00e9s pr\u00e9sents dans l\u2019usine, \u00e0 la cantine, sans convaincre. \u00ab\u00a0<i>On va adapter notre strat\u00e9gie<\/i>\u00a0\u00bb, promet le d\u00e9l\u00e9gu\u00e9 central CGT. La reconduite de la gr\u00e8ve sera vot\u00e9e \u00e0 l\u2019unanimit\u00e9 dans l\u2019apr\u00e8s-midi. Il faut dire que le moment est crucial\u00a0: c\u2019est en juillet et ao\u00fbt qu\u2019est lanc\u00e9e la production des bonbons pour Halloween.<\/p>\n<p>Contact\u00e9e, la direction d\u2019Haribo n\u2019a pu donner suite \u00e0 nos sollicitations.<\/p>\n<\/p><\/div>\n","protected":false},"excerpt":{"rendered":"&laquo; On l&acirc;che rien, on monte dans les bureaux&nbsp;!&nbsp;&raquo; De bon matin devant l&rsquo;usine Haribo, boulevard Capitaine-G&egrave;ze (14e), les salari&eacute;s sont de nouveau mobilis&eacute;s, ce lundi 20&nbsp;juillet. Au c&oelig;ur &#8230;","protected":false},"author":1,"featured_media":36921,"comment_status":"open","ping_status":"open","sticky":false,"template":"","format":"standard","meta":{"footnotes":""},"categories":[3926,3925,331,20],"tags":[10,113,4223,966,58,1017,2965,3308,210,16,134,3519,1472,1506,911,1025,393,910,3019],"news-destination":[3944],"news-source":[475],"is_homepage":[],"ta_other":[],"class_list":["post-36920","post","type-post","status-publish","format-standard","has-post-thumbnail","hentry","category-accueil-merge","category-accueil-third","category-social","category-societe","tag-bouches-du-rhone","tag-cgt","tag-decathlon","tag-employeur","tag-famille","tag-fo","tag-grevistes","tag-halloween","tag-la-poste","tag-marseille","tag-mobilisation","tag-nao","tag-negociations","tag-retraites","tag-revendications","tag-salaires","tag-soutien","tag-travailleurs","tag-ud-cgt-13","news-destination-homepage","news-source-website"],"_links":{"self":[{"href":"https:\/\/euapp01.newsmemory.com\/lamarseillaise\/news\/wp-json\/wp\/v2\/posts\/36920","targetHints":{"allow":["GET"]}}],"collection":[{"href":"https:\/\/euapp01.newsmemory.com\/lamarseillaise\/news\/wp-json\/wp\/v2\/posts"}],"about":[{"href":"https:\/\/euapp01.newsmemory.com\/lamarseillaise\/news\/wp-json\/wp\/v2\/types\/post"}],"author":[{"embeddable":true,"href":"https:\/\/euapp01.newsmemory.com\/lamarseillaise\/news\/wp-json\/wp\/v2\/users\/1"}],"replies":[{"embeddable":true,"href":"https:\/\/euapp01.newsmemory.com\/lamarseillaise\/news\/wp-json\/wp\/v2\/comments?post=36920"}],"version-history":[{"count":1,"href":"https:\/\/euapp01.newsmemory.com\/lamarseillaise\/news\/wp-json\/wp\/v2\/posts\/36920\/revisions"}],"predecessor-version":[{"id":36922,"href":"https:\/\/euapp01.newsmemory.com\/lamarseillaise\/news\/wp-json\/wp\/v2\/posts\/36920\/revisions\/36922"}],"wp:featuredmedia":[{"embeddable":true,"href":"https:\/\/euapp01.newsmemory.com\/lamarseillaise\/news\/wp-json\/wp\/v2\/media\/36921"}],"wp:attachment":[{"href":"https:\/\/euapp01.newsmemory.com\/lamarseillaise\/news\/wp-json\/wp\/v2\/media?parent=36920"}],"wp:term":[{"taxonomy":"category","embeddable":true,"href":"https:\/\/euapp01.newsmemory.com\/lamarseillaise\/news\/wp-json\/wp\/v2\/categories?post=36920"},{"taxonomy":"post_tag","embeddable":true,"href":"https:\/\/euapp01.newsmemory.com\/lamarseillaise\/news\/wp-json\/wp\/v2\/tags?post=36920"},{"taxonomy":"news-destination","embeddable":true,"href":"https:\/\/euapp01.newsmemory.com\/lamarseillaise\/news\/wp-json\/wp\/v2\/news-destination?post=36920"},{"taxonomy":"news-source","embeddable":true,"href":"https:\/\/euapp01.newsmemory.com\/lamarseillaise\/news\/wp-json\/wp\/v2\/news-source?post=36920"},{"taxonomy":"is_homepage","embeddable":true,"href":"https:\/\/euapp01.newsmemory.com\/lamarseillaise\/news\/wp-json\/wp\/v2\/is_homepage?post=36920"},{"taxonomy":"ta_other","embeddable":true,"href":"https:\/\/euapp01.newsmemory.com\/lamarseillaise\/news\/wp-json\/wp\/v2\/ta_other?post=36920"}],"curies":[{"name":"wp","href":"https:\/\/api.w.org\/{rel}","templated":true}]}}