{"id":36917,"date":"2026-07-23T14:11:00","date_gmt":"2026-07-23T12:11:00","guid":{"rendered":"https:\/\/euapp01.newsmemory.com\/lamarseillaise\/news\/?p=36917"},"modified":"2026-07-29T11:33:37","modified_gmt":"2026-07-29T09:33:37","slug":"le-senateur-laurent-burgoa-courtise-la-ruralite","status":"publish","type":"post","link":"https:\/\/euapp01.newsmemory.com\/lamarseillaise\/news\/2026\/07\/23\/le-senateur-laurent-burgoa-courtise-la-ruralite\/","title":{"rendered":"Le s\u00e9nateur Laurent Burgoa courtise la ruralit\u00e9"},"content":{"rendered":"<div class=\"paragraph\">\n<p>Port\u00e9 par des s\u00e9nateurs de tous bords, le rapport sur le d\u00e9veloppement durable des territoires ruraux dont les propositions ont \u00e9t\u00e9 rendues publiques, sort au meilleur des moments pour les parlementaires. Fin tacticien, Laurent Burgoa, qui a particip\u00e9 \u00e0 son \u00e9laboration, sait bien qu\u2019en rendant ce rapport \u00e0 quelques semaines des \u00e9lections s\u00e9natoriales, cela lui permettra de s\u00e9duire des \u00e9lus d\u2019un territoire majoritairement rural.<\/p>\n<p>Pour autant, les propositions \u00e9mises sont largement inspir\u00e9es d\u2019un travail de concertation avec les acteurs du territoire et notamment avec l\u2019Association des maires ruraux (AMR). De quoi rassurer des \u00e9lus toujours confront\u00e9s au manque de moyens et au d\u00e9sengagement de l\u2019\u00c9tat. Pour r\u00e9aliser ce rapport, les quatre s\u00e9nateurs ont en effet \u00ab\u00a0<i>men\u00e9 des auditions au S\u00e9nat, organis\u00e9 un colloque ainsi qu\u2019un <\/i><i>&#8220;<\/i><i>regards crois\u00e9s<\/i><i>&#8220;<\/i><i> sur le sujet des mobilit\u00e9s dans les territoires avec le Cerema <\/i>[Centre d\u2019\u00e9tudes et d\u2019expertise sur les risques, l\u2019environnement, la mobilit\u00e9 et l\u2019am\u00e9nagement, Ndlr.]<i> et le CNRS et r\u00e9alis\u00e9 une consultation en ligne des \u00e9lus locaux qui a recueilli 2<\/i><i>\u00a0<\/i><i>372<\/i><i>\u00a0<\/i><i>r\u00e9ponses<\/i>\u00a0\u00bb.<\/p>\n<p>L\u2019objectif \u00e9tait ainsi de faire \u00e9merger des propositions pour allier le d\u00e9veloppement \u00e9conomique de ces territoires en souffrance et le respect de l\u2019environnement alors que les effets du d\u00e9r\u00e8glement climatique se font de plus en plus sentir. \u00ab\u00a0<i>Nous avons formul\u00e9 des recommandations et mis en avant des exemples inspirants \u00e0 l\u2019attention des collectivit\u00e9s territoriales<\/i><i>\u00a0<\/i>\u00bb, explique Laurent Burgoa.<\/p>\n<\/p><\/div>\n<div class=\"intext\"> \u00ab\u00a0Besoin de planification\u00a0\u00bb\n              <\/div>\n<div class=\"paragraph\">\n<p>Ainsi, la Chambre haute propose par exemple la cr\u00e9ation d\u2019un \u00ab\u00a0<i>r\u00e9pertoire national des bonnes pratiques de d\u00e9veloppement durable des territoires<\/i>\u00a0\u00bb pour mettre en avant les exemples de projets r\u00e9ussis ou encore la mise en place du \u00ab\u00a01% ing\u00e9nierie\u00a0\u00bb, qui permettrait de pr\u00e9lever 1% sur l\u2019enveloppe de l\u2019\u00c9tat d\u00e9di\u00e9e aux investissements des collectivit\u00e9s. Le S\u00e9nat demande aussi un renforcement du pouvoir de d\u00e9rogation des pr\u00e9fets pour faire face \u00e0 la complexit\u00e9 des normes. \u00ab\u00a0<i>Les s\u00e9nateurs ont repris beaucoup d\u2019id\u00e9es du grand atelier de la transition \u00e9cologique organis\u00e9 par l\u2019AMR donc c\u2019est plut\u00f4t bien<\/i>\u00a0\u00bb, pr\u00e9cise Emmanuel Grieu (Debout!), maire de Mandagout et membre du bureau de l\u2019AMR\u00a030.<\/p>\n<p>L\u2019\u00e9lu gardois met toutefois en garde contre une trop grande d\u00e9r\u00e9gulation. \u00ab\u00a0<i>Les normes sont tr\u00e8s parisiennes et il y a une n\u00e9cessit\u00e9 de les adapter aux territoires. Je me bats par exemple pour faire reconna\u00eetre la sp\u00e9cificit\u00e9 c\u00e9venole dans la gestion de l\u2019eau, qui n\u2019a rien \u00e0 voir avec celle du nord de la Loire. Il y a donc des modulations \u00e0 faire mais il faut quand m\u00eame des r\u00e8gles pour ne pas laisser faire n\u2019importe quoi<\/i>\u00a0\u00bb, temp\u00e8re Emmanuel Grieu.<\/p>\n<p>Le maire de Mandagout salue aussi le volet \u00ab\u00a0planification\u00a0\u00bb abord\u00e9 dans ce rapport m\u00eame s\u2019il juge que la feuille de route ne va pas assez loin\u00a0: \u00ab\u00a0<i>Il y a un vrai besoin de planification. Ce n\u2019est pas propre \u00e0 la ruralit\u00e9, mais il y a des politiques publiques mises en place qui sont des r\u00e9flexions \u00e0 court terme. Je ne suis pas s\u00fbr que ce rapport r\u00e8gle vraiment \u00e7a. Il faut arr\u00eater avec les appels \u00e0 manifestation d\u2019int\u00e9r\u00eat, il faut briser ce carcan des missions de 18<\/i><i>\u00a0<\/i><i>mois, d\u2019appels \u00e0 projets, parce que la transition doit \u00eatre syst\u00e9mique.<\/i><i>\u00a0<\/i>\u00bb<\/p>\n<p>Au c\u0153ur de la campagne s\u00e9natoriale, le d\u00e9veloppement de la ruralit\u00e9 dans le respect de l\u2019environnement ne semble pas une priorit\u00e9 de la campagne pr\u00e9sidentielle. Pourtant, avec 88% des communes fran\u00e7aises dans la ruralit\u00e9, ce sujet devrait animer tous les programmes des candidats \u00e0 l\u2019\u00c9lys\u00e9e.<\/p>\n<\/p><\/div>\n","protected":false},"excerpt":{"rendered":"Port&eacute; par des s&eacute;nateurs de tous bords, le rapport sur le d&eacute;veloppement durable des territoires ruraux dont les propositions ont &eacute;t&eacute; rendues publiques, sort au meilleur des moments pour les parlementaires. Fin &#8230;","protected":false},"author":1,"featured_media":36918,"comment_status":"open","ping_status":"open","sticky":false,"template":"","format":"standard","meta":{"footnotes":""},"categories":[3926,3925,330],"tags":[247,796,118,5831,238,2803,665,284,191,2538,1920,5195],"news-destination":[3944],"news-source":[475],"is_homepage":[],"ta_other":[],"class_list":["post-36917","post","type-post","status-publish","format-standard","has-post-thumbnail","hentry","category-accueil-merge","category-accueil-third","category-politique","tag-247","tag-developpement-durable","tag-economie","tag-emmanuel-grieu","tag-gard","tag-laurent-burgoa","tag-lr","tag-occitanie","tag-politique","tag-ruralite","tag-senat","tag-senatoriales","news-destination-homepage","news-source-website"],"_links":{"self":[{"href":"https:\/\/euapp01.newsmemory.com\/lamarseillaise\/news\/wp-json\/wp\/v2\/posts\/36917","targetHints":{"allow":["GET"]}}],"collection":[{"href":"https:\/\/euapp01.newsmemory.com\/lamarseillaise\/news\/wp-json\/wp\/v2\/posts"}],"about":[{"href":"https:\/\/euapp01.newsmemory.com\/lamarseillaise\/news\/wp-json\/wp\/v2\/types\/post"}],"author":[{"embeddable":true,"href":"https:\/\/euapp01.newsmemory.com\/lamarseillaise\/news\/wp-json\/wp\/v2\/users\/1"}],"replies":[{"embeddable":true,"href":"https:\/\/euapp01.newsmemory.com\/lamarseillaise\/news\/wp-json\/wp\/v2\/comments?post=36917"}],"version-history":[{"count":2,"href":"https:\/\/euapp01.newsmemory.com\/lamarseillaise\/news\/wp-json\/wp\/v2\/posts\/36917\/revisions"}],"predecessor-version":[{"id":37394,"href":"https:\/\/euapp01.newsmemory.com\/lamarseillaise\/news\/wp-json\/wp\/v2\/posts\/36917\/revisions\/37394"}],"wp:featuredmedia":[{"embeddable":true,"href":"https:\/\/euapp01.newsmemory.com\/lamarseillaise\/news\/wp-json\/wp\/v2\/media\/36918"}],"wp:attachment":[{"href":"https:\/\/euapp01.newsmemory.com\/lamarseillaise\/news\/wp-json\/wp\/v2\/media?parent=36917"}],"wp:term":[{"taxonomy":"category","embeddable":true,"href":"https:\/\/euapp01.newsmemory.com\/lamarseillaise\/news\/wp-json\/wp\/v2\/categories?post=36917"},{"taxonomy":"post_tag","embeddable":true,"href":"https:\/\/euapp01.newsmemory.com\/lamarseillaise\/news\/wp-json\/wp\/v2\/tags?post=36917"},{"taxonomy":"news-destination","embeddable":true,"href":"https:\/\/euapp01.newsmemory.com\/lamarseillaise\/news\/wp-json\/wp\/v2\/news-destination?post=36917"},{"taxonomy":"news-source","embeddable":true,"href":"https:\/\/euapp01.newsmemory.com\/lamarseillaise\/news\/wp-json\/wp\/v2\/news-source?post=36917"},{"taxonomy":"is_homepage","embeddable":true,"href":"https:\/\/euapp01.newsmemory.com\/lamarseillaise\/news\/wp-json\/wp\/v2\/is_homepage?post=36917"},{"taxonomy":"ta_other","embeddable":true,"href":"https:\/\/euapp01.newsmemory.com\/lamarseillaise\/news\/wp-json\/wp\/v2\/ta_other?post=36917"}],"curies":[{"name":"wp","href":"https:\/\/api.w.org\/{rel}","templated":true}]}}