{"id":36914,"date":"2026-07-21T06:54:00","date_gmt":"2026-07-21T04:54:00","guid":{"rendered":"https:\/\/euapp01.newsmemory.com\/lamarseillaise\/news\/?p=36914"},"modified":"2026-07-26T10:46:04","modified_gmt":"2026-07-26T08:46:04","slug":"la-cgt-fait-appel-de-son-eviction-de-la-bourse","status":"publish","type":"post","link":"https:\/\/euapp01.newsmemory.com\/lamarseillaise\/news\/2026\/07\/21\/la-cgt-fait-appel-de-son-eviction-de-la-bourse\/","title":{"rendered":"La CGT fait appel de son \u00e9viction de la Bourse"},"content":{"rendered":"<div class=\"paragraph\">\n<p>\u00ab <i>N<\/i><i>ous refusons de quitter la Bourse du travail que l\u2019union locale CGT occupe depuis 126 ans<\/i><i>\u00a0<\/i>\u00bb, ass\u00e8ne Nicolas Bourcy, secr\u00e9taire g\u00e9n\u00e9ral de l\u2019UL CGT d\u2019Arles, lors de la conf\u00e9rence de presse, ce lundi matin. La d\u00e9cision du tribunal administratif de Marseille, rendue la semaine derni\u00e8re, valide l\u2019expulsion sans d\u00e9lai de l\u2019UL CGT de ses locaux, au motif de l\u2019\u00e9ch\u00e9ance de la convention d\u2019occupation des lieux, en 2023, que le maire (Horizons) Patrick de Carolis a refus\u00e9 de renouveler.<\/p>\n<p>L\u2019Union locale a d\u00e9cid\u00e9 de faire appel de cette d\u00e9cision. \u00ab\u00a0<i>Nous estimons que la d\u00e9lib\u00e9ration du conseil municipal d\u2019Arles, vot\u00e9e en 1900, nous attribuant ces locaux est toujours valable<\/i>\u00a0\u00bb, expose Nicolas Bourcy. L\u2019appel ne suspend toutefois ni l\u2019expulsion ni l\u2019astreinte financi\u00e8re de 50\u00a0euros par jour, qui s\u2019appliquera \u00e0 compter de la mi-septembre. \u00ab\u00a0<i>Toute la CGT est pr\u00eate \u00e0 l\u2019assumer financi\u00e8rement<\/i>\u00a0\u00bb, oppose le responsable. Car pour h\u00e9berger l\u2019Office de tourisme, comme le souhaite le maire (lire notre \u00e9dition de samedi), \u00ab\u00a0<i>sa solution est de nous mettre dans deux bureaux de 11m\u00b2 chacun<\/i>\u00a0\u00bb, reprend Nicolas Bourcy, dont un sans fen\u00eatre. \u00ab\u00a0<i>Une provocation<\/i>\u00a0\u00bb, insiste-t-il.<\/p>\n<\/p><\/div>\n<div class=\"intext\"> Un moratoire au national\n              <\/div>\n<div class=\"paragraph\">\n<p>La CGT porte le combat au niveau national, quand au m\u00eame moment \u00ab<i>\u00a0<\/i><i>le maire RN de Carcassonne veut expulser la CGT<\/i>\u00a0\u00bb de son local, rappelle Nicolas Bourcy. \u00ab\u00a0<i>Le ministre du Travail <\/i>[Jean-Pierre Farandou, Ndlr.]<i>, interpell\u00e9 par un s\u00e9nateur de l\u2019Aude, a dit que les Bourses du travail devaient \u00eatre sanctuaris\u00e9es<\/i>\u00a0\u00bb et a lanc\u00e9 une mission gouvernementale \u00e0 ce titre, le 13\u00a0juillet. \u00ab\u00a0<i>La conf\u00e9d\u00e9ration CGT a saisi le ministre pour demander un moratoire sur la Bourse du travail d\u2019Arles tant que la mission n\u2019a pas rendu ses conclusions<\/i>\u00a0\u00bb, indique le secr\u00e9taire de l\u2019UL d\u2019Arles.<\/p>\n<p>Une urgence \u00e0 l\u2019heure o\u00f9 se t\u00e9lescopent les luttes. \u00ab\u00a0<i>Une soixantaine de locaux de la CGT sont attaqu\u00e9s en France. C\u2019est tous les salari\u00e9s qui sont attaqu\u00e9s<\/i><i>\u00a0<\/i>\u00bb, tance Natacha Malet, du comit\u00e9 r\u00e9gional CGT. Car comme le souligne le secr\u00e9taire g\u00e9n\u00e9ral de l\u2019Union d\u00e9partementale, Marc Pietrosino, \u00ab\u00a0<i>ce n\u2019est pas juste un local de la CGT, des milliers de salari\u00e9s viennent chercher des r\u00e9ponses et des centaines de permanences juridiques y sont tenues<\/i>\u00a0\u00bb. \u00ab\u00a0<i>L\u2019UL d\u2019Arles doit pouvoir jouer son r\u00f4le de d\u00e9fense des travailleurs quand des projets industriels se pr\u00e9sentent sur le territoire de Fos et l\u2019axe fluvial du Rh\u00f4ne<\/i>\u00a0\u00bb, abonde Pascal Gal\u00e9ot\u00e9, secr\u00e9taire de l\u2019UD.<\/p>\n<p>La CGT peut compter sur le soutien du s\u00e9nateur J\u00e9r\u00e9my Bacchi (PCF), qui a annonc\u00e9 dans un communiqu\u00e9 \u00ab<i>\u00a0<\/i><i>appeler \u00e0 un moratoire imm\u00e9diat sur ce projet d\u2019expulsion<\/i>\u00a0\u00bb et saisir personnellement le pr\u00e9fet \u00ab\u00a0<i>afin qu\u2019une issue respectueuse de l\u2019histoire, de la d\u00e9mocratie et du droit syndical soit garantie<\/i>\u00a0\u00bb.<\/p>\n<p>M\u00eame position du c\u00f4t\u00e9 de l\u2019opposition de gauche au conseil municipal, r\u00e9unie au sein de l\u2019Union pour Arles men\u00e9e par Nicolas Koukas (PCF). Le groupe estime que \u00ab\u00a0<i>Patrick de Carolis tente de transformer une d\u00e9cision de justice administrative en validation de sa politique<\/i> (&#8230;), <i>sa d\u00e9cision est \u00e0 l\u2019oppos\u00e9 de notre conception de la R\u00e9publique, du dialogue social, du respect des corps interm\u00e9diaires et de l\u2019histoire ouvri\u00e8re d\u2019Arles<\/i>.\u00a0\u00bb<\/p>\n<p>\u00ab\u00a0<i>La CGT n\u2019a \u00e9t\u00e9 expuls\u00e9e de ses locaux que sous P\u00e9tain. Dommage pour un maire de renouveler l\u2019Histoire dans ses heures les plus sombres<\/i>\u00a0\u00bb, insiste Natacha Malet. La lutte de l\u2019Union locale CGT pour la Bourse du travail, seule en France frapp\u00e9e d\u2019expulsion sans d\u00e9lai, est un phare pour toutes les autres.<\/p>\n<\/p><\/div>\n","protected":false},"excerpt":{"rendered":"&laquo; Nous refusons de quitter la Bourse du travail que l&rsquo;union locale CGT occupe depuis 126 ans&nbsp;&raquo;, ass&egrave;ne Nicolas Bourcy, secr&eacute;taire g&eacute;n&eacute;ral de l&rsquo;UL CGT d&rsquo;Arles, lors de la &#8230;","protected":false},"author":1,"featured_media":36915,"comment_status":"open","ping_status":"open","sticky":false,"template":"","format":"standard","meta":{"footnotes":""},"categories":[3926,3925,331],"tags":[1234,10,1760,113,5820,622,540,748,200,1630,3021,6129,5145,2272,551,910,790],"news-destination":[3944],"news-source":[475],"is_homepage":[],"ta_other":[],"class_list":["post-36914","post","type-post","status-publish","format-standard","has-post-thumbnail","hentry","category-accueil-merge","category-accueil-third","category-social","tag-arles","tag-bouches-du-rhone","tag-bourse-du-travail","tag-cgt","tag-conference-de-presse","tag-democratie","tag-gauche","tag-jeremy-bacchi","tag-justice","tag-luttes","tag-marc-pietrosino","tag-moratoire","tag-nicolas-bourcy","tag-pascal-galeote","tag-patrick-de-carolis","tag-travailleurs","tag-tribunal-administratif","news-destination-homepage","news-source-website"],"_links":{"self":[{"href":"https:\/\/euapp01.newsmemory.com\/lamarseillaise\/news\/wp-json\/wp\/v2\/posts\/36914","targetHints":{"allow":["GET"]}}],"collection":[{"href":"https:\/\/euapp01.newsmemory.com\/lamarseillaise\/news\/wp-json\/wp\/v2\/posts"}],"about":[{"href":"https:\/\/euapp01.newsmemory.com\/lamarseillaise\/news\/wp-json\/wp\/v2\/types\/post"}],"author":[{"embeddable":true,"href":"https:\/\/euapp01.newsmemory.com\/lamarseillaise\/news\/wp-json\/wp\/v2\/users\/1"}],"replies":[{"embeddable":true,"href":"https:\/\/euapp01.newsmemory.com\/lamarseillaise\/news\/wp-json\/wp\/v2\/comments?post=36914"}],"version-history":[{"count":1,"href":"https:\/\/euapp01.newsmemory.com\/lamarseillaise\/news\/wp-json\/wp\/v2\/posts\/36914\/revisions"}],"predecessor-version":[{"id":36916,"href":"https:\/\/euapp01.newsmemory.com\/lamarseillaise\/news\/wp-json\/wp\/v2\/posts\/36914\/revisions\/36916"}],"wp:featuredmedia":[{"embeddable":true,"href":"https:\/\/euapp01.newsmemory.com\/lamarseillaise\/news\/wp-json\/wp\/v2\/media\/36915"}],"wp:attachment":[{"href":"https:\/\/euapp01.newsmemory.com\/lamarseillaise\/news\/wp-json\/wp\/v2\/media?parent=36914"}],"wp:term":[{"taxonomy":"category","embeddable":true,"href":"https:\/\/euapp01.newsmemory.com\/lamarseillaise\/news\/wp-json\/wp\/v2\/categories?post=36914"},{"taxonomy":"post_tag","embeddable":true,"href":"https:\/\/euapp01.newsmemory.com\/lamarseillaise\/news\/wp-json\/wp\/v2\/tags?post=36914"},{"taxonomy":"news-destination","embeddable":true,"href":"https:\/\/euapp01.newsmemory.com\/lamarseillaise\/news\/wp-json\/wp\/v2\/news-destination?post=36914"},{"taxonomy":"news-source","embeddable":true,"href":"https:\/\/euapp01.newsmemory.com\/lamarseillaise\/news\/wp-json\/wp\/v2\/news-source?post=36914"},{"taxonomy":"is_homepage","embeddable":true,"href":"https:\/\/euapp01.newsmemory.com\/lamarseillaise\/news\/wp-json\/wp\/v2\/is_homepage?post=36914"},{"taxonomy":"ta_other","embeddable":true,"href":"https:\/\/euapp01.newsmemory.com\/lamarseillaise\/news\/wp-json\/wp\/v2\/ta_other?post=36914"}],"curies":[{"name":"wp","href":"https:\/\/api.w.org\/{rel}","templated":true}]}}