{"id":36908,"date":"2026-07-21T06:47:00","date_gmt":"2026-07-21T04:47:00","guid":{"rendered":"https:\/\/euapp01.newsmemory.com\/lamarseillaise\/news\/?p=36908"},"modified":"2026-07-26T10:46:04","modified_gmt":"2026-07-26T08:46:04","slug":"optimisme-mais-prudence-quant-a-la-fixation-de-lincendie-a-taradeau-et-aux-arcs-sur-argens","status":"publish","type":"post","link":"https:\/\/euapp01.newsmemory.com\/lamarseillaise\/news\/2026\/07\/21\/optimisme-mais-prudence-quant-a-la-fixation-de-lincendie-a-taradeau-et-aux-arcs-sur-argens\/","title":{"rendered":"Optimisme mais prudence quant \u00e0 la fixation de l\u2019incendie \u00e0 Taradeau et aux Arcs-sur-Argens"},"content":{"rendered":"<div class=\"paragraph\">\n<p>La situation est ma\u00eetris\u00e9e, mais demeure pr\u00e9caire. <a rel=\"noopener noreferrer\" href=\"https:\/\/www.lamarseillaise.fr\/societe\/des-quartiers-evacues-face-a-un-violent-incendie-aux-arcs-FG20510072\" target=\"_blank\">Le violent incendie d\u00e9clar\u00e9 dimanche vers 15h30 \u00e0 Taradeau<\/a>, et qui a gagn\u00e9 la commune voisine des Arcs-sur-Argens, pour pr\u00e8s de 200 hectares de for\u00eat partis en fum\u00e9e, n\u2019a pas progress\u00e9 ce lundi. Cela gr\u00e2ce au travail des 360 pompiers du Sdis\u00a083, qui se sont employ\u00e9s toute la nuit durant \u00e0 noyer le feu pour \u00e9viter toute reprise et \u00e9liminer les foyers r\u00e9siduels qui mena\u00e7aient d\u2019empirer la situation.<\/p>\n<p>Les autorit\u00e9s ont indiqu\u00e9 que le feu avait \u00e9t\u00e9 fix\u00e9, lundi soir. Cela n\u2019avait pas \u00e9t\u00e9 possible plus t\u00f4t dans la journ\u00e9e \u00ab\u00a0<i>\u00e0 cause de la reprise du mistral et de l\u2019effet de f\u0153hn <\/i>[vents d\u2019ouest chauds et secs, Ndlr.]<i>, qui a provoqu\u00e9 deux reprises de feu sur des secteurs d\u00e9j\u00e0 calcin\u00e9s, \u00e0 Taradeau et aux Arcs<\/i>\u00a0\u00bb, explique le pr\u00e9fet du Var, Simon Babre. \u00ab\u00a0<i>Ces d\u00e9parts ont \u00e9t\u00e9 repris par les pompiers, \u00e0 l\u2019aide de trois canadairs, deux bombardiers d\u2019eau et un avion DASH, mais ils prouvent la fragilit\u00e9 de la situation pour les pompiers, avec de la mati\u00e8re inflammable et des troncs calcin\u00e9s qui peuvent reprendre feu avec le vent.<\/i>\u00a0\u00bb<\/p>\n<\/p><\/div>\n<div class=\"intext\"> Les secteurs d\u2019habitations s\u00e9curis\u00e9s\n              <\/div>\n<div class=\"paragraph\">\n<p>Pour limiter encore les risques de reprise, une voie foresti\u00e8re a \u00e9t\u00e9 ouverte aux Arcs par le 1<sup>er<\/sup><a rel=\"noopener noreferrer\" href=\"https:\/\/www.lamarseillaise.fr\/politique\/l-armee-et-la-securite-civile-unies-face-aux-incendies-HE20424157\" target=\"_blank\">R\u00e9giment d\u2019instruction et d\u2019intervention de la s\u00e9curit\u00e9 civile<\/a> (1<sup>er<\/sup> RIISC) de Nogent-le-Rotrou (Eure-et-Loir), pr\u00e9positionn\u00e9 en renfort, pour avoir \u00ab\u00a0<i>un point d\u2019appui au sol<\/i>\u00a0\u00bb, pr\u00e9cise le pr\u00e9fet et afin de r\u00e9pandre \u00ab\u00a0<i>du produit retardant, par DASH et par camion, pour cr\u00e9er une barri\u00e8re qui permettra de juguler les flammes si elles reprennent<\/i><i>\u00a0<\/i>\u00bb.<\/p>\n<p>L\u2019espoir \u00e9tait donc permis quant \u00e0 une fixation du feu dans la soir\u00e9e, \u00ab\u00a0<i>au b\u00e9n\u00e9fice d\u2019une brise marine qui <\/i>[\u00e9tait]<i> en train de se former et d\u2019atteindre les flammes aux Arcs, provoquant une hausse du taux d\u2019humidit\u00e9, mais on restera tr\u00e8s vigilent car des rafales de vent chaud sont pr\u00e9vues mardi, et \u00e0 aucun moment il ne faudra consid\u00e9rer que la partie est gagn\u00e9e<\/i>\u00a0\u00bb, note Simon Babre.<\/p>\n<p>Le bilan mat\u00e9riel et humain reste quasi similaire \u00e0 celui annonc\u00e9 dimanche\u00a0: un pompier l\u00e9g\u00e8rement bless\u00e9, quatre maisons d\u00e9truites, 11 impact\u00e9es et 15\u00a0v\u00e9hicules br\u00fbl\u00e9s. Tous les secteurs d\u2019habitation sont s\u00e9curis\u00e9s et \u00e0 l\u2019abri des flammes.<\/p>\n<p>Le pr\u00e9fet a par ailleurs tenu \u00e0 saluer \u00ab<i>\u00a0<\/i><i>les sapeurs-pompiers qui luttent depuis 48h avec des renforts de Moselle, de la Meuse, des Ardennes, des Alpes-Maritimes et des Hautes-Alpes, ainsi que le pr\u00e9fet de zone pour les moyens a\u00e9riens qu\u2019on a eu \u00e0 titre pr\u00e9ventif, ce week-end, et qui \u00e9taient d\u00e9j\u00e0 en survol quand le feu a \u00e9t\u00e9 d\u00e9tect\u00e9, avec deux canadairs pr\u00e9positionn\u00e9s, et les avions DASH qui effectuaient des rondes dans le cadre du passage en alerte maximale feux de for\u00eats, samedi<\/i><i>\u00a0<\/i>\u00bb.<\/p>\n<\/p><\/div>\n","protected":false},"excerpt":{"rendered":"La situation est ma&icirc;tris&eacute;e, mais demeure pr&eacute;caire. Le violent incendie d&eacute;clar&eacute; dimanche vers 15h30 &agrave; Taradeau, et qui a gagn&eacute; la commune voisine des Arcs-sur-Argens, pour pr&egrave;s de 200 hectares de &#8230;","protected":false},"author":1,"featured_media":36909,"comment_status":"open","ping_status":"open","sticky":false,"template":"","format":"standard","meta":{"footnotes":""},"categories":[3926,3925,20],"tags":[1091,4635,2507,318,1673,6036,418,319,1396,4303,1131,1567,4304,1674,6003,4877,1397,1613,6128,31],"news-destination":[3944],"news-source":[475],"is_homepage":[],"ta_other":[],"class_list":["post-36908","post","type-post","status-publish","format-standard","has-post-thumbnail","hentry","category-accueil-merge","category-accueil-third","category-societe","tag-alerte","tag-avion","tag-avions","tag-feu","tag-feux","tag-flammes","tag-foret","tag-incendie","tag-incendies","tag-mistral","tag-prefecture","tag-prefet","tag-rafales","tag-sapeurs-pompiers","tag-sdis-83","tag-sdis83","tag-secheresse","tag-securite-civile","tag-taradeau","tag-var","news-destination-homepage","news-source-website"],"_links":{"self":[{"href":"https:\/\/euapp01.newsmemory.com\/lamarseillaise\/news\/wp-json\/wp\/v2\/posts\/36908","targetHints":{"allow":["GET"]}}],"collection":[{"href":"https:\/\/euapp01.newsmemory.com\/lamarseillaise\/news\/wp-json\/wp\/v2\/posts"}],"about":[{"href":"https:\/\/euapp01.newsmemory.com\/lamarseillaise\/news\/wp-json\/wp\/v2\/types\/post"}],"author":[{"embeddable":true,"href":"https:\/\/euapp01.newsmemory.com\/lamarseillaise\/news\/wp-json\/wp\/v2\/users\/1"}],"replies":[{"embeddable":true,"href":"https:\/\/euapp01.newsmemory.com\/lamarseillaise\/news\/wp-json\/wp\/v2\/comments?post=36908"}],"version-history":[{"count":1,"href":"https:\/\/euapp01.newsmemory.com\/lamarseillaise\/news\/wp-json\/wp\/v2\/posts\/36908\/revisions"}],"predecessor-version":[{"id":36910,"href":"https:\/\/euapp01.newsmemory.com\/lamarseillaise\/news\/wp-json\/wp\/v2\/posts\/36908\/revisions\/36910"}],"wp:featuredmedia":[{"embeddable":true,"href":"https:\/\/euapp01.newsmemory.com\/lamarseillaise\/news\/wp-json\/wp\/v2\/media\/36909"}],"wp:attachment":[{"href":"https:\/\/euapp01.newsmemory.com\/lamarseillaise\/news\/wp-json\/wp\/v2\/media?parent=36908"}],"wp:term":[{"taxonomy":"category","embeddable":true,"href":"https:\/\/euapp01.newsmemory.com\/lamarseillaise\/news\/wp-json\/wp\/v2\/categories?post=36908"},{"taxonomy":"post_tag","embeddable":true,"href":"https:\/\/euapp01.newsmemory.com\/lamarseillaise\/news\/wp-json\/wp\/v2\/tags?post=36908"},{"taxonomy":"news-destination","embeddable":true,"href":"https:\/\/euapp01.newsmemory.com\/lamarseillaise\/news\/wp-json\/wp\/v2\/news-destination?post=36908"},{"taxonomy":"news-source","embeddable":true,"href":"https:\/\/euapp01.newsmemory.com\/lamarseillaise\/news\/wp-json\/wp\/v2\/news-source?post=36908"},{"taxonomy":"is_homepage","embeddable":true,"href":"https:\/\/euapp01.newsmemory.com\/lamarseillaise\/news\/wp-json\/wp\/v2\/is_homepage?post=36908"},{"taxonomy":"ta_other","embeddable":true,"href":"https:\/\/euapp01.newsmemory.com\/lamarseillaise\/news\/wp-json\/wp\/v2\/ta_other?post=36908"}],"curies":[{"name":"wp","href":"https:\/\/api.w.org\/{rel}","templated":true}]}}