{"id":36905,"date":"2026-07-21T06:46:00","date_gmt":"2026-07-21T04:46:00","guid":{"rendered":"https:\/\/euapp01.newsmemory.com\/lamarseillaise\/news\/?p=36905"},"modified":"2026-07-26T10:46:04","modified_gmt":"2026-07-26T08:46:04","slug":"les-pesticides-polluent-la-loi-agricole","status":"publish","type":"post","link":"https:\/\/euapp01.newsmemory.com\/lamarseillaise\/news\/2026\/07\/21\/les-pesticides-polluent-la-loi-agricole\/","title":{"rendered":"Les pesticides polluent la loi agricole"},"content":{"rendered":"<div class=\"paragraph\">\n<p>L\u2019\u00e9quilibre est fragile. Apr\u00e8s plusieurs mois de d\u00e9bats, la commission mixte paritaire (CMP) est parvenue, le 16\u00a0juillet, \u00e0 un accord sur le projet de loi d\u2019urgence pour la protection et la souverainet\u00e9 agricoles. Pr\u00e9sent\u00e9 par le gouvernement Lecornu comme une r\u00e9ponse au malaise agricole et aux enjeux de souverainet\u00e9 alimentaire, il vise \u00e0 donner davantage de moyens de production aux exploitants tout en simplifiant certaines r\u00e8gles. Apr\u00e8s son passage lundi devant l\u2019Assembl\u00e9e, le vote d\u00e9finitif est pr\u00e9vu ce mardi au S\u00e9nat.<\/p>\n<\/p><\/div>\n<div class=\"intext\"> \u00c9viter la fracture\n              <\/div>\n<div class=\"paragraph\">\n<p>Au c\u0153ur de la loi figure la cr\u00e9ation de labels \u00ab\u00a0projets d\u2019avenir agricole\u00a0\u00bb. Ils visent \u00e0 soutenir les fili\u00e8res strat\u00e9giques pour la souverainet\u00e9 alimentaire du pays en imposant par exemple aux cantines publiques de se fournir au sein de l\u2019Union europ\u00e9enne. Mais, soutenu du Rassemblement national aux s\u00e9nateurs centristes en passant par la droite, le texte suscite de vives critiques des organisations environnementales et de l\u2019opposition de gauche. Il fracture m\u00eame jusqu\u2019au socle gouvernemental sur le sujet de la r\u00e9introduction de deux pesticides.<\/p>\n<p>Car apr\u00e8s une premi\u00e8re tentative avec la loi Duplomb, retoqu\u00e9e par le Conseil constitutionnel en ao\u00fbt\u00a02025, le d\u00e9put\u00e9 (LR), Laurent Duplomb, est revenu \u00e0 la charge en faisant ajouter un article que la CMP a conserv\u00e9. Il donne la possibilit\u00e9 d\u2019accorder, pendant trois\u00a0ans, des d\u00e9rogations pour l\u2019utilisation du flupyradifurone en enrobage de semences pour les betteraves sucri\u00e8res et en pulv\u00e9risation pour les pommes et les cerises. L\u2019ac\u00e9tamipride, un n\u00e9onicotino\u00efde lui aussi dangereux pour les abeilles, interdit en France, mais autoris\u00e9 en Europe, serait lui autoris\u00e9 pour les cultures de noisettes&#8230;<\/p>\n<p>Leur r\u00e9introduction reste \u00ab\u00a0<i>le principal sujet qui crispe<\/i><i>\u00a0<\/i>\u00bb, jugeait samedi la ministre de la Transition \u00e9cologique, Monique Barbut, \u00e0 <i>La<\/i><i>\u00a0<\/i><i>Tribune<\/i><i>\u00a0<\/i><i>Dimanche<\/i>, personnellement oppos\u00e9e au retour de l\u2019ac\u00e9tamipride. \u00ab\u00a0<i>Faire \u00e9chouer ce texte par id\u00e9ologie, calcul ou peur, ach\u00e8verait de d\u00e9sesp\u00e9rer les agriculteurs<\/i><i>\u00a0<\/i>\u00bb, r\u00e9pondait de son c\u00f4t\u00e9 la ministre de l\u2019Agriculture, Annie Genevard, dans le <i>JDD<\/i>, hebdomadaire du milliardaire d\u2019extr\u00eame droite, Vincent Bollor\u00e9.<\/p>\n<p>Matignon a m\u00eame convoqu\u00e9 une r\u00e9union, lundi apr\u00e8s-midi, des pr\u00e9sidents des groupes de la coalition gouvernementale (LR, Horizons, Renaissance, MoDem) et du groupe centriste Liot. Gabriel Attal, pr\u00e9sident d\u2019Ensemble pour la R\u00e9publique, poussait le gouvernement \u00e0 d\u00e9poser un amendement de suppression. Mais il n\u2019a pas \u00e9t\u00e9 entendu. \u00c0 l\u2019issue de la r\u00e9union, le gouvernement a indiqu\u00e9 ne pas avoir l\u2019intention de supprimer lui-m\u00eame l\u2019article portant la mesure. \u00ab\u00a0<i>L\u2019interdiction <\/i>[de l\u2019ac\u00e9tamipride]<i> demeure le principe<\/i><i>\u00a0<\/i>\u00bb, a d\u00e9clar\u00e9 l\u2019entourage du Premier ministre, qui laisse \u00ab\u00a0<i>au Parlement<\/i>\u00a0\u00bb le soin de \u00ab\u00a0<i>trancher<\/i>\u00a0\u00bb ou \u00ab\u00a0<i>faire \u00e9voluer<\/i>\u00a0\u00bb le compromis issu de la CMP.<\/p>\n<p>Ses opposants d\u00e9noncent un recul environnemental et sanitaire avec cette disposition sur l\u2019ac\u00e9tamipride qui int\u00e9resse directement certains bassins fruitiers du Vaucluse ou des Alpes-de-Haute-Provence, o\u00f9 les cultures de pommes et de cerises occupent une place importante.<\/p>\n<\/p><\/div>\n<div class=\"intext\"> Doubler le stockage<br \/>\n               <br \/>des eaux agricoles\n              <\/div>\n<div class=\"paragraph\">\n<p>Autre point de crispation, la gestion de l\u2019eau. Face aux \u00e9pisodes de s\u00e9cheresse de plus en plus fr\u00e9quents, le gouvernement souhaite acc\u00e9l\u00e9rer la r\u00e9alisation d\u2019ouvrages de stockage et fixe l\u2019objectif de doubler les capacit\u00e9s de stockage d\u2019eau \u00e0 usage agricole d\u2019ici \u00e0 2035. En Provence-Alpes-C\u00f4te d\u2019Azur, une des r\u00e9gions les plus expos\u00e9es aux tensions sur la ressource en eau, les fili\u00e8res mara\u00eech\u00e8res, arboricoles et viticoles pourraient b\u00e9n\u00e9ficier des futurs investissements.<\/p>\n<p>Une mesure salu\u00e9e par une grande partie des organisations professionnelles agricoles, qui y voient un outil indispensable pour s\u00e9curiser les productions quand les associations environnementales d\u00e9noncent l\u2019encouragement \u00e0 des projets jug\u00e9s trop consommateurs de ressources hydriques. Pour elles, la priorit\u00e9 doit \u00eatre donn\u00e9e \u00e0 l\u2019\u00e9volution des pratiques agricoles.<\/p>\n<p>Le texte comporte aussi plusieurs mesures en faveur de l\u2019\u00e9levage, dont une gestion plus souple de la pr\u00e9dation par le loup. L\u00e0 encore, le sujet oppose \u00e9leveurs et d\u00e9fenseurs de la biodiversit\u00e9. Ceux des Alpes du Sud, confront\u00e9s \u00e0 une forte pression de pr\u00e9dation, suivent de pr\u00e8s les mesures relatives au loup.<\/p>\n<p>Au-del\u00e0 de ses dispositions techniques, ce projet de loi r\u00e9v\u00e8le surtout une fracture profonde dans le d\u00e9bat agricole fran\u00e7ais\u00a0: comment produire davantage pour assurer la souverainet\u00e9 alimentaire du pays tout en pr\u00e9servant la ressource en eau, la biodiversit\u00e9 et les \u00e9quilibres environnementaux\u00a0? Une question qui continuera d\u2019alimenter les d\u00e9bats.<\/p>\n<\/p><\/div>\n<div class=\"paragraph\">\n<p><b>30,8 millions<\/b><\/p>\n<p><b>En 2026, la production fran\u00e7aise de bl\u00e9 est estim\u00e9e \u00e0 30,8 millions de tonnes (-7,6% sur un an), selon le groupe sp\u00e9cialiste des mati\u00e8res premi\u00e8res Argus Media.<\/b><\/p>\n<p><b>Malgr\u00e9 l\u2019augmentation (+3%) de la surface cultiv\u00e9e, \u00ab <\/b><i><b>les difficult\u00e9s se sont encha\u00een\u00e9es <\/b><\/i><b>\u00bb, avec une moiti\u00e9 ouest du pays \u00ab<\/b><i><b> durement touch\u00e9e par les exc\u00e8s de pr\u00e9cipitations de l\u2019hiver <\/b><\/i><b>\u00bb<\/b><i><b>,<\/b><\/i><b> \u00ab<\/b><i><b> un printemps excessivement sec <\/b><\/i><b>\u00bb, et un d\u00e9ficit hydrique et des \u00e9pisodes caniculaires qui ont touch\u00e9 le pays \u00ab <\/b><i><b>\u00e0 des stades critiques du d\u00e9veloppement des cultures, lors de la floraison puis du remplissage des grains <\/b><\/i><b>\u00bb. Si le temps sec et chaud a favoris\u00e9 \u00ab <\/b><i><b>la qualit\u00e9 <\/b><\/i><b>\u00bb des cultures, le rendement moyen national est \u00e9valu\u00e9 \u00e0 6,67 tonnes par hectare, en baisse de 6,5% par rapport \u00e0 la moyenne des dix derni\u00e8res ann\u00e9es.<\/b><\/p>\n<\/p><\/div>\n","protected":false},"excerpt":{"rendered":"L&rsquo;&eacute;quilibre est fragile. Apr&egrave;s plusieurs mois de d&eacute;bats, la commission mixte paritaire (CMP) est parvenue, le 16&nbsp;juillet, &agrave; un accord sur le projet de loi d&rsquo;urgence pour la protection et la &#8230;","protected":false},"author":1,"featured_media":36906,"comment_status":"open","ping_status":"open","sticky":false,"template":"","format":"standard","meta":{"footnotes":""},"categories":[3926,3925,333,330,20],"tags":[6127,450,3301,447,3209,1452,309,6126,459,222,1920],"news-destination":[3944],"news-source":[475],"is_homepage":[],"ta_other":[],"class_list":["post-36905","post","type-post","status-publish","format-standard","has-post-thumbnail","hentry","category-accueil-merge","category-accueil-third","category-environnement","category-politique","category-societe","tag-acetamipride","tag-agriculteurs","tag-agricultrices","tag-agriculture","tag-agroalimentaire","tag-annie-genevard","tag-eau","tag-laurent-duplomb","tag-pesticides","tag-region-sud-paca","tag-senat","news-destination-homepage","news-source-website"],"_links":{"self":[{"href":"https:\/\/euapp01.newsmemory.com\/lamarseillaise\/news\/wp-json\/wp\/v2\/posts\/36905","targetHints":{"allow":["GET"]}}],"collection":[{"href":"https:\/\/euapp01.newsmemory.com\/lamarseillaise\/news\/wp-json\/wp\/v2\/posts"}],"about":[{"href":"https:\/\/euapp01.newsmemory.com\/lamarseillaise\/news\/wp-json\/wp\/v2\/types\/post"}],"author":[{"embeddable":true,"href":"https:\/\/euapp01.newsmemory.com\/lamarseillaise\/news\/wp-json\/wp\/v2\/users\/1"}],"replies":[{"embeddable":true,"href":"https:\/\/euapp01.newsmemory.com\/lamarseillaise\/news\/wp-json\/wp\/v2\/comments?post=36905"}],"version-history":[{"count":1,"href":"https:\/\/euapp01.newsmemory.com\/lamarseillaise\/news\/wp-json\/wp\/v2\/posts\/36905\/revisions"}],"predecessor-version":[{"id":36907,"href":"https:\/\/euapp01.newsmemory.com\/lamarseillaise\/news\/wp-json\/wp\/v2\/posts\/36905\/revisions\/36907"}],"wp:featuredmedia":[{"embeddable":true,"href":"https:\/\/euapp01.newsmemory.com\/lamarseillaise\/news\/wp-json\/wp\/v2\/media\/36906"}],"wp:attachment":[{"href":"https:\/\/euapp01.newsmemory.com\/lamarseillaise\/news\/wp-json\/wp\/v2\/media?parent=36905"}],"wp:term":[{"taxonomy":"category","embeddable":true,"href":"https:\/\/euapp01.newsmemory.com\/lamarseillaise\/news\/wp-json\/wp\/v2\/categories?post=36905"},{"taxonomy":"post_tag","embeddable":true,"href":"https:\/\/euapp01.newsmemory.com\/lamarseillaise\/news\/wp-json\/wp\/v2\/tags?post=36905"},{"taxonomy":"news-destination","embeddable":true,"href":"https:\/\/euapp01.newsmemory.com\/lamarseillaise\/news\/wp-json\/wp\/v2\/news-destination?post=36905"},{"taxonomy":"news-source","embeddable":true,"href":"https:\/\/euapp01.newsmemory.com\/lamarseillaise\/news\/wp-json\/wp\/v2\/news-source?post=36905"},{"taxonomy":"is_homepage","embeddable":true,"href":"https:\/\/euapp01.newsmemory.com\/lamarseillaise\/news\/wp-json\/wp\/v2\/is_homepage?post=36905"},{"taxonomy":"ta_other","embeddable":true,"href":"https:\/\/euapp01.newsmemory.com\/lamarseillaise\/news\/wp-json\/wp\/v2\/ta_other?post=36905"}],"curies":[{"name":"wp","href":"https:\/\/api.w.org\/{rel}","templated":true}]}}