{"id":36902,"date":"2026-07-21T06:30:00","date_gmt":"2026-07-21T04:30:00","guid":{"rendered":"https:\/\/euapp01.newsmemory.com\/lamarseillaise\/news\/?p=36902"},"modified":"2026-07-21T10:26:54","modified_gmt":"2026-07-21T08:26:54","slug":"urgence-agricole-attention-danger","status":"publish","type":"post","link":"https:\/\/euapp01.newsmemory.com\/lamarseillaise\/news\/2026\/07\/21\/urgence-agricole-attention-danger\/","title":{"rendered":"\u00ab&nbsp;Urgence agricole&nbsp;\u00bb&nbsp;: attention danger&nbsp;!"},"content":{"rendered":"<div class=\"paragraph\">\n<p>Le client\u00e9lisme du gouvernement, de la droite parlementaire &#8211; \u00ab\u00a0bloc central\u00a0\u00bb macroniste compris\u00a0&#8211; et de l\u2019extr\u00eame droite \u00e0 l\u2019\u00e9gard de la finance et de l\u2019agro-industrie aura-t-il la peau de notre agriculture, de l\u2019essentiel de ses travailleurs et de l\u2019ensemble des citoyens\u00a0? Le texte de loi \u00ab\u00a0urgence agricole\u00a0\u00bb est cousu sur mesure pour une petite partie seulement du \u00ab\u00a0monde agricole\u00a0\u00bb, tr\u00e8s pluriel en r\u00e9alit\u00e9, mais domin\u00e9 par les tr\u00e8s gros exploitants. Ils ont l\u2019oreille du pouvoir actuel comme aux temps les plus \u00e9cul\u00e9s de la V<sup>e<\/sup> R\u00e9publique, \u00e0 bout de souffle aujourd\u2019hui.<\/p>\n<p>Le danger est l\u00e0 car la vision \u00e0 tr\u00e8s courte vue de ce texte de loi fait reculer une imp\u00e9rieuse n\u00e9cessit\u00e9\u00a0: celle d\u2019adapter notre soci\u00e9t\u00e9 au d\u00e9sordre climatique et \u00e0 ses cons\u00e9quences.<\/p>\n<p><b>Guerre de l\u2019eau<\/b><\/p>\n<p>Comme le pr\u00e9voit le texte, doubler les capacit\u00e9s de stockage de l\u2019eau, d\u2019ici 2035, reviendrait \u00e0 aggraver la crise de l\u2019eau et entra\u00eener une \u00ab\u00a0guerre\u00a0\u00bb pour s\u2019accaparer cette ressource vitale pour tous. Cela ne mettra pas fin aux s\u00e9cheresses. De m\u00eame, r\u00e9introduire des pesticides tueurs de la biodiversit\u00e9, \u00e0 l\u2019origine de cancers pour les humains, serait faire le choix, une fois de plus, du rendement \u00e0 n\u2019importe quel prix, celui de vies.<\/p>\n<p>Tous les agriculteurs ne sont pas d\u2019accord avec cette fuite en avant. D\u2019autant que l\u2019enjeu du revenu agricole est m\u00e9pris\u00e9 par ce texte. Modef et Conf\u00e9d\u00e9ration paysanne, deux syndicats soucieux du vivant, se tiennent aux c\u00f4t\u00e9s des associations et de scientifiques.<\/p>\n<p>Les r\u00e9ponses \u00e0 l\u2019in\u00e9luctable r\u00e9chauffement de notre climat doivent \u00eatre plac\u00e9es sous le sceau des coop\u00e9rations. Imaginer une agriculture du XXI<sup>e<\/sup>\u00a0si\u00e8cle avec les citoyens en fait partie.<\/p>\n<\/p><\/div>\n","protected":false},"excerpt":{"rendered":"Le client&eacute;lisme du gouvernement, de la droite parlementaire &#8211; &laquo;&nbsp;bloc central&nbsp;&raquo; macroniste compris&nbsp;&#8211; et de l&rsquo;extr&ecirc;me droite &agrave; l&rsquo;&eacute;gard de la finance et de l&rsquo;agro-industrie &#8230;","protected":false},"author":1,"featured_media":36903,"comment_status":"open","ping_status":"open","sticky":false,"template":"","format":"standard","meta":{"footnotes":""},"categories":[332],"tags":[447,309,1372,572,2299,459],"news-destination":[],"news-source":[475],"is_homepage":[],"ta_other":[],"class_list":["post-36902","post","type-post","status-publish","format-standard","has-post-thumbnail","hentry","category-edito","tag-agriculture","tag-eau","tag-editoriaux","tag-france","tag-loi-duplomb","tag-pesticides","news-source-website"],"_links":{"self":[{"href":"https:\/\/euapp01.newsmemory.com\/lamarseillaise\/news\/wp-json\/wp\/v2\/posts\/36902","targetHints":{"allow":["GET"]}}],"collection":[{"href":"https:\/\/euapp01.newsmemory.com\/lamarseillaise\/news\/wp-json\/wp\/v2\/posts"}],"about":[{"href":"https:\/\/euapp01.newsmemory.com\/lamarseillaise\/news\/wp-json\/wp\/v2\/types\/post"}],"author":[{"embeddable":true,"href":"https:\/\/euapp01.newsmemory.com\/lamarseillaise\/news\/wp-json\/wp\/v2\/users\/1"}],"replies":[{"embeddable":true,"href":"https:\/\/euapp01.newsmemory.com\/lamarseillaise\/news\/wp-json\/wp\/v2\/comments?post=36902"}],"version-history":[{"count":1,"href":"https:\/\/euapp01.newsmemory.com\/lamarseillaise\/news\/wp-json\/wp\/v2\/posts\/36902\/revisions"}],"predecessor-version":[{"id":36904,"href":"https:\/\/euapp01.newsmemory.com\/lamarseillaise\/news\/wp-json\/wp\/v2\/posts\/36902\/revisions\/36904"}],"wp:featuredmedia":[{"embeddable":true,"href":"https:\/\/euapp01.newsmemory.com\/lamarseillaise\/news\/wp-json\/wp\/v2\/media\/36903"}],"wp:attachment":[{"href":"https:\/\/euapp01.newsmemory.com\/lamarseillaise\/news\/wp-json\/wp\/v2\/media?parent=36902"}],"wp:term":[{"taxonomy":"category","embeddable":true,"href":"https:\/\/euapp01.newsmemory.com\/lamarseillaise\/news\/wp-json\/wp\/v2\/categories?post=36902"},{"taxonomy":"post_tag","embeddable":true,"href":"https:\/\/euapp01.newsmemory.com\/lamarseillaise\/news\/wp-json\/wp\/v2\/tags?post=36902"},{"taxonomy":"news-destination","embeddable":true,"href":"https:\/\/euapp01.newsmemory.com\/lamarseillaise\/news\/wp-json\/wp\/v2\/news-destination?post=36902"},{"taxonomy":"news-source","embeddable":true,"href":"https:\/\/euapp01.newsmemory.com\/lamarseillaise\/news\/wp-json\/wp\/v2\/news-source?post=36902"},{"taxonomy":"is_homepage","embeddable":true,"href":"https:\/\/euapp01.newsmemory.com\/lamarseillaise\/news\/wp-json\/wp\/v2\/is_homepage?post=36902"},{"taxonomy":"ta_other","embeddable":true,"href":"https:\/\/euapp01.newsmemory.com\/lamarseillaise\/news\/wp-json\/wp\/v2\/ta_other?post=36902"}],"curies":[{"name":"wp","href":"https:\/\/api.w.org\/{rel}","templated":true}]}}