{"id":36889,"date":"2026-07-20T10:08:00","date_gmt":"2026-07-20T08:08:00","guid":{"rendered":"https:\/\/euapp01.newsmemory.com\/lamarseillaise\/news\/?p=36889"},"modified":"2026-07-20T10:30:51","modified_gmt":"2026-07-20T08:30:51","slug":"cest-lete-la-fabrique-a-pique-nique-au-monetier-les-bains","status":"publish","type":"post","link":"https:\/\/euapp01.newsmemory.com\/lamarseillaise\/news\/2026\/07\/20\/cest-lete-la-fabrique-a-pique-nique-au-monetier-les-bains\/","title":{"rendered":"[C\u2019est l\u2019\u00e9t\u00e9] La fabrique \u00e0 pique-nique au Mon\u00eatier-les-Bains"},"content":{"rendered":"<div class=\"paragraph\">\n<p>Une ambiance guinguette qui s\u2019accompagnera d\u2019un concert live sur le plan d\u2019eau avec \u00ab\u00a0le Duo Movere\u00a0\u00bb.<\/p>\n<\/p><\/div>\n<div class=\"paragraph\">\n<p><i><span class=\"mln_uppercase_mln\">\u00e0<\/span><\/i><i> partir de 18h30. <\/i><\/p>\n<p><i>Acc\u00e8s libre.<\/i><\/p>\n<\/p><\/div>\n","protected":false},"excerpt":{"rendered":"Une ambiance guinguette qui s&rsquo;accompagnera d&rsquo;un concert live sur le plan d&rsquo;eau avec &laquo;&nbsp;le Duo Movere&nbsp;&raquo;.&agrave; partir de 18h30. Acc&egrave;s libre.","protected":false},"author":1,"featured_media":36890,"comment_status":"open","ping_status":"open","sticky":false,"template":"","format":"standard","meta":{"footnotes":""},"categories":[20],"tags":[4768,6085,1432,2000,1283],"news-destination":[],"news-source":[475],"is_homepage":[],"ta_other":[],"class_list":["post-36889","post","type-post","status-publish","format-standard","has-post-thumbnail","hentry","category-societe","tag-alpes","tag-cest-lete","tag-partage","tag-plein-air","tag-repas","news-source-website"],"_links":{"self":[{"href":"https:\/\/euapp01.newsmemory.com\/lamarseillaise\/news\/wp-json\/wp\/v2\/posts\/36889","targetHints":{"allow":["GET"]}}],"collection":[{"href":"https:\/\/euapp01.newsmemory.com\/lamarseillaise\/news\/wp-json\/wp\/v2\/posts"}],"about":[{"href":"https:\/\/euapp01.newsmemory.com\/lamarseillaise\/news\/wp-json\/wp\/v2\/types\/post"}],"author":[{"embeddable":true,"href":"https:\/\/euapp01.newsmemory.com\/lamarseillaise\/news\/wp-json\/wp\/v2\/users\/1"}],"replies":[{"embeddable":true,"href":"https:\/\/euapp01.newsmemory.com\/lamarseillaise\/news\/wp-json\/wp\/v2\/comments?post=36889"}],"version-history":[{"count":1,"href":"https:\/\/euapp01.newsmemory.com\/lamarseillaise\/news\/wp-json\/wp\/v2\/posts\/36889\/revisions"}],"predecessor-version":[{"id":36891,"href":"https:\/\/euapp01.newsmemory.com\/lamarseillaise\/news\/wp-json\/wp\/v2\/posts\/36889\/revisions\/36891"}],"wp:featuredmedia":[{"embeddable":true,"href":"https:\/\/euapp01.newsmemory.com\/lamarseillaise\/news\/wp-json\/wp\/v2\/media\/36890"}],"wp:attachment":[{"href":"https:\/\/euapp01.newsmemory.com\/lamarseillaise\/news\/wp-json\/wp\/v2\/media?parent=36889"}],"wp:term":[{"taxonomy":"category","embeddable":true,"href":"https:\/\/euapp01.newsmemory.com\/lamarseillaise\/news\/wp-json\/wp\/v2\/categories?post=36889"},{"taxonomy":"post_tag","embeddable":true,"href":"https:\/\/euapp01.newsmemory.com\/lamarseillaise\/news\/wp-json\/wp\/v2\/tags?post=36889"},{"taxonomy":"news-destination","embeddable":true,"href":"https:\/\/euapp01.newsmemory.com\/lamarseillaise\/news\/wp-json\/wp\/v2\/news-destination?post=36889"},{"taxonomy":"news-source","embeddable":true,"href":"https:\/\/euapp01.newsmemory.com\/lamarseillaise\/news\/wp-json\/wp\/v2\/news-source?post=36889"},{"taxonomy":"is_homepage","embeddable":true,"href":"https:\/\/euapp01.newsmemory.com\/lamarseillaise\/news\/wp-json\/wp\/v2\/is_homepage?post=36889"},{"taxonomy":"ta_other","embeddable":true,"href":"https:\/\/euapp01.newsmemory.com\/lamarseillaise\/news\/wp-json\/wp\/v2\/ta_other?post=36889"}],"curies":[{"name":"wp","href":"https:\/\/api.w.org\/{rel}","templated":true}]}}