{"id":36876,"date":"2026-07-20T09:34:00","date_gmt":"2026-07-20T07:34:00","guid":{"rendered":"https:\/\/euapp01.newsmemory.com\/lamarseillaise\/news\/?p=36876"},"modified":"2026-07-20T10:03:21","modified_gmt":"2026-07-20T08:03:21","slug":"cest-lete-le-jardin-de-la-colline-puget-a-marseille","status":"publish","type":"post","link":"https:\/\/euapp01.newsmemory.com\/lamarseillaise\/news\/2026\/07\/20\/cest-lete-le-jardin-de-la-colline-puget-a-marseille\/","title":{"rendered":"[C\u2019est l\u2019\u00e9t\u00e9] Le jardin de la colline Puget \u00e0 Marseille"},"content":{"rendered":"<div class=\"paragraph\">\n<p>Des bancs en pierre jalonnent le chemin asphalt\u00e9 qui grimpe tout en haut de la colline \u00e0 l\u2019ombre de grands arbres jusqu\u2019\u00e0 la vue sur la mer \u00e0 180\u00a0degr\u00e9s, du<br \/>Vieux-Port \u00e0 la tour La\u00a0Marseillaise. De quoi d\u00e9compresser, tout en d\u00e9couvrant le plus vieux jardin public de la ville. Tandis que les gabians picorent dans les plates-bandes de lavande, on pourra m\u00eame admirer les sportifs courageux qui font siffler les cordes \u00e0 sauter ou siroter en terrasse un rafra\u00eechissement. \u00c0 voir aussi une statue de l\u2019abb\u00e9 Dassy, fondateur de l\u2019institut des jeunes aveugles, tout proche, r\u00e9alis\u00e9e par le sculpteur Alexandre Falgui\u00e8re.<\/p>\n<\/p><\/div>\n","protected":false},"excerpt":{"rendered":"Des bancs en pierre jalonnent le chemin asphalt&eacute; qui grimpe tout en haut de la colline &agrave; l&rsquo;ombre de grands arbres jusqu&rsquo;&agrave; la vue sur la mer &agrave; 180&nbsp;degr&eacute;s, duVieux-Port &agrave; la tour &#8230;","protected":false},"author":1,"featured_media":36877,"comment_status":"open","ping_status":"open","sticky":false,"template":"","format":"standard","meta":{"footnotes":""},"categories":[20],"tags":[10,6085,2606,2324,16,2502,97],"news-destination":[],"news-source":[475],"is_homepage":[],"ta_other":[],"class_list":["post-36876","post","type-post","status-publish","format-standard","has-post-thumbnail","hentry","category-societe","tag-bouches-du-rhone","tag-cest-lete","tag-espaces-verts","tag-jardin","tag-marseille","tag-parcs","tag-patrimoine","news-source-website"],"_links":{"self":[{"href":"https:\/\/euapp01.newsmemory.com\/lamarseillaise\/news\/wp-json\/wp\/v2\/posts\/36876","targetHints":{"allow":["GET"]}}],"collection":[{"href":"https:\/\/euapp01.newsmemory.com\/lamarseillaise\/news\/wp-json\/wp\/v2\/posts"}],"about":[{"href":"https:\/\/euapp01.newsmemory.com\/lamarseillaise\/news\/wp-json\/wp\/v2\/types\/post"}],"author":[{"embeddable":true,"href":"https:\/\/euapp01.newsmemory.com\/lamarseillaise\/news\/wp-json\/wp\/v2\/users\/1"}],"replies":[{"embeddable":true,"href":"https:\/\/euapp01.newsmemory.com\/lamarseillaise\/news\/wp-json\/wp\/v2\/comments?post=36876"}],"version-history":[{"count":1,"href":"https:\/\/euapp01.newsmemory.com\/lamarseillaise\/news\/wp-json\/wp\/v2\/posts\/36876\/revisions"}],"predecessor-version":[{"id":36878,"href":"https:\/\/euapp01.newsmemory.com\/lamarseillaise\/news\/wp-json\/wp\/v2\/posts\/36876\/revisions\/36878"}],"wp:featuredmedia":[{"embeddable":true,"href":"https:\/\/euapp01.newsmemory.com\/lamarseillaise\/news\/wp-json\/wp\/v2\/media\/36877"}],"wp:attachment":[{"href":"https:\/\/euapp01.newsmemory.com\/lamarseillaise\/news\/wp-json\/wp\/v2\/media?parent=36876"}],"wp:term":[{"taxonomy":"category","embeddable":true,"href":"https:\/\/euapp01.newsmemory.com\/lamarseillaise\/news\/wp-json\/wp\/v2\/categories?post=36876"},{"taxonomy":"post_tag","embeddable":true,"href":"https:\/\/euapp01.newsmemory.com\/lamarseillaise\/news\/wp-json\/wp\/v2\/tags?post=36876"},{"taxonomy":"news-destination","embeddable":true,"href":"https:\/\/euapp01.newsmemory.com\/lamarseillaise\/news\/wp-json\/wp\/v2\/news-destination?post=36876"},{"taxonomy":"news-source","embeddable":true,"href":"https:\/\/euapp01.newsmemory.com\/lamarseillaise\/news\/wp-json\/wp\/v2\/news-source?post=36876"},{"taxonomy":"is_homepage","embeddable":true,"href":"https:\/\/euapp01.newsmemory.com\/lamarseillaise\/news\/wp-json\/wp\/v2\/is_homepage?post=36876"},{"taxonomy":"ta_other","embeddable":true,"href":"https:\/\/euapp01.newsmemory.com\/lamarseillaise\/news\/wp-json\/wp\/v2\/ta_other?post=36876"}],"curies":[{"name":"wp","href":"https:\/\/api.w.org\/{rel}","templated":true}]}}