{"id":36873,"date":"2026-07-20T09:29:00","date_gmt":"2026-07-20T07:29:00","guid":{"rendered":"https:\/\/euapp01.newsmemory.com\/lamarseillaise\/news\/?p=36873"},"modified":"2026-07-20T10:03:21","modified_gmt":"2026-07-20T08:03:21","slug":"cest-lete-a-draguignan-les-arts-plastiques-pour-tous","status":"publish","type":"post","link":"https:\/\/euapp01.newsmemory.com\/lamarseillaise\/news\/2026\/07\/20\/cest-lete-a-draguignan-les-arts-plastiques-pour-tous\/","title":{"rendered":"[C\u2019est l\u2019\u00e9t\u00e9] \u00c0 Draguignan, les arts plastiques pour tous"},"content":{"rendered":"<div class=\"paragraph\">\n<p>L\u2019association Trait Libre a r\u00e9uni petits et grands mardi au parc Chabran pour une s\u00e9ance d\u2019arts plastiques de rue interg\u00e9n\u00e9rationnelle, la deuxi\u00e8me organis\u00e9e cet \u00e9t\u00e9.<\/p>\n<\/p><\/div>\n<div class=\"intext\"> Quatre ateliers par semaine\n              <\/div>\n<div class=\"paragraph\">\n<p>Les animations se poursuivent jusqu\u2019au 6\u00a0ao\u00fbt avec quatre ateliers par semaine, gratuits, ouverts \u00e0 tous, sans r\u00e9servation et sans mat\u00e9riel \u00e0 pr\u00e9voir. Le prochain rendez-vous est fix\u00e9 ce mardi aux N\u00e9gadis. Les participants se retrouvent chaque lundi et jeudi au parc de loisirs du Jardin de la Tour, le mardi aux N\u00e9gadis et le mercredi au parc Chabran. Depuis 25\u00a0ans, l\u2019association \u0153uvre pour promouvoir les arts plastiques et les arts th\u00e9rapeutiques. \u00ab<i>\u00a0<\/i><i>Ces moments sont importants pour d\u00e9mocratiser la pratique et offrir des espaces pour partager et cr\u00e9er ensemble<\/i><i>\u00a0<\/i>\u00bb, souligne Sandrine Guthmuller, membre de l\u2019association. Cet \u00e9t\u00e9, les participants explorent trois th\u00e8mes\u00a0: totem, masque et ombre. \u00ab\u00a0<i>Ce qu\u2019on retient surtout, c\u2019est la mixit\u00e9 entre toutes les g\u00e9n\u00e9rations<\/i><i>\u00a0<\/i>\u00bb, conclut Sandrine Guthmuller.<\/p>\n<\/p><\/div>\n","protected":false},"excerpt":{"rendered":"L&rsquo;association Trait Libre a r&eacute;uni petits et grands mardi au parc Chabran pour une s&eacute;ance d&rsquo;arts plastiques de rue interg&eacute;n&eacute;rationnelle, la deuxi&egrave;me organis&eacute;e cet &eacute;t&eacute;.Les animations &#8230;","protected":false},"author":1,"featured_media":36874,"comment_status":"open","ping_status":"open","sticky":false,"template":"","format":"standard","meta":{"footnotes":""},"categories":[20],"tags":[2873,5580,168,130,6085,395,57,754,55,31],"news-destination":[],"news-source":[475],"is_homepage":[],"ta_other":[],"class_list":["post-36873","post","type-post","status-publish","format-standard","has-post-thumbnail","hentry","category-societe","tag-activites-de-loisirs","tag-arts-plastiques","tag-association","tag-ateliers","tag-cest-lete","tag-draguignan","tag-enfants","tag-familles","tag-loisirs","tag-var","news-source-website"],"_links":{"self":[{"href":"https:\/\/euapp01.newsmemory.com\/lamarseillaise\/news\/wp-json\/wp\/v2\/posts\/36873","targetHints":{"allow":["GET"]}}],"collection":[{"href":"https:\/\/euapp01.newsmemory.com\/lamarseillaise\/news\/wp-json\/wp\/v2\/posts"}],"about":[{"href":"https:\/\/euapp01.newsmemory.com\/lamarseillaise\/news\/wp-json\/wp\/v2\/types\/post"}],"author":[{"embeddable":true,"href":"https:\/\/euapp01.newsmemory.com\/lamarseillaise\/news\/wp-json\/wp\/v2\/users\/1"}],"replies":[{"embeddable":true,"href":"https:\/\/euapp01.newsmemory.com\/lamarseillaise\/news\/wp-json\/wp\/v2\/comments?post=36873"}],"version-history":[{"count":1,"href":"https:\/\/euapp01.newsmemory.com\/lamarseillaise\/news\/wp-json\/wp\/v2\/posts\/36873\/revisions"}],"predecessor-version":[{"id":36875,"href":"https:\/\/euapp01.newsmemory.com\/lamarseillaise\/news\/wp-json\/wp\/v2\/posts\/36873\/revisions\/36875"}],"wp:featuredmedia":[{"embeddable":true,"href":"https:\/\/euapp01.newsmemory.com\/lamarseillaise\/news\/wp-json\/wp\/v2\/media\/36874"}],"wp:attachment":[{"href":"https:\/\/euapp01.newsmemory.com\/lamarseillaise\/news\/wp-json\/wp\/v2\/media?parent=36873"}],"wp:term":[{"taxonomy":"category","embeddable":true,"href":"https:\/\/euapp01.newsmemory.com\/lamarseillaise\/news\/wp-json\/wp\/v2\/categories?post=36873"},{"taxonomy":"post_tag","embeddable":true,"href":"https:\/\/euapp01.newsmemory.com\/lamarseillaise\/news\/wp-json\/wp\/v2\/tags?post=36873"},{"taxonomy":"news-destination","embeddable":true,"href":"https:\/\/euapp01.newsmemory.com\/lamarseillaise\/news\/wp-json\/wp\/v2\/news-destination?post=36873"},{"taxonomy":"news-source","embeddable":true,"href":"https:\/\/euapp01.newsmemory.com\/lamarseillaise\/news\/wp-json\/wp\/v2\/news-source?post=36873"},{"taxonomy":"is_homepage","embeddable":true,"href":"https:\/\/euapp01.newsmemory.com\/lamarseillaise\/news\/wp-json\/wp\/v2\/is_homepage?post=36873"},{"taxonomy":"ta_other","embeddable":true,"href":"https:\/\/euapp01.newsmemory.com\/lamarseillaise\/news\/wp-json\/wp\/v2\/ta_other?post=36873"}],"curies":[{"name":"wp","href":"https:\/\/api.w.org\/{rel}","templated":true}]}}