{"id":36864,"date":"2026-07-20T08:07:00","date_gmt":"2026-07-20T06:07:00","guid":{"rendered":"https:\/\/euapp01.newsmemory.com\/lamarseillaise\/news\/?p=36864"},"modified":"2026-07-20T10:03:21","modified_gmt":"2026-07-20T08:03:21","slug":"les-fetes-votives-de-la-sainte-anne-battent-leur-plein","status":"publish","type":"post","link":"https:\/\/euapp01.newsmemory.com\/lamarseillaise\/news\/2026\/07\/20\/les-fetes-votives-de-la-sainte-anne-battent-leur-plein\/","title":{"rendered":"Les f\u00eates votives de la Sainte-Anne battent leur plein"},"content":{"rendered":"<div class=\"paragraph\">\n<p>Chaque soir\u00e9e rassemble plusieurs centaines d\u2019habitants et de visiteurs autour de rendez-vous qui perp\u00e9tuent les traditions rovenaines.<\/p>\n<p>Les festivit\u00e9s ont \u00e9t\u00e9 lanc\u00e9es en beaut\u00e9 d\u00e8s le 11\u00a0juillet avec une soir\u00e9e dansante anim\u00e9 par le jeune DJ Dreya Sicky, et se sont ensuite poursuivies, le 13, avec la traditionnelle sardinade de la Sainte-Anne, et le 15 avec un bal\u00e8ti. Des jeux pour enfants et une pi\u00e8ce \u00e0 partir de 21h30, sont au programme lundi, avant la grande soir\u00e9e de mardi avec la tourn\u00e9e de <i>La<\/i><i>\u00a0<\/i><i>Marseillaise<\/i> \u00e0 partir de 20h30. Des f\u00eates votives qui confirment une nouvelle fois leur succ\u00e8s et continuent d\u2019animer le village.<\/p>\n<\/p><\/div>\n","protected":false},"excerpt":{"rendered":"Chaque soir&eacute;e rassemble plusieurs centaines d&rsquo;habitants et de visiteurs autour de rendez-vous qui perp&eacute;tuent les traditions rovenaines.Les festivit&eacute;s ont &eacute;t&eacute; lanc&eacute;es en beaut&eacute; d&egrave;s le &#8230;","protected":false},"author":1,"featured_media":36865,"comment_status":"open","ping_status":"open","sticky":false,"template":"","format":"standard","meta":{"footnotes":""},"categories":[20],"tags":[1277,10,400,57,1138,466,3649,2371,1654,1749],"news-destination":[],"news-source":[475],"is_homepage":[],"ta_other":[],"class_list":["post-36864","post","type-post","status-publish","format-standard","has-post-thumbnail","hentry","category-societe","tag-animations","tag-bouches-du-rhone","tag-concerts","tag-enfants","tag-festivites","tag-fete","tag-fetes-votives","tag-jeux","tag-le-rove","tag-tradition","news-source-website"],"_links":{"self":[{"href":"https:\/\/euapp01.newsmemory.com\/lamarseillaise\/news\/wp-json\/wp\/v2\/posts\/36864","targetHints":{"allow":["GET"]}}],"collection":[{"href":"https:\/\/euapp01.newsmemory.com\/lamarseillaise\/news\/wp-json\/wp\/v2\/posts"}],"about":[{"href":"https:\/\/euapp01.newsmemory.com\/lamarseillaise\/news\/wp-json\/wp\/v2\/types\/post"}],"author":[{"embeddable":true,"href":"https:\/\/euapp01.newsmemory.com\/lamarseillaise\/news\/wp-json\/wp\/v2\/users\/1"}],"replies":[{"embeddable":true,"href":"https:\/\/euapp01.newsmemory.com\/lamarseillaise\/news\/wp-json\/wp\/v2\/comments?post=36864"}],"version-history":[{"count":1,"href":"https:\/\/euapp01.newsmemory.com\/lamarseillaise\/news\/wp-json\/wp\/v2\/posts\/36864\/revisions"}],"predecessor-version":[{"id":36866,"href":"https:\/\/euapp01.newsmemory.com\/lamarseillaise\/news\/wp-json\/wp\/v2\/posts\/36864\/revisions\/36866"}],"wp:featuredmedia":[{"embeddable":true,"href":"https:\/\/euapp01.newsmemory.com\/lamarseillaise\/news\/wp-json\/wp\/v2\/media\/36865"}],"wp:attachment":[{"href":"https:\/\/euapp01.newsmemory.com\/lamarseillaise\/news\/wp-json\/wp\/v2\/media?parent=36864"}],"wp:term":[{"taxonomy":"category","embeddable":true,"href":"https:\/\/euapp01.newsmemory.com\/lamarseillaise\/news\/wp-json\/wp\/v2\/categories?post=36864"},{"taxonomy":"post_tag","embeddable":true,"href":"https:\/\/euapp01.newsmemory.com\/lamarseillaise\/news\/wp-json\/wp\/v2\/tags?post=36864"},{"taxonomy":"news-destination","embeddable":true,"href":"https:\/\/euapp01.newsmemory.com\/lamarseillaise\/news\/wp-json\/wp\/v2\/news-destination?post=36864"},{"taxonomy":"news-source","embeddable":true,"href":"https:\/\/euapp01.newsmemory.com\/lamarseillaise\/news\/wp-json\/wp\/v2\/news-source?post=36864"},{"taxonomy":"is_homepage","embeddable":true,"href":"https:\/\/euapp01.newsmemory.com\/lamarseillaise\/news\/wp-json\/wp\/v2\/is_homepage?post=36864"},{"taxonomy":"ta_other","embeddable":true,"href":"https:\/\/euapp01.newsmemory.com\/lamarseillaise\/news\/wp-json\/wp\/v2\/ta_other?post=36864"}],"curies":[{"name":"wp","href":"https:\/\/api.w.org\/{rel}","templated":true}]}}