{"id":36861,"date":"2026-07-20T08:12:00","date_gmt":"2026-07-20T06:12:00","guid":{"rendered":"https:\/\/euapp01.newsmemory.com\/lamarseillaise\/news\/?p=36861"},"modified":"2026-07-20T10:03:21","modified_gmt":"2026-07-20T08:03:21","slug":"a-aix-les-derniers-messages-dalain-chouraqui-pour-la-democratie","status":"publish","type":"post","link":"https:\/\/euapp01.newsmemory.com\/lamarseillaise\/news\/2026\/07\/20\/a-aix-les-derniers-messages-dalain-chouraqui-pour-la-democratie\/","title":{"rendered":"\u00c0 Aix, les derniers messages d\u2019Alain Chouraqui pour la d\u00e9mocratie"},"content":{"rendered":"<div class=\"paragraph\">\n<p>Au pied du Wagon du souvenir, juste en face du Camp des Milles o\u00f9 des milliers de juifs ont \u00e9t\u00e9 intern\u00e9s, dont une centaine d\u2019enfants, avant d\u2019\u00eatre d\u00e9port\u00e9s, officiels, repr\u00e9sentants de la justice, \u00e9lus et repr\u00e9sentants d\u2019associations, se sont rassembl\u00e9s pour se souvenir des victimes des crimes racistes et antis\u00e9mites, mais aussi des r\u00e9sistants \u00ab\u00a0<i>ordinaires<\/i>\u00a0\u00bb<i>,<\/i> d\u00e9nomm\u00e9s Justes parmi les Nations. Dix-huit, ont \u00e9t\u00e9 identifi\u00e9s comme ayant \u0153uvr\u00e9 en faveur des intern\u00e9s du Camp des Milles. Ce soir, c\u2019est aussi la derni\u00e8re c\u00e9r\u00e9monie officielle \u00e0 laquelle Alain Chouraqui assiste en tant que Pr\u00e9sident de la Fondation du Camp des Milles, dont il est fondateur. Ce dernier, a annonc\u00e9 quitter la pr\u00e9sidence le mois dernier, quelque temps apr\u00e8s avoir engag\u00e9 les d\u00e9marches pour inscrire le site au patrimoine mondial de l\u2019Unesco.<i> <\/i>\u00ab<i>\u00a0<\/i><i>C\u2019est un moment particulier entre moi et la Fondation, <\/i>confiait en amont de la c\u00e9r\u00e9monie Alain Chouraqui. <i>Il me semble que c\u2019est le moment de rassembler, de mettre en avant les le\u00e7ons de l\u2019Histoire que nous avons fait \u00e9merger dans notre travail de recherche.<\/i><i>\u00a0<\/i>\u00bb Avant de les d\u00e9velopper, de revenir sur le travail de la Fondation, initiateur, Alain Chouraqui a d\u2019abord exprim\u00e9 son<i> <\/i>\u00ab\u00a0<i>d\u00e9go\u00fbt<\/i><i>\u00a0<\/i>\u00bb apr\u00e8s avoir appris, ce m\u00eame jour, \u00ab<i>\u00a0<\/i><i>qu\u2019\u00e0 Paris a \u00e9t\u00e9 bris\u00e9e la plaque en hommage \u00e0 trois Justes parmi les Nations qui sauv\u00e8rent un enfant juif<\/i><i>\u00a0<\/i>\u00bb.<i> <\/i>Avant de s\u2019atteler \u00e0 rappeler des points majeurs \u00ab<i>\u00a0<\/i><i>qui nous interpellent directement aujourd\u2019hui<\/i><i>\u00a0<\/i>\u00bb<i>.<\/i> En premier lieu, \u00ab\u00a0<i>la d\u00e9mocratie commence apr\u00e8s l\u2019\u00e9lection (&#8230;) l\u2019Histoire confirme qu\u2019une l\u00e9gitimit\u00e9 d\u00e9mocratique ne repose pas seulement sur le suffrage universel<\/i><i>\u00a0<\/i><i>: elle exige le respect absolu des droits, des libert\u00e9s, des minorit\u00e9s et des contre-pouvoirs<\/i><i>\u00a0<\/i>\u00bb<i>, rappelle-t-il.<\/i> Le fondateur de la Fondation a \u00e9galement rappel\u00e9 que \u00ab\u00a0<i>l\u2019engrenage vers le pire est nourri par tout extr\u00e9misme<\/i><i>\u00a0<\/i>\u00bb<i>, <\/i>mais aussi, et surtout, que<i> <\/i>\u00ab\u00a0<i>chacun peut r\u00e9sister \u00e0 sa mani\u00e8re (&#8230;) La passivit\u00e9, plus encore que l\u2019indiff\u00e9rence, est le principal facilitateur des pers\u00e9cutions<\/i>\u00a0\u00bb<i>. <\/i>La maire, Sophie Joissains, a rendu hommage au travail d\u2019Alain Chouraqui<br \/>\u00ab\u00a0<i>Il a voulu, avec une force immense faire en sorte que cette tuilerie, qui tombait en ruine \u00e0 l\u2019\u00e9poque et que tout le monde souhaita voir dispara\u00eetre &#8211; on n\u2019aime pas avoir un souvenir pareil non loin de chez soi &#8211; puisse devenir le m\u00e9morial qu\u2019il est aujourd\u2019hui<\/i><i>\u00a0<\/i>\u00bb<i>, <\/i>a rappel\u00e9 la premi\u00e8re magistrate.<\/p>\n<\/p><\/div>\n","protected":false},"excerpt":{"rendered":"Au pied du Wagon du souvenir, juste en face du Camp des Milles o&ugrave; des milliers de juifs ont &eacute;t&eacute; intern&eacute;s, dont une centaine d&rsquo;enfants, avant d&rsquo;&ecirc;tre d&eacute;port&eacute;s, officiels, repr&eacute;sentants &#8230;","protected":false},"author":1,"featured_media":36862,"comment_status":"open","ping_status":"open","sticky":false,"template":"","format":"standard","meta":{"footnotes":""},"categories":[20],"tags":[556,3245,138,10,2095,2346,622,618,57,280,200,920,1658,3808],"news-destination":[],"news-source":[475],"is_homepage":[],"ta_other":[],"class_list":["post-36861","post","type-post","status-publish","format-standard","has-post-thumbnail","hentry","category-societe","tag-aix-en-provence","tag-alain-chouraqui","tag-associations","tag-bouches-du-rhone","tag-camp-des-milles","tag-ceremonie","tag-democratie","tag-devoir-de-memoire","tag-enfants","tag-histoire","tag-justice","tag-memoire","tag-sophie-joissains","tag-unesco","news-source-website"],"_links":{"self":[{"href":"https:\/\/euapp01.newsmemory.com\/lamarseillaise\/news\/wp-json\/wp\/v2\/posts\/36861","targetHints":{"allow":["GET"]}}],"collection":[{"href":"https:\/\/euapp01.newsmemory.com\/lamarseillaise\/news\/wp-json\/wp\/v2\/posts"}],"about":[{"href":"https:\/\/euapp01.newsmemory.com\/lamarseillaise\/news\/wp-json\/wp\/v2\/types\/post"}],"author":[{"embeddable":true,"href":"https:\/\/euapp01.newsmemory.com\/lamarseillaise\/news\/wp-json\/wp\/v2\/users\/1"}],"replies":[{"embeddable":true,"href":"https:\/\/euapp01.newsmemory.com\/lamarseillaise\/news\/wp-json\/wp\/v2\/comments?post=36861"}],"version-history":[{"count":1,"href":"https:\/\/euapp01.newsmemory.com\/lamarseillaise\/news\/wp-json\/wp\/v2\/posts\/36861\/revisions"}],"predecessor-version":[{"id":36863,"href":"https:\/\/euapp01.newsmemory.com\/lamarseillaise\/news\/wp-json\/wp\/v2\/posts\/36861\/revisions\/36863"}],"wp:featuredmedia":[{"embeddable":true,"href":"https:\/\/euapp01.newsmemory.com\/lamarseillaise\/news\/wp-json\/wp\/v2\/media\/36862"}],"wp:attachment":[{"href":"https:\/\/euapp01.newsmemory.com\/lamarseillaise\/news\/wp-json\/wp\/v2\/media?parent=36861"}],"wp:term":[{"taxonomy":"category","embeddable":true,"href":"https:\/\/euapp01.newsmemory.com\/lamarseillaise\/news\/wp-json\/wp\/v2\/categories?post=36861"},{"taxonomy":"post_tag","embeddable":true,"href":"https:\/\/euapp01.newsmemory.com\/lamarseillaise\/news\/wp-json\/wp\/v2\/tags?post=36861"},{"taxonomy":"news-destination","embeddable":true,"href":"https:\/\/euapp01.newsmemory.com\/lamarseillaise\/news\/wp-json\/wp\/v2\/news-destination?post=36861"},{"taxonomy":"news-source","embeddable":true,"href":"https:\/\/euapp01.newsmemory.com\/lamarseillaise\/news\/wp-json\/wp\/v2\/news-source?post=36861"},{"taxonomy":"is_homepage","embeddable":true,"href":"https:\/\/euapp01.newsmemory.com\/lamarseillaise\/news\/wp-json\/wp\/v2\/is_homepage?post=36861"},{"taxonomy":"ta_other","embeddable":true,"href":"https:\/\/euapp01.newsmemory.com\/lamarseillaise\/news\/wp-json\/wp\/v2\/ta_other?post=36861"}],"curies":[{"name":"wp","href":"https:\/\/api.w.org\/{rel}","templated":true}]}}