{"id":36852,"date":"2026-07-20T08:18:00","date_gmt":"2026-07-20T06:18:00","guid":{"rendered":"https:\/\/euapp01.newsmemory.com\/lamarseillaise\/news\/?p=36852"},"modified":"2026-07-25T14:20:19","modified_gmt":"2026-07-25T12:20:19","slug":"un-changement-de-dates-du-festival-davignon-sur-la-table","status":"publish","type":"post","link":"https:\/\/euapp01.newsmemory.com\/lamarseillaise\/news\/2026\/07\/20\/un-changement-de-dates-du-festival-davignon-sur-la-table\/","title":{"rendered":"Un changement de dates du festival d\u2019Avignon sur la table"},"content":{"rendered":"<div class=\"paragraph\">\n<p>\u00ab <i>P<\/i><i>eut-\u00eatre qu\u2019un jour, on envisagera de faire le festival d\u2019Avignon \u00e0 P\u00e2ques ou \u00e0 la Toussaint<\/i>\u00a0\u00bb, s\u2019est risqu\u00e9e la ministre de la Culture, Catherine P\u00e9gard lors de sa venue \u00e0 l\u2019ouverture il y a deux semaines. Une \u00e9ventualit\u00e9 assez lointaine, alors que le festival s\u2019est d\u00e9j\u00e0 dot\u00e9 d\u2019un protocole canicule important, avec un travail de nuit pour les techniciens et la multiplication de points d\u2019eaux et d\u2019ombres.<\/p>\n<\/p><\/div>\n<div class=\"intext\"> Un rendez-vous<br \/>\n               <br \/>\u00ab\u00a0des cong\u00e9s pay\u00e9s\u00a0\u00bb\n              <\/div>\n<div class=\"paragraph\">\n<p>Jeudi dernier, lors d\u2019un \u00e9change en amont des <span class=\"mln_uppercase_mln\">\u00e9<\/span>tats g\u00e9n\u00e9raux de la culture, Tiago Rodrigues a repos\u00e9 les conditions d\u2019un tel bouleversement dont on comprend, en creux, qu\u2019il n\u2019est pas fan\u00a0: \u00ab\u00a0<i>Ce n\u2019est pas un festival d\u2019\u00e9t\u00e9 mais un festival de cong\u00e9s pay\u00e9s et de vacances scolaires qui r\u00e9pond aux enjeux de d\u00e9centralisation<\/i>, mart\u00e8le le directeur du festival d\u2019Avignon. <i>Il commence le premier jour des vacances pour proposer une aventure culturelle inou\u00efe qui n\u2019est pas possible le reste de l\u2019ann\u00e9e<\/i><i>\u00a0<\/i>\u00bb, rappelle-t-il sur le fond.<\/p>\n<p>Autrement dit, s\u2019il faut changer les dates du festival c\u2019est \u00e0 condition de faire \u00e9voluer en m\u00eame temps le calendrier des grandes vacances. \u00ab\u00a0<i><span class=\"mln_uppercase_mln\">\u00e0<\/span><\/i><i> partir du moment o\u00f9 le code g\u00e9n\u00e9tique du festival est respect\u00e9 et que l\u2019on change les cong\u00e9s d\u2019\u00e9t\u00e9, oui, sinon cela ne se fera pas avec la m\u00eame direction<\/i>\u00a0\u00bb, pr\u00e9vient Tiago Rodrigues. L\u2019artiste portugais dirige le festival depuis 2022 et a \u00e9t\u00e9 reconduit, fin septembre, dans ses fonctions jusqu\u2019en 2030.<\/p>\n<\/p><\/div>\n","protected":false},"excerpt":{"rendered":"&laquo; Peut-&ecirc;tre qu&rsquo;un jour, on envisagera de faire le festival d&rsquo;Avignon &agrave; P&acirc;ques ou &agrave; la Toussaint&nbsp;&raquo;, s&rsquo;est risqu&eacute;e la ministre de la Culture, Catherine P&eacute;gard lors de sa venue &#8230;","protected":false},"author":1,"featured_media":36853,"comment_status":"open","ping_status":"open","sticky":false,"template":"","format":"standard","meta":{"footnotes":""},"categories":[3926,3925,32,20],"tags":[174,372,336,497,5255,1361,2874,171],"news-destination":[3944],"news-source":[475],"is_homepage":[],"ta_other":[],"class_list":["post-36852","post","type-post","status-publish","format-standard","has-post-thumbnail","hentry","category-accueil-merge","category-accueil-third","category-culture","category-societe","tag-avignon","tag-canicule","tag-ete","tag-ministre","tag-tiago-rodrigues","tag-vacances","tag-vacances-scolaires","tag-vaucluse","news-destination-homepage","news-source-website"],"_links":{"self":[{"href":"https:\/\/euapp01.newsmemory.com\/lamarseillaise\/news\/wp-json\/wp\/v2\/posts\/36852","targetHints":{"allow":["GET"]}}],"collection":[{"href":"https:\/\/euapp01.newsmemory.com\/lamarseillaise\/news\/wp-json\/wp\/v2\/posts"}],"about":[{"href":"https:\/\/euapp01.newsmemory.com\/lamarseillaise\/news\/wp-json\/wp\/v2\/types\/post"}],"author":[{"embeddable":true,"href":"https:\/\/euapp01.newsmemory.com\/lamarseillaise\/news\/wp-json\/wp\/v2\/users\/1"}],"replies":[{"embeddable":true,"href":"https:\/\/euapp01.newsmemory.com\/lamarseillaise\/news\/wp-json\/wp\/v2\/comments?post=36852"}],"version-history":[{"count":1,"href":"https:\/\/euapp01.newsmemory.com\/lamarseillaise\/news\/wp-json\/wp\/v2\/posts\/36852\/revisions"}],"predecessor-version":[{"id":36854,"href":"https:\/\/euapp01.newsmemory.com\/lamarseillaise\/news\/wp-json\/wp\/v2\/posts\/36852\/revisions\/36854"}],"wp:featuredmedia":[{"embeddable":true,"href":"https:\/\/euapp01.newsmemory.com\/lamarseillaise\/news\/wp-json\/wp\/v2\/media\/36853"}],"wp:attachment":[{"href":"https:\/\/euapp01.newsmemory.com\/lamarseillaise\/news\/wp-json\/wp\/v2\/media?parent=36852"}],"wp:term":[{"taxonomy":"category","embeddable":true,"href":"https:\/\/euapp01.newsmemory.com\/lamarseillaise\/news\/wp-json\/wp\/v2\/categories?post=36852"},{"taxonomy":"post_tag","embeddable":true,"href":"https:\/\/euapp01.newsmemory.com\/lamarseillaise\/news\/wp-json\/wp\/v2\/tags?post=36852"},{"taxonomy":"news-destination","embeddable":true,"href":"https:\/\/euapp01.newsmemory.com\/lamarseillaise\/news\/wp-json\/wp\/v2\/news-destination?post=36852"},{"taxonomy":"news-source","embeddable":true,"href":"https:\/\/euapp01.newsmemory.com\/lamarseillaise\/news\/wp-json\/wp\/v2\/news-source?post=36852"},{"taxonomy":"is_homepage","embeddable":true,"href":"https:\/\/euapp01.newsmemory.com\/lamarseillaise\/news\/wp-json\/wp\/v2\/is_homepage?post=36852"},{"taxonomy":"ta_other","embeddable":true,"href":"https:\/\/euapp01.newsmemory.com\/lamarseillaise\/news\/wp-json\/wp\/v2\/ta_other?post=36852"}],"curies":[{"name":"wp","href":"https:\/\/api.w.org\/{rel}","templated":true}]}}