{"id":36849,"date":"2026-07-20T08:20:00","date_gmt":"2026-07-20T06:20:00","guid":{"rendered":"https:\/\/euapp01.newsmemory.com\/lamarseillaise\/news\/?p=36849"},"modified":"2026-07-25T16:43:39","modified_gmt":"2026-07-25T14:43:39","slug":"sillans-la-cascade-de-nouvelles-elections-en-aout-a-cause-dirregularites-sur-les-bulletins-de-vote","status":"publish","type":"post","link":"https:\/\/euapp01.newsmemory.com\/lamarseillaise\/news\/2026\/07\/20\/sillans-la-cascade-de-nouvelles-elections-en-aout-a-cause-dirregularites-sur-les-bulletins-de-vote\/","title":{"rendered":"Sillans-la-Cascade : de nouvelles \u00e9lections en ao\u00fbt \u00e0 cause d\u2019irr\u00e9gularit\u00e9s sur les bulletins de vote"},"content":{"rendered":"<div class=\"paragraph\">\n<p>Situ\u00e9 en lisi\u00e8re du Parc Naturel du Verdon, le village de Sillans-la-Cascade comptant un millier d\u2019habitants est plus habitu\u00e9 \u00e0 faire parler de lui pour la beaut\u00e9 de sa chute d\u2019eau, qui draine chaque \u00e9t\u00e9 un flux de pr\u00e8s de 100\u00a0000\u00a0visiteurs parfois difficile \u00e0 contenir, qu\u2019\u00e0 d\u00e9frayer la chronique \u00e9lectorale. Les scrutins des \u00e9lections municipales ont bien souvent des airs de formalit\u00e9, avec une seule liste pr\u00e9sente. Mais cette ann\u00e9e, la liste (SE) \u00ab\u00a0Sillans Ensemble\u00a0!\u00a0\u00bb conduite par Christine Apostolo est venue concurrencer celle (\u00e9galement sans \u00e9tiquette) du maire sortant Christophe Carri\u00e8re, \u00ab\u00a0Sillans toujours \u00e0 c\u0153ur\u00a0\u00bb.<\/p>\n<p>Ce dernier, r\u00e9\u00e9lu avec 58,79\u00a0% des voix, pensait repartir pour un nouveau mandat. Mais un recours, a priori d\u00e9pos\u00e9 par un \u00e9lecteur de la liste d\u2019opposition devant le Tribunal Administratif de Toulon, a chang\u00e9 la donne. En cause, une irr\u00e9gularit\u00e9 sur les bulletins de vote de la liste r\u00e9\u00e9lue, sur laquelle n\u2019\u00e9taient pas pr\u00e9cis\u00e9es les nationalit\u00e9s de deux colistiers ressortissants de l\u2019Union Europ\u00e9enne\u00a0: Marc Vanden Borre, 3<sup>e<\/sup> de liste, de nationalit\u00e9 belge, et Luis Mariano, 9<sup>e<\/sup>, de nationalit\u00e9 portugaise.<\/p>\n<p>Des omissions qui semblent anecdotiques mais qui, \u00e0 l\u2019arriv\u00e9e, co\u00fbtent cher\u00a0: le Tribunal Administratif a plaid\u00e9 en faveur du recours et invalid\u00e9 l\u2019\u00e9lection. En cons\u00e9quence, depuis le 18\u00a0juin, c\u2019est une d\u00e9l\u00e9gation sp\u00e9ciale d\u00e9sign\u00e9e par la pr\u00e9fecture qui assure provisoirement l\u2019administration de la commune, en attente d\u2019un nouveau scrutin qui se tiendra le 30\u00a0ao\u00fbt (premier tour), et le 6\u00a0septembre en cas de second tour.<\/p>\n<\/p><\/div>\n<div class=\"intext\"> Menace de plainte<br \/>\n               <br \/>pour diffamation\n              <\/div>\n<div class=\"paragraph\">\n<p>De quoi enflammer les d\u00e9bats entre les deux listes, d\u00e9j\u00e0 v\u00e9h\u00e9ments durant la campagne de mars, et diviser un village qui n\u2019avait jamais connu pareille agitation. Sur les r\u00e9seaux sociaux, les passes d\u2019armes ont repris de plus belle. Premi\u00e8re \u00e9tincelle\u00a0: une affiche de soutien d\u2019un collectif citoyen en faveur du maire sortant d\u00e9nonc\u00e9e par la liste de Christina Apostolo car r\u00e9alis\u00e9e \u00e0 l\u2019aide de l\u2019IA et pr\u00e9sentant une image d\u2019un village&#8230; qui n\u2019est manifestement pas Sillans-la-Cascade. \u00ab<i>\u00a0<\/i><i>L\u2019opposition joue (encore) aux d\u00e9tectives de pacotille&#8230; Quand on n\u2019a aucune proposition concr\u00e8te pour l\u2019avenir de Sillans-la-Cascade, on s\u2019occupe comme on peut<\/i>\u00a0\u00bb, a r\u00e9torqu\u00e9 Christophe Carri\u00e8re, invoquant des attaques \u00ab\u00a0<i>de tous les c\u00f4t\u00e9s, y compris aupr\u00e8s des enfants des candidats ou des jeunes natifs de la commune. C\u2019est bas, c\u2019est m\u00e9chant, et c\u2019est totalement inacceptable<\/i><i>\u00a0<\/i>\u00bb.<\/p>\n<p>De quoi susciter l\u2019ire de \u00ab\u00a0Sillans ensemble\u00a0!\u00a0\u00bb\u00a0: \u00ab\u00a0<i>Le comit\u00e9 de soutien \u00e0 Christophe Carri\u00e8re met en avant cinq engagements \u201ccardinaux\u201d que m\u00eame lui ne respecte manifestement pas, en recourant \u00e0 la calomnie, au d\u00e9nigrement et \u00e0 la diffamation. Attention, les propos invent\u00e9s concernant la soi-disant attaque des enfants et des jeunes de Sillans sont de la diffamation caract\u00e9ris\u00e9e, punie par la loi. Contrairement \u00e0 ce qu\u2019affirme Christophe Carri\u00e8re, notre programme existe bel et bien, il a convaincu pr\u00e8s de 200<\/i><i>\u00a0<\/i><i>\u00e9lecteurs lors des derni\u00e8res \u00e9lections.<\/i>\u00a0\u00bb Le mois d\u2019ao\u00fbt promet d\u2019\u00eatre chaud, et pas seulement sur le thermom\u00e8tre.<\/p>\n<\/p><\/div>\n","protected":false},"excerpt":{"rendered":"Situ&eacute; en lisi&egrave;re du Parc Naturel du Verdon, le village de Sillans-la-Cascade comptant un millier d&rsquo;habitants est plus habitu&eacute; &agrave; faire parler de lui pour la beaut&eacute; de sa chute d&rsquo;eau, qui draine chaque &#8230;","protected":false},"author":1,"featured_media":36850,"comment_status":"open","ping_status":"open","sticky":false,"template":"","format":"standard","meta":{"footnotes":""},"categories":[3926,3925,330],"tags":[1628,649,3223,2669,5782,205,738,752,437,38,6123,790,31],"news-destination":[3944],"news-source":[475],"is_homepage":[],"ta_other":[],"class_list":["post-36849","post","type-post","status-publish","format-standard","has-post-thumbnail","hentry","category-accueil-merge","category-accueil-third","category-politique","tag-candidats","tag-collectif-citoyen","tag-comite-de-soutien","tag-electeurs","tag-election","tag-elections-municipales","tag-elections-municipales-2026","tag-maire","tag-municipales-2026","tag-programme","tag-sillans-la-cascade","tag-tribunal-administratif","tag-var","news-destination-homepage","news-source-website"],"_links":{"self":[{"href":"https:\/\/euapp01.newsmemory.com\/lamarseillaise\/news\/wp-json\/wp\/v2\/posts\/36849","targetHints":{"allow":["GET"]}}],"collection":[{"href":"https:\/\/euapp01.newsmemory.com\/lamarseillaise\/news\/wp-json\/wp\/v2\/posts"}],"about":[{"href":"https:\/\/euapp01.newsmemory.com\/lamarseillaise\/news\/wp-json\/wp\/v2\/types\/post"}],"author":[{"embeddable":true,"href":"https:\/\/euapp01.newsmemory.com\/lamarseillaise\/news\/wp-json\/wp\/v2\/users\/1"}],"replies":[{"embeddable":true,"href":"https:\/\/euapp01.newsmemory.com\/lamarseillaise\/news\/wp-json\/wp\/v2\/comments?post=36849"}],"version-history":[{"count":1,"href":"https:\/\/euapp01.newsmemory.com\/lamarseillaise\/news\/wp-json\/wp\/v2\/posts\/36849\/revisions"}],"predecessor-version":[{"id":36851,"href":"https:\/\/euapp01.newsmemory.com\/lamarseillaise\/news\/wp-json\/wp\/v2\/posts\/36849\/revisions\/36851"}],"wp:featuredmedia":[{"embeddable":true,"href":"https:\/\/euapp01.newsmemory.com\/lamarseillaise\/news\/wp-json\/wp\/v2\/media\/36850"}],"wp:attachment":[{"href":"https:\/\/euapp01.newsmemory.com\/lamarseillaise\/news\/wp-json\/wp\/v2\/media?parent=36849"}],"wp:term":[{"taxonomy":"category","embeddable":true,"href":"https:\/\/euapp01.newsmemory.com\/lamarseillaise\/news\/wp-json\/wp\/v2\/categories?post=36849"},{"taxonomy":"post_tag","embeddable":true,"href":"https:\/\/euapp01.newsmemory.com\/lamarseillaise\/news\/wp-json\/wp\/v2\/tags?post=36849"},{"taxonomy":"news-destination","embeddable":true,"href":"https:\/\/euapp01.newsmemory.com\/lamarseillaise\/news\/wp-json\/wp\/v2\/news-destination?post=36849"},{"taxonomy":"news-source","embeddable":true,"href":"https:\/\/euapp01.newsmemory.com\/lamarseillaise\/news\/wp-json\/wp\/v2\/news-source?post=36849"},{"taxonomy":"is_homepage","embeddable":true,"href":"https:\/\/euapp01.newsmemory.com\/lamarseillaise\/news\/wp-json\/wp\/v2\/is_homepage?post=36849"},{"taxonomy":"ta_other","embeddable":true,"href":"https:\/\/euapp01.newsmemory.com\/lamarseillaise\/news\/wp-json\/wp\/v2\/ta_other?post=36849"}],"curies":[{"name":"wp","href":"https:\/\/api.w.org\/{rel}","templated":true}]}}