{"id":36843,"date":"2026-07-20T07:58:00","date_gmt":"2026-07-20T05:58:00","guid":{"rendered":"https:\/\/euapp01.newsmemory.com\/lamarseillaise\/news\/?p=36843"},"modified":"2026-07-20T10:03:21","modified_gmt":"2026-07-20T08:03:21","slug":"cest-lete-la-palette-de-cezanne-inspire-les-musiciens-a-aix","status":"publish","type":"post","link":"https:\/\/euapp01.newsmemory.com\/lamarseillaise\/news\/2026\/07\/20\/cest-lete-la-palette-de-cezanne-inspire-les-musiciens-a-aix\/","title":{"rendered":"[C\u2019est l\u2019\u00e9t\u00e9] La palette de C\u00e9zanne inspire les musiciens \u00e0 Aix"},"content":{"rendered":"<div class=\"paragraph\">\n<p>Au long des 5\u00a0km qui relient Aix \u00e0 la Sainte Victoire, la route C\u00e9zanne laisse entrevoir certaines des inspirations de ce peintre et p\u00e8re de l\u2019art moderne. Pass\u00e9 \u00e0 la post\u00e9rit\u00e9 sous ses coups de pinceau, le Domaine Saint-Joseph accueillera mercredi le concert d\u2019ouverture des Musicales de la route C\u00e9zanne. Les pianistes Christophe Bukudjian et Josquin Otal \u00e0 la man\u0153uvre, le <i>Sacre du printemps<\/i> compos\u00e9 en 1913 par Igor Stravinsky y r\u00e9sonnera, avant la transcription pour deux pianos de <i>La valse<\/i> de Maurice Ravel et les <i>Suites pour deux pianos<\/i> de Rachmaninov.<\/p>\n<\/p><\/div>\n<div class=\"intext\"> Hommages \u00e0 Satie et Judy\n              <\/div>\n<div class=\"paragraph\">\n<p>Jusqu\u2019au 27\u00a0juillet, les Musicales de la route C\u00e9zanne proposent des \u00ab\u00a0<i>concerts au lever du jour<\/i>\u00a0\u00bb comme cela sera le cas jeudi \u00e0 8h30 avec \u00ab<i>\u00a0<\/i><i>deux pianistes qui donnent vie \u00e0<\/i> L\u2019histoire de Babar<i> de Poulenc<\/i><i>\u00a0<\/i>\u00bb ainsi qu\u2019au <i>Casse-Noisette<\/i> de Tcha\u00efkovsky, et \u00ab\u00a0<i>des grandes soir\u00e9es en plein air<\/i>\u00a0\u00bb. Parmi celles-ci, <i>The last moon<\/i>, \u00ab\u00a0<i>cr\u00e9ation mondial<\/i>e\u00a0\u00bb confi\u00e9e \u00e0 l\u2019accord\u00e9oniste et compositeur Vincent Peirani, le 23\u00a0juillet, ou le Trio George Sand, le lendemain au Mus\u00e9e Granet, pour \u00ab\u00a0<i>un voyage au c\u0153ur du XIX<\/i><i><sup>e<\/sup><\/i><i> si\u00e8cle, entre musique, peinture et litt\u00e9rature<\/i>\u00a0\u00bb. Le Ch\u00e2teau du Tholonet accueillera, lui, les trois derni\u00e8res soir\u00e9es du festival\u00a0: un programme \u00ab\u00a0<i>de Vivaldi \u00e0 Piazzolla<\/i>\u00a0\u00bb, un hommage de la soprano Julie Fuchs \u00e0 Erik Satie et un concert du Amazing Keystone big band, accompagn\u00e9 de la chanteuse Ne\u00efma Naouri, qui \u00ab<i>\u00a0<\/i><i>retrace la vie \u00e9clatante de Judy Garland<\/i>\u00a0\u00bb.<\/p>\n<\/p><\/div>\n","protected":false},"excerpt":{"rendered":"Au long des 5&nbsp;km qui relient Aix &agrave; la Sainte Victoire, la route C&eacute;zanne laisse entrevoir certaines des inspirations de ce peintre et p&egrave;re de l&rsquo;art moderne. Pass&eacute; &agrave; la post&eacute;rit&eacute; sous ses &#8230;","protected":false},"author":1,"featured_media":36844,"comment_status":"open","ping_status":"open","sticky":false,"template":"","format":"standard","meta":{"footnotes":""},"categories":[32],"tags":[556,10,6085,34,329,325,1295,38],"news-destination":[],"news-source":[475],"is_homepage":[],"ta_other":[],"class_list":["post-36843","post","type-post","status-publish","format-standard","has-post-thumbnail","hentry","category-culture","tag-aix-en-provence","tag-bouches-du-rhone","tag-cest-lete","tag-concert","tag-festival","tag-musique","tag-paul-cezanne","tag-programme","news-source-website"],"_links":{"self":[{"href":"https:\/\/euapp01.newsmemory.com\/lamarseillaise\/news\/wp-json\/wp\/v2\/posts\/36843","targetHints":{"allow":["GET"]}}],"collection":[{"href":"https:\/\/euapp01.newsmemory.com\/lamarseillaise\/news\/wp-json\/wp\/v2\/posts"}],"about":[{"href":"https:\/\/euapp01.newsmemory.com\/lamarseillaise\/news\/wp-json\/wp\/v2\/types\/post"}],"author":[{"embeddable":true,"href":"https:\/\/euapp01.newsmemory.com\/lamarseillaise\/news\/wp-json\/wp\/v2\/users\/1"}],"replies":[{"embeddable":true,"href":"https:\/\/euapp01.newsmemory.com\/lamarseillaise\/news\/wp-json\/wp\/v2\/comments?post=36843"}],"version-history":[{"count":1,"href":"https:\/\/euapp01.newsmemory.com\/lamarseillaise\/news\/wp-json\/wp\/v2\/posts\/36843\/revisions"}],"predecessor-version":[{"id":36845,"href":"https:\/\/euapp01.newsmemory.com\/lamarseillaise\/news\/wp-json\/wp\/v2\/posts\/36843\/revisions\/36845"}],"wp:featuredmedia":[{"embeddable":true,"href":"https:\/\/euapp01.newsmemory.com\/lamarseillaise\/news\/wp-json\/wp\/v2\/media\/36844"}],"wp:attachment":[{"href":"https:\/\/euapp01.newsmemory.com\/lamarseillaise\/news\/wp-json\/wp\/v2\/media?parent=36843"}],"wp:term":[{"taxonomy":"category","embeddable":true,"href":"https:\/\/euapp01.newsmemory.com\/lamarseillaise\/news\/wp-json\/wp\/v2\/categories?post=36843"},{"taxonomy":"post_tag","embeddable":true,"href":"https:\/\/euapp01.newsmemory.com\/lamarseillaise\/news\/wp-json\/wp\/v2\/tags?post=36843"},{"taxonomy":"news-destination","embeddable":true,"href":"https:\/\/euapp01.newsmemory.com\/lamarseillaise\/news\/wp-json\/wp\/v2\/news-destination?post=36843"},{"taxonomy":"news-source","embeddable":true,"href":"https:\/\/euapp01.newsmemory.com\/lamarseillaise\/news\/wp-json\/wp\/v2\/news-source?post=36843"},{"taxonomy":"is_homepage","embeddable":true,"href":"https:\/\/euapp01.newsmemory.com\/lamarseillaise\/news\/wp-json\/wp\/v2\/is_homepage?post=36843"},{"taxonomy":"ta_other","embeddable":true,"href":"https:\/\/euapp01.newsmemory.com\/lamarseillaise\/news\/wp-json\/wp\/v2\/ta_other?post=36843"}],"curies":[{"name":"wp","href":"https:\/\/api.w.org\/{rel}","templated":true}]}}