{"id":36840,"date":"2026-07-20T08:00:00","date_gmt":"2026-07-20T06:00:00","guid":{"rendered":"https:\/\/euapp01.newsmemory.com\/lamarseillaise\/news\/?p=36840"},"modified":"2026-07-25T12:34:35","modified_gmt":"2026-07-25T10:34:35","slug":"cest-lete-a-istres-la-rame-traditionnelle-se-decouvre-sur-lolivier","status":"publish","type":"post","link":"https:\/\/euapp01.newsmemory.com\/lamarseillaise\/news\/2026\/07\/20\/cest-lete-a-istres-la-rame-traditionnelle-se-decouvre-sur-lolivier\/","title":{"rendered":"[C\u2019est l\u2019\u00e9t\u00e9] \u00c0 Istres, la rame traditionnelle se d\u00e9couvre sur l\u2019Olivier"},"content":{"rendered":"<div class=\"paragraph\">\n<p>Depuis cinq ans, l\u2019office de tourisme d\u2019Istres et l\u2019association des rameurs de l\u2019Olivier proposent, chaque \u00e9t\u00e9, une initiation \u00e0 la rame traditionnelle.<i> <\/i>\u00ab\u00a0<i>L\u2019id\u00e9e est n\u00e9e d\u2019une volont\u00e9 commune entre l\u2019office de tourisme et l\u2019association des rameurs de l\u2019Olivier de proposer une activit\u00e9 traditionnelle, de chez nous<\/i>\u00a0\u00bb, explique l\u2019office de tourisme.<\/p>\n<\/p><\/div>\n<div class=\"intext\"> \u00ab\u00a0Une vraie balade immersive et apprenante\u00a0\u00bb\n              <\/div>\n<div class=\"paragraph\">\n<p>Tous les lundis, comme ce 20\u00a0juillet, de 18h30 \u00e0 19h30, les participants embarquent pour une sortie comment\u00e9e sur l\u2019embl\u00e9matique \u00e9tang de l\u2019Olivier, vaste de 220\u00a0hectares en plein c\u0153ur de la ville.<\/p>\n<p>R\u00e9partis sur deux embarcations de six places, ils s\u2019initient aux gestes de la rame traditionnelle sous les conseils des membres de l\u2019association. \u00ab\u00a0<i>On leur donne les techniques, donc c\u2019est une vraie balade immersive et apprenante<\/i><i>\u00a0<\/i>\u00bb, souligne l\u2019organisation. La jauge est volontairement limit\u00e9e \u00ab\u00a0<i>pour permettre aux participants de bien profiter<\/i><i>\u00a0<\/i>\u00bb.<\/p>\n<p>Le d\u00e9part s\u2019effectue depuis le mini-port de l\u2019Olivier. L\u2019itin\u00e9raire longe l\u2019oppidum du Castellan, d\u2019o\u00f9 l\u2019on aper\u00e7oit le parc Dinosaur\u2019Istres, avant de rejoindre \u00ab\u00a0<i>le pourtour de l\u2019\u00e9tang, plus isol\u00e9 et arbor\u00e9<\/i><i>\u00a0<\/i>\u00bb.<\/p>\n<p>\u00ab<i>\u00a0<\/i><i>C\u2019est une belle balade sur l\u2019\u00e9tang de l\u2019Olivier pour faire d\u00e9couvrir nos paysages et la rame traditionnelle que peu connaissent<\/i><i>\u00a0<\/i>\u00bb, poursuit l\u2019office du tourisme.<\/p>\n<\/p><\/div>\n<div class=\"intext\"> Une activit\u00e9 ouverte \u00e0 tous\n              <\/div>\n<div class=\"paragraph\">\n<p>Locaux curieux de s\u2019initier ou touristes de passage, les profils des int\u00e9ress\u00e9s sont vari\u00e9s.<i> <\/i>\u00ab\u00a0<i>C\u2019est calme comme activit\u00e9, donc on a surtout des <\/i><i>familles<\/i><i>\u00a0<\/i>\u00bb<i>, <\/i>observe la direction. Les enfants peuvent embarquer s\u2019ils sont accompagn\u00e9s d\u2019un parent, mais seuls les plus de 16\u00a0ans sont autoris\u00e9s \u00e0 ramer.<\/p>\n<p>Les inscriptions se font soit directement en se rendant \u00e0 l\u2019office du tourisme d\u2019Istres, soit en r\u00e9servant son billet en ligne. Le tarif est fix\u00e9 \u00e0 3\u00a0euros par personne.<\/p>\n<p>Clara Gazel<\/p>\n<\/p><\/div>\n<div class=\"paragraph\">\n<p><i>Pour r\u00e9server en ligne<\/i><i>\u00a0<\/i><i>: <a rel=\"nofollow noopener noreferrer\" href=\"https:\/\/www.istres-tourisme.com\/\" target=\"_blank\">istres-tourisme.com<\/a><\/i><\/p>\n<\/p><\/div>\n","protected":false},"excerpt":{"rendered":"Depuis cinq ans, l&rsquo;office de tourisme d&rsquo;Istres et l&rsquo;association des rameurs de l&rsquo;Olivier proposent, chaque &eacute;t&eacute;, une initiation &agrave; la rame traditionnelle. &laquo;&nbsp;L&rsquo;id&eacute;e est n&eacute;e &#8230;","protected":false},"author":1,"featured_media":36841,"comment_status":"open","ping_status":"open","sticky":false,"template":"","format":"standard","meta":{"footnotes":""},"categories":[3926,3925,20],"tags":[1289,10,6085,760,806,534,1662,3420,347],"news-destination":[3944],"news-source":[475],"is_homepage":[],"ta_other":[],"class_list":["post-36840","post","type-post","status-publish","format-standard","has-post-thumbnail","hentry","category-accueil-merge","category-accueil-third","category-societe","tag-balade","tag-bouches-du-rhone","tag-cest-lete","tag-etangs","tag-inscriptions","tag-istres","tag-office-de-tourisme","tag-provencal","tag-tourisme","news-destination-homepage","news-source-website"],"_links":{"self":[{"href":"https:\/\/euapp01.newsmemory.com\/lamarseillaise\/news\/wp-json\/wp\/v2\/posts\/36840","targetHints":{"allow":["GET"]}}],"collection":[{"href":"https:\/\/euapp01.newsmemory.com\/lamarseillaise\/news\/wp-json\/wp\/v2\/posts"}],"about":[{"href":"https:\/\/euapp01.newsmemory.com\/lamarseillaise\/news\/wp-json\/wp\/v2\/types\/post"}],"author":[{"embeddable":true,"href":"https:\/\/euapp01.newsmemory.com\/lamarseillaise\/news\/wp-json\/wp\/v2\/users\/1"}],"replies":[{"embeddable":true,"href":"https:\/\/euapp01.newsmemory.com\/lamarseillaise\/news\/wp-json\/wp\/v2\/comments?post=36840"}],"version-history":[{"count":1,"href":"https:\/\/euapp01.newsmemory.com\/lamarseillaise\/news\/wp-json\/wp\/v2\/posts\/36840\/revisions"}],"predecessor-version":[{"id":36842,"href":"https:\/\/euapp01.newsmemory.com\/lamarseillaise\/news\/wp-json\/wp\/v2\/posts\/36840\/revisions\/36842"}],"wp:featuredmedia":[{"embeddable":true,"href":"https:\/\/euapp01.newsmemory.com\/lamarseillaise\/news\/wp-json\/wp\/v2\/media\/36841"}],"wp:attachment":[{"href":"https:\/\/euapp01.newsmemory.com\/lamarseillaise\/news\/wp-json\/wp\/v2\/media?parent=36840"}],"wp:term":[{"taxonomy":"category","embeddable":true,"href":"https:\/\/euapp01.newsmemory.com\/lamarseillaise\/news\/wp-json\/wp\/v2\/categories?post=36840"},{"taxonomy":"post_tag","embeddable":true,"href":"https:\/\/euapp01.newsmemory.com\/lamarseillaise\/news\/wp-json\/wp\/v2\/tags?post=36840"},{"taxonomy":"news-destination","embeddable":true,"href":"https:\/\/euapp01.newsmemory.com\/lamarseillaise\/news\/wp-json\/wp\/v2\/news-destination?post=36840"},{"taxonomy":"news-source","embeddable":true,"href":"https:\/\/euapp01.newsmemory.com\/lamarseillaise\/news\/wp-json\/wp\/v2\/news-source?post=36840"},{"taxonomy":"is_homepage","embeddable":true,"href":"https:\/\/euapp01.newsmemory.com\/lamarseillaise\/news\/wp-json\/wp\/v2\/is_homepage?post=36840"},{"taxonomy":"ta_other","embeddable":true,"href":"https:\/\/euapp01.newsmemory.com\/lamarseillaise\/news\/wp-json\/wp\/v2\/ta_other?post=36840"}],"curies":[{"name":"wp","href":"https:\/\/api.w.org\/{rel}","templated":true}]}}