{"id":36831,"date":"2026-07-20T07:46:00","date_gmt":"2026-07-20T05:46:00","guid":{"rendered":"https:\/\/euapp01.newsmemory.com\/lamarseillaise\/news\/?p=36831"},"modified":"2026-07-25T11:57:46","modified_gmt":"2026-07-25T09:57:46","slug":"le-pastoralisme-rempart-contre-les-incendies","status":"publish","type":"post","link":"https:\/\/euapp01.newsmemory.com\/lamarseillaise\/news\/2026\/07\/20\/le-pastoralisme-rempart-contre-les-incendies\/","title":{"rendered":"Le pastoralisme, rempart contre les incendies"},"content":{"rendered":"<div class=\"paragraph\">\n<p>\u00ab <i>E<\/i><i>n cinq ans seulement, j\u2019ai vu l\u2019herbe et la for\u00eat gagner en altitude<\/i>\u00a0\u00bb, constate Boris Emeriau, le regard inquiet. Berger depuis quinze ans, install\u00e9 depuis cinq \u00e0 Chamousse. Il garde depuis le d\u00e9but de l\u2019\u00e9t\u00e9 son cheptel de 200\u00a0brebis en estives sur la cr\u00eate du Lauzet, \u00e0 2\u00a0300\u00a0m d\u2019altitude sur la commune de Crots. Les milieux de montagne se r\u00e9chauffent plus vite, le changement climatique s\u2019y fait plus visible et Boris est aux premi\u00e8res loges. \u00ab\u00a0<i>Avant il y avait des s\u00e9cheresses tous les quarante ans, maintenant c\u2019est tous les deux ou trois ans et elles sont beaucoup plus longues et plus violentes<\/i><i>\u00a0<\/i>\u00bb, explique-t-il.<\/p>\n<p>En r\u00e9sulte une augmentation des feux de for\u00eats, plus nombreux et plus intenses, mais ils ne sont pas dus qu\u2019au seul r\u00e9chauffement climatique selon Boris.<i> <\/i>\u00ab\u00a0<i>Oui, les incendies sont l\u00e0 parce qu\u2019on a des canicules plus pr\u00e9coces, plus longues&#8230; Mais \u00e7a br\u00fble aussi pour d\u2019autres raisons,<\/i> avance-t-il. <i>Avant, les villages \u00e9taient regroup\u00e9s et autour il y avait des praires et cultures agricoles, \u00e7a faisait un espace d\u00e9gag\u00e9 autour des villages, ensuite l\u2019autre couronne autour c\u2019\u00e9taient les zones pastorales, entretenues par les troupeaux, qui faisaient que tout n\u2019\u00e9tait pas embroussaill\u00e9 comme maintenant. Et, encore plus loin, il y avait la for\u00eat. Les incendies \u00e9taient donc plus loin des habitations.<\/i><i>\u00a0<\/i>\u00bb<\/p>\n<\/p><\/div>\n<div class=\"intext\"> Refaire une place<br \/>\n               <br \/>aux troupeaux\n              <\/div>\n<div class=\"paragraph\">\n<p>La capacit\u00e9 des troupeaux \u00e0 \u00ab\u00a0nettoyer\u00a0\u00bb les espaces forestiers a d\u00e9j\u00e0 \u00e9t\u00e9 reconnue par les pouvoirs publics. En d\u00e9cembre\u00a02024, le Cerpam (Centre d\u2019\u00c9tudes et de R\u00e9alisations Pastorales Alpes-M\u00e9diterran\u00e9e) recensait 160\u00a0\u00e9leveurs qui faisaient p\u00e2turer leurs troupeaux sur des ouvrages DFCI (D\u00e9fense de la For\u00eat contre les Incendies). Mais, pour g\u00e9n\u00e9raliser cette solution, restent \u00e0 faire de la place au pastoralisme, \u00e9touff\u00e9 par la rar\u00e9faction des parcelles disponibles. \u00ab\u00a0<i>Plus que jamais, mettre des \u00e9levages dans les campagnes \u00e7a permettrait de g\u00e9rer les incendies en r\u00e9duisant le combustible, m\u00eame si ce n\u2019est pas la seule mani\u00e8re bien s\u00fbr,<\/i> affirme-t-il. <i>Mais, pour \u00e7a, il faut installer des gens dans les campagnes, il faut savoir ce qu\u2019on veut pour nos campagnes, des maisons secondaires ou des gens qui vivent vraiment sur place<\/i><i>\u00a0<\/i><i>?<\/i><i>\u00a0<\/i>\u00bb<i> <\/i>Le manque de foncier, pour les petits agriculteurs comme les bergers est le nerf de la guerre.<\/p>\n<p>\u00ab\u00a0<i>On voit qu\u2019on a quand m\u00eame un foncier qui est accapar\u00e9 par quelques tr\u00e8s grosses fermes et un foncier pastoral donc des landes, des sous-bois, qui est extr\u00eamement morcel\u00e9 avec beaucoup de propri\u00e9taires priv\u00e9s diff\u00e9rents dont, soit on arrive pas \u00e0 retrouver la trace, soit qui veulent pas nous faire de papiers pour \u00eatre l\u00e9galement chez eux,<\/i> regrette Boris. <i>Beaucoup de jeunes aimeraient s\u2019installer mais sont d\u00e9courag\u00e9s par ce manque de foncier et le prix de la terre, avec le pullulement des maisons secondaires, le prix du foncier est compl\u00e8tement d\u00e9corr\u00e9l\u00e9 de la valeur de la production qu\u2019on peut en tirer.<\/i><i>\u00a0<\/i>\u00bb<i> <\/i>Il existe des outils l\u00e9gaux comme les associations fonci\u00e8res pastorales qui permettent \u00e0 plusieurs propri\u00e9taires de parcelles de g\u00e9rer collectivement un p\u00e9rim\u00e8tre agropastoral et\/ou forestier. Pour les \u00e9leveurs, cela ouvre des espaces de p\u00e2turage sans devoir obtenir l\u2019accord de chaque propri\u00e9taire.<i> <\/i>\u00ab\u00a0<i>C\u2019est une op\u00e9ration complexe, qui demande la venue d\u2019un commissaire public et l\u2019aval du pr\u00e9fet mais si l\u2019on g\u00e9n\u00e9ralise \u00e7a, lorsque des jeunes voudront s\u2019installer, on pourra les orienter vers telle association fonci\u00e8re, avec tel espace de p\u00e2turage, pour telle p\u00e9riode&#8230;<\/i> projette Boris. <i>L\u00e0, actuellement, tu t\u2019installes avec un petit bout de terre, tu n\u2019es pas accompagn\u00e9, c\u2019est un peu la gu\u00e9guerre.<\/i><i>\u00a0<\/i>\u00bb<\/p>\n<\/p><\/div>\n","protected":false},"excerpt":{"rendered":"&laquo; En cinq ans seulement, j&rsquo;ai vu l&rsquo;herbe et la for&ecirc;t gagner en altitude&nbsp;&raquo;, constate Boris Emeriau, le regard inquiet. Berger depuis quinze ans, install&eacute; depuis cinq &agrave; Chamousse. Il garde depuis le &#8230;","protected":false},"author":1,"featured_media":36832,"comment_status":"open","ping_status":"open","sticky":false,"template":"","format":"standard","meta":{"footnotes":""},"categories":[3926,3925,333,20],"tags":[6121,4768,6026,4251,1477,4015,319,4261],"news-destination":[3944],"news-source":[475],"is_homepage":[],"ta_other":[],"class_list":["post-36831","post","type-post","status-publish","format-standard","has-post-thumbnail","hentry","category-accueil-merge","category-accueil-third","category-environnement","category-societe","tag-agropastoralisme","tag-alpes","tag-bergers","tag-brebis","tag-confederation-paysanne","tag-feux-de-foret","tag-incendie","tag-pastoralisme","news-destination-homepage","news-source-website"],"_links":{"self":[{"href":"https:\/\/euapp01.newsmemory.com\/lamarseillaise\/news\/wp-json\/wp\/v2\/posts\/36831","targetHints":{"allow":["GET"]}}],"collection":[{"href":"https:\/\/euapp01.newsmemory.com\/lamarseillaise\/news\/wp-json\/wp\/v2\/posts"}],"about":[{"href":"https:\/\/euapp01.newsmemory.com\/lamarseillaise\/news\/wp-json\/wp\/v2\/types\/post"}],"author":[{"embeddable":true,"href":"https:\/\/euapp01.newsmemory.com\/lamarseillaise\/news\/wp-json\/wp\/v2\/users\/1"}],"replies":[{"embeddable":true,"href":"https:\/\/euapp01.newsmemory.com\/lamarseillaise\/news\/wp-json\/wp\/v2\/comments?post=36831"}],"version-history":[{"count":1,"href":"https:\/\/euapp01.newsmemory.com\/lamarseillaise\/news\/wp-json\/wp\/v2\/posts\/36831\/revisions"}],"predecessor-version":[{"id":36833,"href":"https:\/\/euapp01.newsmemory.com\/lamarseillaise\/news\/wp-json\/wp\/v2\/posts\/36831\/revisions\/36833"}],"wp:featuredmedia":[{"embeddable":true,"href":"https:\/\/euapp01.newsmemory.com\/lamarseillaise\/news\/wp-json\/wp\/v2\/media\/36832"}],"wp:attachment":[{"href":"https:\/\/euapp01.newsmemory.com\/lamarseillaise\/news\/wp-json\/wp\/v2\/media?parent=36831"}],"wp:term":[{"taxonomy":"category","embeddable":true,"href":"https:\/\/euapp01.newsmemory.com\/lamarseillaise\/news\/wp-json\/wp\/v2\/categories?post=36831"},{"taxonomy":"post_tag","embeddable":true,"href":"https:\/\/euapp01.newsmemory.com\/lamarseillaise\/news\/wp-json\/wp\/v2\/tags?post=36831"},{"taxonomy":"news-destination","embeddable":true,"href":"https:\/\/euapp01.newsmemory.com\/lamarseillaise\/news\/wp-json\/wp\/v2\/news-destination?post=36831"},{"taxonomy":"news-source","embeddable":true,"href":"https:\/\/euapp01.newsmemory.com\/lamarseillaise\/news\/wp-json\/wp\/v2\/news-source?post=36831"},{"taxonomy":"is_homepage","embeddable":true,"href":"https:\/\/euapp01.newsmemory.com\/lamarseillaise\/news\/wp-json\/wp\/v2\/is_homepage?post=36831"},{"taxonomy":"ta_other","embeddable":true,"href":"https:\/\/euapp01.newsmemory.com\/lamarseillaise\/news\/wp-json\/wp\/v2\/ta_other?post=36831"}],"curies":[{"name":"wp","href":"https:\/\/api.w.org\/{rel}","templated":true}]}}